{"id":94,"date":"2023-05-06T13:13:09","date_gmt":"2023-05-06T11:13:09","guid":{"rendered":"https:\/\/kulturweit.blog\/verenariga\/?p=94"},"modified":"2023-05-18T23:21:29","modified_gmt":"2023-05-18T21:21:29","slug":"lettland-blueht-auf","status":"publish","type":"post","link":"https:\/\/kulturweit.blog\/verenariga\/2023\/05\/06\/lettland-blueht-auf\/","title":{"rendered":"Lettland bl\u00fcht auf"},"content":{"rendered":"<p>Die letzten Wochen waren wieder sehr ereignisreich. W\u00e4hrend und kurz nach Ostern war das Wetter in Riga richtig fr\u00fchlingshaft. Blumen werden in den Parks gepflanzt, die Bl\u00e4tter wachsen langsam an den B\u00e4umen und vieles f\u00e4ngt an zu bl\u00fchen. Mit dem Aufbl\u00fchen der Pflanzen bl\u00fchen auch die Menschen in Riga auf. Man sieht viel mehr Leute in der Stadt und in den Parks. So habe auch ich versucht, das Wetter auszunutzen.<\/p>\n<p><a href=\"https:\/\/kulturweit.blog\/verenariga\/files\/2023\/05\/20230420_145920.jpg\"><img loading=\"lazy\" decoding=\"async\" class=\"size-medium wp-image-101 alignleft\" src=\"https:\/\/kulturweit.blog\/verenariga\/files\/2023\/05\/20230420_145920-300x400.jpg\" alt=\"\" width=\"300\" height=\"400\" srcset=\"https:\/\/kulturweit.blog\/verenariga\/files\/2023\/05\/20230420_145920-300x400.jpg 300w, https:\/\/kulturweit.blog\/verenariga\/files\/2023\/05\/20230420_145920-1x1.jpg 1w, https:\/\/kulturweit.blog\/verenariga\/files\/2023\/05\/20230420_145920.jpg 768w\" sizes=\"(max-width: 300px) 100vw, 300px\" \/><\/a> <a href=\"https:\/\/kulturweit.blog\/verenariga\/files\/2023\/05\/20230412_170547.jpg\"><img loading=\"lazy\" decoding=\"async\" class=\"size-medium wp-image-99 alignleft\" src=\"https:\/\/kulturweit.blog\/verenariga\/files\/2023\/05\/20230412_170547-300x400.jpg\" alt=\"\" width=\"300\" height=\"400\" srcset=\"https:\/\/kulturweit.blog\/verenariga\/files\/2023\/05\/20230412_170547-300x400.jpg 300w, https:\/\/kulturweit.blog\/verenariga\/files\/2023\/05\/20230412_170547-1x1.jpg 1w, https:\/\/kulturweit.blog\/verenariga\/files\/2023\/05\/20230412_170547.jpg 768w\" sizes=\"(max-width: 300px) 100vw, 300px\" \/><\/a><\/p>\n<p><a href=\"https:\/\/kulturweit.blog\/verenariga\/files\/2023\/05\/20230412_171559.jpg\"><img loading=\"lazy\" decoding=\"async\" class=\"size-medium wp-image-100 alignnone\" src=\"https:\/\/kulturweit.blog\/verenariga\/files\/2023\/05\/20230412_171559-300x225.jpg\" alt=\"\" width=\"300\" height=\"225\" srcset=\"https:\/\/kulturweit.blog\/verenariga\/files\/2023\/05\/20230412_171559-300x225.jpg 300w, https:\/\/kulturweit.blog\/verenariga\/files\/2023\/05\/20230412_171559-768x576.jpg 768w, https:\/\/kulturweit.blog\/verenariga\/files\/2023\/05\/20230412_171559-1x1.jpg 1w, https:\/\/kulturweit.blog\/verenariga\/files\/2023\/05\/20230412_171559.jpg 1024w\" sizes=\"(max-width: 300px) 100vw, 300px\" \/><\/a><a href=\"https:\/\/kulturweit.blog\/verenariga\/files\/2023\/05\/20230503_111513.jpg\"><img loading=\"lazy\" decoding=\"async\" class=\"size-medium wp-image-114 alignleft\" src=\"https:\/\/kulturweit.blog\/verenariga\/files\/2023\/05\/20230503_111513-300x225.jpg\" alt=\"\" width=\"300\" height=\"225\" srcset=\"https:\/\/kulturweit.blog\/verenariga\/files\/2023\/05\/20230503_111513-300x225.jpg 300w, https:\/\/kulturweit.blog\/verenariga\/files\/2023\/05\/20230503_111513-768x576.jpg 768w, https:\/\/kulturweit.blog\/verenariga\/files\/2023\/05\/20230503_111513-1x1.jpg 1w, https:\/\/kulturweit.blog\/verenariga\/files\/2023\/05\/20230503_111513.jpg 1024w\" sizes=\"(max-width: 300px) 100vw, 300px\" \/><\/a><\/p>\n<p>Meine Mitbewohnerin Karla hat mich gefragt, ob ich zu einer Wanderung im Gauja Nationalpark von der Uni mitkommen m\u00f6chte. Es war sehr sch\u00f6n. So sind wir mit ein paar anderen Menschen durch den Nationalpark gewandert. Von der L\u00e4nge her war es perfekt und der Gro\u00dfteil der Strecke war zum Gl\u00fcck flach. Im Wald fingen ebenfalls die ersten Blumen an zu bl\u00fchen. Es war auch sch\u00f6n, endlich nochmal etwas Englisch zu reden, da ich bisher durch meine Arbeit fast die ganze Zeit nur Deutsch spreche.<\/p>\n<p><a href=\"https:\/\/kulturweit.blog\/verenariga\/files\/2023\/05\/20230415_140707.jpg\"><img loading=\"lazy\" decoding=\"async\" class=\"alignnone size-medium wp-image-98\" src=\"https:\/\/kulturweit.blog\/verenariga\/files\/2023\/05\/20230415_140707-300x225.jpg\" alt=\"\" width=\"300\" height=\"225\" srcset=\"https:\/\/kulturweit.blog\/verenariga\/files\/2023\/05\/20230415_140707-300x225.jpg 300w, https:\/\/kulturweit.blog\/verenariga\/files\/2023\/05\/20230415_140707-768x576.jpg 768w, https:\/\/kulturweit.blog\/verenariga\/files\/2023\/05\/20230415_140707-1x1.jpg 1w, https:\/\/kulturweit.blog\/verenariga\/files\/2023\/05\/20230415_140707.jpg 1024w\" sizes=\"(max-width: 300px) 100vw, 300px\" \/><\/a> <a href=\"https:\/\/kulturweit.blog\/verenariga\/files\/2023\/05\/20230415_134638.jpg\"><img loading=\"lazy\" decoding=\"async\" class=\"alignnone size-medium wp-image-97\" src=\"https:\/\/kulturweit.blog\/verenariga\/files\/2023\/05\/20230415_134638-300x225.jpg\" alt=\"\" width=\"300\" height=\"225\" srcset=\"https:\/\/kulturweit.blog\/verenariga\/files\/2023\/05\/20230415_134638-300x225.jpg 300w, https:\/\/kulturweit.blog\/verenariga\/files\/2023\/05\/20230415_134638-768x576.jpg 768w, https:\/\/kulturweit.blog\/verenariga\/files\/2023\/05\/20230415_134638-1x1.jpg 1w, https:\/\/kulturweit.blog\/verenariga\/files\/2023\/05\/20230415_134638.jpg 1024w\" sizes=\"(max-width: 300px) 100vw, 300px\" \/><\/a> <a href=\"https:\/\/kulturweit.blog\/verenariga\/files\/2023\/05\/20230415_120925.jpg\"><img loading=\"lazy\" decoding=\"async\" class=\"alignnone size-medium wp-image-96\" src=\"https:\/\/kulturweit.blog\/verenariga\/files\/2023\/05\/20230415_120925-300x225.jpg\" alt=\"\" width=\"300\" height=\"225\" srcset=\"https:\/\/kulturweit.blog\/verenariga\/files\/2023\/05\/20230415_120925-300x225.jpg 300w, https:\/\/kulturweit.blog\/verenariga\/files\/2023\/05\/20230415_120925-768x576.jpg 768w, https:\/\/kulturweit.blog\/verenariga\/files\/2023\/05\/20230415_120925-1x1.jpg 1w, https:\/\/kulturweit.blog\/verenariga\/files\/2023\/05\/20230415_120925.jpg 1024w\" sizes=\"(max-width: 300px) 100vw, 300px\" \/><\/a><\/p>\n<p>Abends war ich dann auf einer Pub Crawl, die vom ESN (European Student Network) organisiert wurde. Den ESN gibt es in vielen Universit\u00e4ten in Europa. Sie organisieren verschiedene Aktivit\u00e4ten f\u00fcr internationale Studierende. Bei der Pub Crawl waren auch Studierende aus den anderen baltischen Universit\u00e4ten mit dabei. Da wir so viele Leute waren, wurden wir in mehrere Gruppen aufgeteilt. In meiner Gruppe waren unter anderem franz\u00f6sische Erasmusstudierende aus Vilnius, Studierende aus Valmiera in Lettland, aber auch andere internationale Studierende aus Riga mit dabei. Kaum zu glauben, aber in meiner Gruppe war ich ausnahmsweise mal die einzige deutsche Person. Wenn man sonst auf auf solche Events geht oder allgemein durch Riga l\u00e4uft, merkt man, dass es ziemliche viele Deutsche in Riga gibt. Neben den Erasmusstudierenden gibt es auch viele Medizinstudierende, die ihr komplettes Studium im Riga machen. Die Pub Crawl endete f\u00fcr meine Gruppe in der Fox Karaoke Bar, wo wir mit Mamma Mia von ABBA und Just the way you are von Bruno Mars die ohnehin schon gute Stimmung am Leben gehalten haben. Danach ging es noch zu einer Erasmusparty im Maze Club.<\/p>\n<p>Am Wochenende darauf durfte ich am Wirtschaftskurs des Deutsch-Baltischen Jugendwerks zum Thema \u201eDer Weltraum ist nicht nur f\u00fcr Astronauten\u201c teilnehmen. Hier waren Leute aus Deutschland, Lettland und sogar jemand aus Estland anwesend. Es gab mehrere spannende Vortr\u00e4ge und Diskussionen zur Weltraumforschung, der Weltraumpolitik und der Bedeutung der Weltraumindustrie f\u00fcr uns pers\u00f6nlich. Manchmal vergisst man, dass wir allt\u00e4gliche Dinge wie die Nutzung von GPS oder Wettervorhersagen der Weltraumindustrie zu verdanken haben. Das Highlight war ein Tagesausflug nach Ventspils. Hier haben wir einmal das Wissenschaftszentrum VIZIUM besucht, wo es eine interaktive Ausstellung gab. \u00a0Man kann dort beispielsweise eine Virtual Reality Achterbahnfahrt machen, sich selbst auf einem Stuhl mithilfe eines Flaschenzugs hochziehen oder ein Geographiequizz machen. Danach ging es zum Ventspils International Radio Astronomy Centre. W\u00e4hrend der Ort fr\u00fcher von der Sowjetunion zur Spionage genutzt wurde, dienen die beiden gro\u00dfen Antennen heute wissenschaftlichen Zwecken. Da einige Leute aus dem Kurs erst Sonntagabend in Riga abgereist sind und wir schon mittags mit dem Kurs fertig waren, haben wir noch etwas Riga besichtigt und das sch\u00f6ne Wetter genossen. Immerhin waren es um die 20 Grad.<\/p>\n<p><a href=\"https:\/\/kulturweit.blog\/verenariga\/files\/2023\/05\/20230422_161859.jpg\"><img loading=\"lazy\" decoding=\"async\" class=\"alignnone size-medium wp-image-111\" src=\"https:\/\/kulturweit.blog\/verenariga\/files\/2023\/05\/20230422_161859-300x400.jpg\" alt=\"\" width=\"300\" height=\"400\" srcset=\"https:\/\/kulturweit.blog\/verenariga\/files\/2023\/05\/20230422_161859-300x400.jpg 300w, https:\/\/kulturweit.blog\/verenariga\/files\/2023\/05\/20230422_161859-1x1.jpg 1w, https:\/\/kulturweit.blog\/verenariga\/files\/2023\/05\/20230422_161859.jpg 768w\" sizes=\"(max-width: 300px) 100vw, 300px\" \/><\/a><a href=\"https:\/\/kulturweit.blog\/verenariga\/files\/2023\/05\/20230422_173540.jpg\"><img loading=\"lazy\" decoding=\"async\" class=\"alignnone size-medium wp-image-112\" src=\"https:\/\/kulturweit.blog\/verenariga\/files\/2023\/05\/20230422_173540-300x400.jpg\" alt=\"\" width=\"300\" height=\"400\" srcset=\"https:\/\/kulturweit.blog\/verenariga\/files\/2023\/05\/20230422_173540-300x400.jpg 300w, https:\/\/kulturweit.blog\/verenariga\/files\/2023\/05\/20230422_173540-1x1.jpg 1w, https:\/\/kulturweit.blog\/verenariga\/files\/2023\/05\/20230422_173540.jpg 768w\" sizes=\"(max-width: 300px) 100vw, 300px\" \/><\/a> <a href=\"https:\/\/kulturweit.blog\/verenariga\/files\/2023\/05\/20230422_112837.jpg\"><img loading=\"lazy\" decoding=\"async\" class=\"alignnone size-medium wp-image-103\" src=\"https:\/\/kulturweit.blog\/verenariga\/files\/2023\/05\/20230422_112837-300x225.jpg\" alt=\"\" width=\"300\" height=\"225\" srcset=\"https:\/\/kulturweit.blog\/verenariga\/files\/2023\/05\/20230422_112837-300x225.jpg 300w, https:\/\/kulturweit.blog\/verenariga\/files\/2023\/05\/20230422_112837-768x576.jpg 768w, https:\/\/kulturweit.blog\/verenariga\/files\/2023\/05\/20230422_112837-1x1.jpg 1w, https:\/\/kulturweit.blog\/verenariga\/files\/2023\/05\/20230422_112837.jpg 1024w\" sizes=\"(max-width: 300px) 100vw, 300px\" \/><\/a> <a href=\"https:\/\/kulturweit.blog\/verenariga\/files\/2023\/05\/20230422_160741.jpg\"><img loading=\"lazy\" decoding=\"async\" class=\"alignnone size-medium wp-image-109\" src=\"https:\/\/kulturweit.blog\/verenariga\/files\/2023\/05\/20230422_160741-300x225.jpg\" alt=\"\" width=\"300\" height=\"225\" srcset=\"https:\/\/kulturweit.blog\/verenariga\/files\/2023\/05\/20230422_160741-300x225.jpg 300w, https:\/\/kulturweit.blog\/verenariga\/files\/2023\/05\/20230422_160741-768x576.jpg 768w, https:\/\/kulturweit.blog\/verenariga\/files\/2023\/05\/20230422_160741-1x1.jpg 1w, https:\/\/kulturweit.blog\/verenariga\/files\/2023\/05\/20230422_160741.jpg 1024w\" sizes=\"(max-width: 300px) 100vw, 300px\" \/><\/a> <a href=\"https:\/\/kulturweit.blog\/verenariga\/files\/2023\/05\/20230422_155849.jpg\"><img loading=\"lazy\" decoding=\"async\" class=\"alignnone size-medium wp-image-108\" src=\"https:\/\/kulturweit.blog\/verenariga\/files\/2023\/05\/20230422_155849-300x225.jpg\" alt=\"\" width=\"300\" height=\"225\" srcset=\"https:\/\/kulturweit.blog\/verenariga\/files\/2023\/05\/20230422_155849-300x225.jpg 300w, https:\/\/kulturweit.blog\/verenariga\/files\/2023\/05\/20230422_155849-768x576.jpg 768w, https:\/\/kulturweit.blog\/verenariga\/files\/2023\/05\/20230422_155849-1x1.jpg 1w, https:\/\/kulturweit.blog\/verenariga\/files\/2023\/05\/20230422_155849.jpg 1024w\" sizes=\"(max-width: 300px) 100vw, 300px\" \/><\/a> <a href=\"https:\/\/kulturweit.blog\/verenariga\/files\/2023\/05\/20230422_155136.jpg\"><img loading=\"lazy\" decoding=\"async\" class=\"alignnone size-medium wp-image-107\" src=\"https:\/\/kulturweit.blog\/verenariga\/files\/2023\/05\/20230422_155136-300x225.jpg\" alt=\"\" width=\"300\" height=\"225\" srcset=\"https:\/\/kulturweit.blog\/verenariga\/files\/2023\/05\/20230422_155136-300x225.jpg 300w, https:\/\/kulturweit.blog\/verenariga\/files\/2023\/05\/20230422_155136-768x576.jpg 768w, https:\/\/kulturweit.blog\/verenariga\/files\/2023\/05\/20230422_155136-1x1.jpg 1w, https:\/\/kulturweit.blog\/verenariga\/files\/2023\/05\/20230422_155136.jpg 1024w\" sizes=\"(max-width: 300px) 100vw, 300px\" \/><\/a><\/p>\n<p>Was die Arbeit angeht, waren wir vom DAAD Ende April beim Landesfinale von Jugend debattiert in Mittel- Ost- und S\u00fcdosteuropa in der deutschen Botschaft eingeladen. Vier lettische Sch\u00fclerinnen und Sch\u00fcler haben hier auf Deutsch \u00fcber das Thema debattiert, ob man \u00e4hnlich wie bei Zigaretten Schockfotos auf Fleischverpackungen drucken sollte. Die beiden Gewinner d\u00fcrfen beim internationalen Finale teilnehmen, welches in einem der Teilnahmel\u00e4nder stattfindet. Es war schon erstaunlich zu sehen, wie gut diese jungen Menschen Deutsch sprechen k\u00f6nnen.<\/p>\n<p>&nbsp;<\/p>\n","protected":false},"excerpt":{"rendered":"<p>Die letzten Wochen waren wieder sehr ereignisreich. W\u00e4hrend und kurz nach Ostern war das Wetter in Riga richtig fr\u00fchlingshaft. Blumen werden in den Parks gepflanzt, die Bl\u00e4tter wachsen langsam an den B\u00e4umen und vieles f\u00e4ngt an zu bl\u00fchen. Mit dem Aufbl\u00fchen der Pflanzen bl\u00fchen auch die Menschen in Riga auf. Man sieht viel mehr Leute [&hellip;]<\/p>\n","protected":false},"author":3150,"featured_media":113,"comment_status":"open","ping_status":"open","sticky":false,"template":"","format":"standard","meta":{"footnotes":""},"categories":[1,15,7],"tags":[],"class_list":["post-94","post","type-post","status-publish","format-standard","has-post-thumbnail","hentry","category-allgemein","category-ausflug","category-daad"],"amp_enabled":true,"_links":{"self":[{"href":"https:\/\/kulturweit.blog\/verenariga\/wp-json\/wp\/v2\/posts\/94"}],"collection":[{"href":"https:\/\/kulturweit.blog\/verenariga\/wp-json\/wp\/v2\/posts"}],"about":[{"href":"https:\/\/kulturweit.blog\/verenariga\/wp-json\/wp\/v2\/types\/post"}],"author":[{"embeddable":true,"href":"https:\/\/kulturweit.blog\/verenariga\/wp-json\/wp\/v2\/users\/3150"}],"replies":[{"embeddable":true,"href":"https:\/\/kulturweit.blog\/verenariga\/wp-json\/wp\/v2\/comments?post=94"}],"version-history":[{"count":3,"href":"https:\/\/kulturweit.blog\/verenariga\/wp-json\/wp\/v2\/posts\/94\/revisions"}],"predecessor-version":[{"id":150,"href":"https:\/\/kulturweit.blog\/verenariga\/wp-json\/wp\/v2\/posts\/94\/revisions\/150"}],"wp:featuredmedia":[{"embeddable":true,"href":"https:\/\/kulturweit.blog\/verenariga\/wp-json\/wp\/v2\/media\/113"}],"wp:attachment":[{"href":"https:\/\/kulturweit.blog\/verenariga\/wp-json\/wp\/v2\/media?parent=94"}],"wp:term":[{"taxonomy":"category","embeddable":true,"href":"https:\/\/kulturweit.blog\/verenariga\/wp-json\/wp\/v2\/categories?post=94"},{"taxonomy":"post_tag","embeddable":true,"href":"https:\/\/kulturweit.blog\/verenariga\/wp-json\/wp\/v2\/tags?post=94"}],"curies":[{"name":"wp","href":"https:\/\/api.w.org\/{rel}","templated":true}]}}