{"id":57,"date":"2023-04-27T17:35:05","date_gmt":"2023-04-27T15:35:05","guid":{"rendered":"https:\/\/kulturweit.blog\/verenariga\/?p=57"},"modified":"2023-05-19T15:49:24","modified_gmt":"2023-05-19T13:49:24","slug":"tallinn-und-helsinki","status":"publish","type":"post","link":"https:\/\/kulturweit.blog\/verenariga\/2023\/04\/27\/tallinn-und-helsinki\/","title":{"rendered":"Tallinn und Helsinki"},"content":{"rendered":"<p>\u00dcber das Osterwochenende ging es f\u00fcr mich weiter in den Norden nach Estland und Finnland. Anlass war eine Karrieremesse an einem deutschen Gymnasium in Tallinn am Gr\u00fcndonnerstag, zu der ich mitkommen durfte. Ich muss schon sagen, die Schule hat sich sehen lassen. Mit wurde sogar gesagt, dass es eine Sauna beim Schwimmbad gibt. Da merkt man doch die nordische Kultur in Estland.<\/p>\n<p>Weil ich das Osterwochenende vier Tage frei hatte, habe ich mir gedacht, dass ich das auch direkt mit einem Kurztrip verbinden kann. So habe ich mir ein Hostelbett in Tallinn f\u00fcr drei N\u00e4chte gebucht. Tallinn ist mit der F\u00e4hre nur zwei Stunden von Helsinki entfernt, weswegen ich dorthin auch einen Tagesabstecher gemacht habe. Freitag klingelte dann mein Wecker schon um 5 Uhr, da ich meine F\u00e4hre um 6:30 nach Helsinki bekommen musste. M\u00f6glichst leise habe ich versucht, meine Sachen zu nehmen und mich fertig zu machen. Anschlie\u00dfend habe ich mich zu Fu\u00df auf dem Weg zum Hafen gemacht. Es war schon d\u00e4mmrig und es war echt angenehm, die Stadt so fr\u00fch zu erleben, als alles noch ruhig und verschlafen war. \u00a0Auch der Hafen war bei der D\u00e4mmerung wundersch\u00f6n.<\/p>\n<p><a href=\"https:\/\/kulturweit.blog\/verenariga\/files\/2023\/04\/20230407_060431.jpg\"><img loading=\"lazy\" decoding=\"async\" class=\"size-medium wp-image-58 alignleft\" src=\"https:\/\/kulturweit.blog\/verenariga\/files\/2023\/04\/20230407_060431-300x225.jpg\" alt=\"\" width=\"300\" height=\"225\" srcset=\"https:\/\/kulturweit.blog\/verenariga\/files\/2023\/04\/20230407_060431-300x225.jpg 300w, https:\/\/kulturweit.blog\/verenariga\/files\/2023\/04\/20230407_060431-768x576.jpg 768w, https:\/\/kulturweit.blog\/verenariga\/files\/2023\/04\/20230407_060431-1x1.jpg 1w, https:\/\/kulturweit.blog\/verenariga\/files\/2023\/04\/20230407_060431.jpg 1024w\" sizes=\"(max-width: 300px) 100vw, 300px\" \/><\/a><\/p>\n<p>&nbsp;<\/p>\n<p>&nbsp;<\/p>\n<p>&nbsp;<\/p>\n<p>&nbsp;<\/p>\n<p>&nbsp;<\/p>\n<p>&nbsp;<\/p>\n<p>Ich hatte mich auch schon sehr auf den Sonnenaufgang auf der F\u00e4hre gefreut. Ich ging in das Terminal hinein und h\u00f6rte die Durchsage, dass das Boarding f\u00fcr meine F\u00e4hre nun geschlossen sei. Ein bisschen verwirrt ging ich zum Selbst-Check in Schalter. Hat nicht funktioniert. Mir war bis zu diesem Zeitpunkt gar nicht bewusst, dass man bei einer F\u00e4hre \u00fcberhaupt ein Check-in machen muss. Bisher habe ich nur kleine F\u00e4hrfahrten bzw. eine F\u00e4hrfahrt mit einem Reisebus gemacht und bin davon ausgegangen, dass es \u00e4hnlich wie bei Bus- und Zugfahrten und weniger wie am Flughafen abl\u00e4uft. Schlie\u00dflich hatte ich doch schon einen QR-Code. Ich ging also zu den Schaltern f\u00fcr die 6:30 Uhr F\u00e4hre. Geschlossen. Na gut, dann eben der Schalter daneben f\u00fcr die F\u00e4hre um 7:30 Uhr. Ich sagte, dass ich gerne das Check-in f\u00fcr meine F\u00e4hre machen w\u00fcrde. \u201eBoarding is already closed\u201c. Ich hatte mich also nicht verh\u00f6rt. Nat\u00fcrlich habe ich nicht das Kleingedruckte auf meinem Ticket gelesen, wo draufstand, dass man bis sp\u00e4testens 30 Minuten vor Abfahrt sein Check-in machen sollte und dass das Boarding 20 Minuten vorher schlie\u00dft. Ich dachte vorher noch, dass ich doch sehr gut in der Zeit bin, wenn ich 15-20 Minuten vor Abfahrt am Hafen bin. Falsch gedacht. Ich hatte also meine F\u00e4hre verpasst, f\u00fcr die ich extra so fr\u00fch aufgestanden bin. Zum Gl\u00fcck war die Frau am Schalter nett und hat mein Ticket f\u00fcr ein paar Euro extra auf die F\u00e4hre auf 7:30 Uhr umgebucht. Ich hatte echt Gl\u00fcck, denn im Nachhinein habe ich im Kleingedruckten auch gelesen, dass man sein Ticket eigentlich nicht mehr bei weniger als 45 Minuten vor Abfahrt umbuchen kann.<\/p>\n<p>Die F\u00e4hrfahrt verlief ganz entspannt. Die F\u00e4hre war schon sehr cool. Es gab verschiedene Sitzbereiche, einen Duty-Free Shop, Videospiele und Essenm\u00f6glichkeiten. So sind die zwei Stunden mit bummeln, essen, der Aussicht auf das Meer schnell vergangen. In Helsinki angekommen, habe ich mich zu Fu\u00df in das Stadtzentrum aufgemacht und die Stadt mit dem Hafen, dem botanischen Garten, einem sch\u00f6nen Bahnhof und mehreren Kirchen erkundet.\u00a0 Das Wetter war sch\u00f6n sonnig, aber es lag noch etwas Schnee in einigen Ecken. Abends bin ich dann wieder zur\u00fcck mit der F\u00e4hre nach Tallinn gefahren. Diesmal habe ich sogar den Sonnenuntergang miterlebt.<\/p>\n<p><a href=\"https:\/\/kulturweit.blog\/verenariga\/files\/2023\/04\/20230407_133540.jpg\"><img loading=\"lazy\" decoding=\"async\" class=\"size-medium wp-image-64 alignleft\" src=\"https:\/\/kulturweit.blog\/verenariga\/files\/2023\/04\/20230407_133540-300x225.jpg\" alt=\"\" width=\"300\" height=\"225\" srcset=\"https:\/\/kulturweit.blog\/verenariga\/files\/2023\/04\/20230407_133540-300x225.jpg 300w, https:\/\/kulturweit.blog\/verenariga\/files\/2023\/04\/20230407_133540-768x576.jpg 768w, https:\/\/kulturweit.blog\/verenariga\/files\/2023\/04\/20230407_133540-1x1.jpg 1w, https:\/\/kulturweit.blog\/verenariga\/files\/2023\/04\/20230407_133540.jpg 1024w\" sizes=\"(max-width: 300px) 100vw, 300px\" \/><\/a> <a href=\"https:\/\/kulturweit.blog\/verenariga\/files\/2023\/04\/20230407_123053.jpg\"><img loading=\"lazy\" decoding=\"async\" class=\"size-medium wp-image-63 alignleft\" src=\"https:\/\/kulturweit.blog\/verenariga\/files\/2023\/04\/20230407_123053-300x225.jpg\" alt=\"\" width=\"300\" height=\"225\" srcset=\"https:\/\/kulturweit.blog\/verenariga\/files\/2023\/04\/20230407_123053-300x225.jpg 300w, https:\/\/kulturweit.blog\/verenariga\/files\/2023\/04\/20230407_123053-768x576.jpg 768w, https:\/\/kulturweit.blog\/verenariga\/files\/2023\/04\/20230407_123053-1x1.jpg 1w, https:\/\/kulturweit.blog\/verenariga\/files\/2023\/04\/20230407_123053.jpg 1024w\" sizes=\"(max-width: 300px) 100vw, 300px\" \/><\/a> <a href=\"https:\/\/kulturweit.blog\/verenariga\/files\/2023\/04\/20230407_140336.jpg\"><img loading=\"lazy\" decoding=\"async\" class=\"size-medium wp-image-65 alignleft\" src=\"https:\/\/kulturweit.blog\/verenariga\/files\/2023\/04\/20230407_140336-300x225.jpg\" alt=\"\" width=\"300\" height=\"225\" srcset=\"https:\/\/kulturweit.blog\/verenariga\/files\/2023\/04\/20230407_140336-300x225.jpg 300w, https:\/\/kulturweit.blog\/verenariga\/files\/2023\/04\/20230407_140336-768x576.jpg 768w, https:\/\/kulturweit.blog\/verenariga\/files\/2023\/04\/20230407_140336-1x1.jpg 1w, https:\/\/kulturweit.blog\/verenariga\/files\/2023\/04\/20230407_140336.jpg 1024w\" sizes=\"(max-width: 300px) 100vw, 300px\" \/><\/a> <a href=\"https:\/\/kulturweit.blog\/verenariga\/files\/2023\/04\/20230407_115021.jpg\"><img loading=\"lazy\" decoding=\"async\" class=\"size-medium wp-image-62 alignleft\" src=\"https:\/\/kulturweit.blog\/verenariga\/files\/2023\/04\/20230407_115021-300x225.jpg\" alt=\"\" width=\"300\" height=\"225\" srcset=\"https:\/\/kulturweit.blog\/verenariga\/files\/2023\/04\/20230407_115021-300x225.jpg 300w, https:\/\/kulturweit.blog\/verenariga\/files\/2023\/04\/20230407_115021-768x576.jpg 768w, https:\/\/kulturweit.blog\/verenariga\/files\/2023\/04\/20230407_115021-1x1.jpg 1w, https:\/\/kulturweit.blog\/verenariga\/files\/2023\/04\/20230407_115021.jpg 1024w\" sizes=\"(max-width: 300px) 100vw, 300px\" \/><\/a> <a href=\"https:\/\/kulturweit.blog\/verenariga\/files\/2023\/04\/20230407_104316.jpg\"><img loading=\"lazy\" decoding=\"async\" class=\"size-medium wp-image-60 alignleft\" src=\"https:\/\/kulturweit.blog\/verenariga\/files\/2023\/04\/20230407_104316-300x225.jpg\" alt=\"\" width=\"300\" height=\"225\" srcset=\"https:\/\/kulturweit.blog\/verenariga\/files\/2023\/04\/20230407_104316-300x225.jpg 300w, https:\/\/kulturweit.blog\/verenariga\/files\/2023\/04\/20230407_104316-768x576.jpg 768w, https:\/\/kulturweit.blog\/verenariga\/files\/2023\/04\/20230407_104316-1x1.jpg 1w, https:\/\/kulturweit.blog\/verenariga\/files\/2023\/04\/20230407_104316.jpg 1024w\" sizes=\"(max-width: 300px) 100vw, 300px\" \/><\/a> <a href=\"https:\/\/kulturweit.blog\/verenariga\/files\/2023\/04\/20230407_113018.jpg\"><img loading=\"lazy\" decoding=\"async\" class=\"size-medium wp-image-61 alignleft\" src=\"https:\/\/kulturweit.blog\/verenariga\/files\/2023\/04\/20230407_113018-300x225.jpg\" alt=\"\" width=\"300\" height=\"225\" srcset=\"https:\/\/kulturweit.blog\/verenariga\/files\/2023\/04\/20230407_113018-300x225.jpg 300w, https:\/\/kulturweit.blog\/verenariga\/files\/2023\/04\/20230407_113018-768x576.jpg 768w, https:\/\/kulturweit.blog\/verenariga\/files\/2023\/04\/20230407_113018-1x1.jpg 1w, https:\/\/kulturweit.blog\/verenariga\/files\/2023\/04\/20230407_113018.jpg 1024w\" sizes=\"(max-width: 300px) 100vw, 300px\" \/><\/a><\/p>\n<p>&nbsp;<\/p>\n<p>&nbsp;<\/p>\n<p>&nbsp;<\/p>\n<p>&nbsp;<\/p>\n<p>&nbsp;<\/p>\n<p>&nbsp;<\/p>\n<p>&nbsp;<\/p>\n<p>&nbsp;<\/p>\n<p>&nbsp;<\/p>\n<p>&nbsp;<\/p>\n<p>&nbsp;<\/p>\n<p>&nbsp;<\/p>\n<p>&nbsp;<\/p>\n<p>&nbsp;<\/p>\n<p>&nbsp;<\/p>\n<p>&nbsp;<\/p>\n<p>Samstag habe ich dann richtig Tallinn erkundet. Erstmal war ich bei Lido brunchen. Lido ist eine lettische Restaurantkette, die es eigentliche haupts\u00e4chlich in Riga gibt. Es ist ein relativ g\u00fcnstiges Restaurant und erinnert mich ein bisschen an eine Mensa, weil man sich an einem Buffet verschiedene Sachen zum Essen aussuchen kann. Danach gest\u00e4rkt habe ich mir die Stadt angeschaut. Tallinn ist eine echt sch\u00f6ne Stadt. Ich muss sagen, ich finde sie auch sch\u00f6ner als Helsinki, weil sie noch eine gut erhaltende Altstadt hat, die seit 1997 sogar zum UNESCO Weltkulturerbe z\u00e4hlt. Neben der Altstadt mit der Stadtmauer, den sch\u00f6nen Kirchen, Pl\u00e4tzen, dem Parlament und anderen tollen Geb\u00e4uden, hat Tallinn auch moderne und k\u00fcnstlerische Viertel. So habe ich mir Sonntagmittag das Viertel \u00a0Telliskivi Loomelinnak angeschaut. In einer alten Industrieanlage finden sich kleine Gesch\u00e4fte, Unternehmen, Restaurants und Street Art. Nachmittags ging es f\u00fcr mich dann wieder mit dem Bus zur\u00fcck nach Riga.<\/p>\n<p style=\"text-align: center\"><a href=\"https:\/\/kulturweit.blog\/verenariga\/files\/2023\/04\/20230409_110231.jpg\"><img loading=\"lazy\" decoding=\"async\" class=\"size-medium wp-image-80 alignleft\" src=\"https:\/\/kulturweit.blog\/verenariga\/files\/2023\/04\/20230409_110231-300x225.jpg\" alt=\"\" width=\"300\" height=\"225\" srcset=\"https:\/\/kulturweit.blog\/verenariga\/files\/2023\/04\/20230409_110231-300x225.jpg 300w, https:\/\/kulturweit.blog\/verenariga\/files\/2023\/04\/20230409_110231-768x576.jpg 768w, https:\/\/kulturweit.blog\/verenariga\/files\/2023\/04\/20230409_110231-1x1.jpg 1w, https:\/\/kulturweit.blog\/verenariga\/files\/2023\/04\/20230409_110231.jpg 1024w\" sizes=\"(max-width: 300px) 100vw, 300px\" \/><\/a> <a href=\"https:\/\/kulturweit.blog\/verenariga\/files\/2023\/04\/20230409_114102.jpg\"><img loading=\"lazy\" decoding=\"async\" class=\"size-medium wp-image-79 alignleft\" src=\"https:\/\/kulturweit.blog\/verenariga\/files\/2023\/04\/20230409_114102-300x225.jpg\" alt=\"\" width=\"300\" height=\"225\" srcset=\"https:\/\/kulturweit.blog\/verenariga\/files\/2023\/04\/20230409_114102-300x225.jpg 300w, https:\/\/kulturweit.blog\/verenariga\/files\/2023\/04\/20230409_114102-768x576.jpg 768w, https:\/\/kulturweit.blog\/verenariga\/files\/2023\/04\/20230409_114102-1x1.jpg 1w, https:\/\/kulturweit.blog\/verenariga\/files\/2023\/04\/20230409_114102.jpg 1024w\" sizes=\"(max-width: 300px) 100vw, 300px\" \/><\/a> <a href=\"https:\/\/kulturweit.blog\/verenariga\/files\/2023\/04\/20230409_113626.jpg\"><img loading=\"lazy\" decoding=\"async\" class=\"size-medium wp-image-78 alignleft\" src=\"https:\/\/kulturweit.blog\/verenariga\/files\/2023\/04\/20230409_113626-300x225.jpg\" alt=\"\" width=\"300\" height=\"225\" srcset=\"https:\/\/kulturweit.blog\/verenariga\/files\/2023\/04\/20230409_113626-300x225.jpg 300w, https:\/\/kulturweit.blog\/verenariga\/files\/2023\/04\/20230409_113626-768x576.jpg 768w, https:\/\/kulturweit.blog\/verenariga\/files\/2023\/04\/20230409_113626-1x1.jpg 1w, https:\/\/kulturweit.blog\/verenariga\/files\/2023\/04\/20230409_113626.jpg 1024w\" sizes=\"(max-width: 300px) 100vw, 300px\" \/><\/a> <a href=\"https:\/\/kulturweit.blog\/verenariga\/files\/2023\/04\/20230408_134933.jpg\"><img loading=\"lazy\" decoding=\"async\" class=\"size-medium wp-image-71 alignleft\" src=\"https:\/\/kulturweit.blog\/verenariga\/files\/2023\/04\/20230408_134933-300x225.jpg\" alt=\"\" width=\"300\" height=\"225\" srcset=\"https:\/\/kulturweit.blog\/verenariga\/files\/2023\/04\/20230408_134933-300x225.jpg 300w, https:\/\/kulturweit.blog\/verenariga\/files\/2023\/04\/20230408_134933-768x576.jpg 768w, https:\/\/kulturweit.blog\/verenariga\/files\/2023\/04\/20230408_134933-1x1.jpg 1w, https:\/\/kulturweit.blog\/verenariga\/files\/2023\/04\/20230408_134933.jpg 1024w\" sizes=\"(max-width: 300px) 100vw, 300px\" \/><\/a> <a href=\"https:\/\/kulturweit.blog\/verenariga\/files\/2023\/04\/20230408_130149.jpg\"><img loading=\"lazy\" decoding=\"async\" class=\"size-medium wp-image-70 alignleft\" src=\"https:\/\/kulturweit.blog\/verenariga\/files\/2023\/04\/20230408_130149-300x225.jpg\" alt=\"\" width=\"300\" height=\"225\" srcset=\"https:\/\/kulturweit.blog\/verenariga\/files\/2023\/04\/20230408_130149-300x225.jpg 300w, https:\/\/kulturweit.blog\/verenariga\/files\/2023\/04\/20230408_130149-768x576.jpg 768w, https:\/\/kulturweit.blog\/verenariga\/files\/2023\/04\/20230408_130149-1x1.jpg 1w, https:\/\/kulturweit.blog\/verenariga\/files\/2023\/04\/20230408_130149.jpg 1024w\" sizes=\"(max-width: 300px) 100vw, 300px\" \/><\/a> <a href=\"https:\/\/kulturweit.blog\/verenariga\/files\/2023\/04\/20230408_101736.jpg\"><img loading=\"lazy\" decoding=\"async\" class=\"size-medium wp-image-68 alignleft\" src=\"https:\/\/kulturweit.blog\/verenariga\/files\/2023\/04\/20230408_101736-300x225.jpg\" alt=\"\" width=\"300\" height=\"225\" srcset=\"https:\/\/kulturweit.blog\/verenariga\/files\/2023\/04\/20230408_101736-300x225.jpg 300w, https:\/\/kulturweit.blog\/verenariga\/files\/2023\/04\/20230408_101736-768x576.jpg 768w, https:\/\/kulturweit.blog\/verenariga\/files\/2023\/04\/20230408_101736-1x1.jpg 1w, https:\/\/kulturweit.blog\/verenariga\/files\/2023\/04\/20230408_101736.jpg 1024w\" sizes=\"(max-width: 300px) 100vw, 300px\" \/><\/a><\/p>\n<p>&nbsp;<\/p>\n","protected":false},"excerpt":{"rendered":"<p>\u00dcber das Osterwochenende ging es f\u00fcr mich weiter in den Norden nach Estland und Finnland. Anlass war eine Karrieremesse an einem deutschen Gymnasium in Tallinn am Gr\u00fcndonnerstag, zu der ich mitkommen durfte. Ich muss schon sagen, die Schule hat sich sehen lassen. Mit wurde sogar gesagt, dass es eine Sauna beim Schwimmbad gibt. Da merkt [&hellip;]<\/p>\n","protected":false},"author":3150,"featured_media":67,"comment_status":"open","ping_status":"open","sticky":false,"template":"","format":"standard","meta":{"footnotes":""},"categories":[1],"tags":[54,53,52],"class_list":["post-57","post","type-post","status-publish","format-standard","has-post-thumbnail","hentry","category-allgemein","tag-faehre","tag-helsinki","tag-tallinn"],"amp_enabled":true,"_links":{"self":[{"href":"https:\/\/kulturweit.blog\/verenariga\/wp-json\/wp\/v2\/posts\/57"}],"collection":[{"href":"https:\/\/kulturweit.blog\/verenariga\/wp-json\/wp\/v2\/posts"}],"about":[{"href":"https:\/\/kulturweit.blog\/verenariga\/wp-json\/wp\/v2\/types\/post"}],"author":[{"embeddable":true,"href":"https:\/\/kulturweit.blog\/verenariga\/wp-json\/wp\/v2\/users\/3150"}],"replies":[{"embeddable":true,"href":"https:\/\/kulturweit.blog\/verenariga\/wp-json\/wp\/v2\/comments?post=57"}],"version-history":[{"count":3,"href":"https:\/\/kulturweit.blog\/verenariga\/wp-json\/wp\/v2\/posts\/57\/revisions"}],"predecessor-version":[{"id":152,"href":"https:\/\/kulturweit.blog\/verenariga\/wp-json\/wp\/v2\/posts\/57\/revisions\/152"}],"wp:featuredmedia":[{"embeddable":true,"href":"https:\/\/kulturweit.blog\/verenariga\/wp-json\/wp\/v2\/media\/67"}],"wp:attachment":[{"href":"https:\/\/kulturweit.blog\/verenariga\/wp-json\/wp\/v2\/media?parent=57"}],"wp:term":[{"taxonomy":"category","embeddable":true,"href":"https:\/\/kulturweit.blog\/verenariga\/wp-json\/wp\/v2\/categories?post=57"},{"taxonomy":"post_tag","embeddable":true,"href":"https:\/\/kulturweit.blog\/verenariga\/wp-json\/wp\/v2\/tags?post=57"}],"curies":[{"name":"wp","href":"https:\/\/api.w.org\/{rel}","templated":true}]}}