{"id":153,"date":"2023-06-24T16:00:16","date_gmt":"2023-06-24T14:00:16","guid":{"rendered":"https:\/\/kulturweit.blog\/verenariga\/?p=153"},"modified":"2023-06-24T16:00:16","modified_gmt":"2023-06-24T14:00:16","slug":"sonne-festivals-konzerte-und-zwischenseminar","status":"publish","type":"post","link":"https:\/\/kulturweit.blog\/verenariga\/2023\/06\/24\/sonne-festivals-konzerte-und-zwischenseminar\/","title":{"rendered":"Sonne, Festivals, Konzerte und Zwischenseminar"},"content":{"rendered":"<p>Auch die letzten beiden Monate waren voll mit Programm. Deshalb wird der Eintrag etwas l\u00e4nger, auch wenn ich versuche, mich kurzzufassen:<\/p>\n<p>Neben dem ersten Mai ist auch der 4. Mai in Lettland ein Feiertag, weil die lettische Bev\u00f6lkerung die Wiedererlangung der Unabh\u00e4ngigkeit feiert. Es fand eine kleine Parade statt, in der Menschen in lettischen Trachten der verschiedenen Regionen gekleidet zum Freiheitsmonument gegangen sind und Blumen davor abgelegt haben. Allgemein sind viele Lettinnen und Letten an dem Tag mit Blumen in der Hand herumgelaufen und haben diese vor dem Freiheitsmonument abgelegt. Singen, Tanzen und Blumen haben in Lettland eine gro\u00dfe Tradition. Neben dem Gesang w\u00e4hrend der Parade fanden auch mehrere Livekonzerte in Riga statt.<\/p>\n<div id=\"attachment_155\" style=\"width: 310px\" class=\"wp-caption alignnone\"><a href=\"https:\/\/kulturweit.blog\/verenariga\/files\/2023\/06\/20230505_122509.jpg\"><img loading=\"lazy\" decoding=\"async\" aria-describedby=\"caption-attachment-155\" class=\"wp-image-155 size-medium\" src=\"https:\/\/kulturweit.blog\/verenariga\/files\/2023\/06\/20230505_122509-300x400.jpg\" alt=\"\" width=\"300\" height=\"400\" srcset=\"https:\/\/kulturweit.blog\/verenariga\/files\/2023\/06\/20230505_122509-300x400.jpg 300w, https:\/\/kulturweit.blog\/verenariga\/files\/2023\/06\/20230505_122509-1x1.jpg 1w, https:\/\/kulturweit.blog\/verenariga\/files\/2023\/06\/20230505_122509.jpg 768w\" sizes=\"(max-width: 300px) 100vw, 300px\" \/><\/a><p id=\"caption-attachment-155\" class=\"wp-caption-text\">Das Freiheitsmonument in Riga<\/p><\/div>\n<p>Von Mitte April bis Mitte Juni habe ich au\u00dferdem einen Lettischkurs gemacht. Leider war der Kurs nur online, aber ich bin \u00fcberhaupt froh, dass ich endlich angefangen konnte, die lettische Sprache zu lernen. Man kommt in Riga zwar auch gut mit Englisch durch, aber es \u00e4rgert mich irgendwie schon, dass ich die lokale Sprache nicht sprechen kann. Da Lettisch nur mit Litauisch verwandt ist, ist es auch nicht unbedingt die einfachste Sprache zu lernen. Nach 2 Monaten Sprachkurs bin jedoch immer noch sehr weit davon entfernt, die Sprache zu sprechen. Ich kann ein paar W\u00f6rter und S\u00e4tze, aber abgesehen von labdien (Guten Tag) und paldies (Danke) bewege ich mich immer noch auf Englisch durch Lettland.<\/p>\n<p>Am Wochenende vor dem Zwischenseminar sollte mich eigentlich eine andere kulturweit Freiwillige besuchen, aber leider ist sie kurz vorher krank geworden. Da ich dann doch unerwartet freie Zeit hatte, habe ich mich dazu entschlossen ans Meer zu fahren. Eine Stunde Zugfahrt von Riga entfernt gibt es den sogenannten Saulrieta taka bzw. Sunset Trail. Auch ohne Sonnenuntergangs ist der 3,6 km lange Wanderweg in Strandn\u00e4he definitiv einen Besuch wert. W\u00e4hrend ein gro\u00dfer Teil\u00a0 durch den Wald geht, f\u00fchrt ein kleiner Teil wiederum direkt am Strand entlang. Man kann aber aus dem Wald heraus den Strand sehen, sodass man sowohl den Wald als auch das Meer genie\u00dfen kann.<\/p>\n<p><a href=\"https:\/\/kulturweit.blog\/verenariga\/files\/2023\/06\/20230505_143929.jpg\"><img loading=\"lazy\" decoding=\"async\" class=\"alignnone size-medium wp-image-160\" src=\"https:\/\/kulturweit.blog\/verenariga\/files\/2023\/06\/20230505_143929-300x400.jpg\" alt=\"\" width=\"300\" height=\"400\" srcset=\"https:\/\/kulturweit.blog\/verenariga\/files\/2023\/06\/20230505_143929-300x400.jpg 300w, https:\/\/kulturweit.blog\/verenariga\/files\/2023\/06\/20230505_143929-1x1.jpg 1w, https:\/\/kulturweit.blog\/verenariga\/files\/2023\/06\/20230505_143929.jpg 768w\" sizes=\"(max-width: 300px) 100vw, 300px\" \/><\/a> <a href=\"https:\/\/kulturweit.blog\/verenariga\/files\/2023\/06\/20230505_153328.jpg\"><img loading=\"lazy\" decoding=\"async\" class=\"alignnone size-medium wp-image-165\" src=\"https:\/\/kulturweit.blog\/verenariga\/files\/2023\/06\/20230505_153328-300x400.jpg\" alt=\"\" width=\"300\" height=\"400\" srcset=\"https:\/\/kulturweit.blog\/verenariga\/files\/2023\/06\/20230505_153328-300x400.jpg 300w, https:\/\/kulturweit.blog\/verenariga\/files\/2023\/06\/20230505_153328-1x1.jpg 1w, https:\/\/kulturweit.blog\/verenariga\/files\/2023\/06\/20230505_153328.jpg 768w\" sizes=\"(max-width: 300px) 100vw, 300px\" \/><\/a><img loading=\"lazy\" decoding=\"async\" class=\"alignnone size-medium wp-image-159\" src=\"https:\/\/kulturweit.blog\/verenariga\/files\/2023\/06\/20230505_142924-300x225.jpg\" alt=\"\" width=\"300\" height=\"225\" srcset=\"https:\/\/kulturweit.blog\/verenariga\/files\/2023\/06\/20230505_142924-300x225.jpg 300w, https:\/\/kulturweit.blog\/verenariga\/files\/2023\/06\/20230505_142924-768x576.jpg 768w, https:\/\/kulturweit.blog\/verenariga\/files\/2023\/06\/20230505_142924-1x1.jpg 1w, https:\/\/kulturweit.blog\/verenariga\/files\/2023\/06\/20230505_142924.jpg 1024w\" sizes=\"(max-width: 300px) 100vw, 300px\" \/><a href=\"https:\/\/kulturweit.blog\/verenariga\/files\/2023\/06\/20230505_144609.jpg\"><img loading=\"lazy\" decoding=\"async\" class=\"alignnone size-medium wp-image-161\" src=\"https:\/\/kulturweit.blog\/verenariga\/files\/2023\/06\/20230505_144609-300x225.jpg\" alt=\"\" width=\"300\" height=\"225\" srcset=\"https:\/\/kulturweit.blog\/verenariga\/files\/2023\/06\/20230505_144609-300x225.jpg 300w, https:\/\/kulturweit.blog\/verenariga\/files\/2023\/06\/20230505_144609-768x576.jpg 768w, https:\/\/kulturweit.blog\/verenariga\/files\/2023\/06\/20230505_144609-1x1.jpg 1w, https:\/\/kulturweit.blog\/verenariga\/files\/2023\/06\/20230505_144609.jpg 1024w\" sizes=\"(max-width: 300px) 100vw, 300px\" \/><\/a><\/p>\n<p>Mitte Mai fand das Onlinezwischenseminar von kulturweit statt. Da wir deshalb nicht zur Arbeit gehen mussten, wollten ein paar andere Freiwillige und ich die Gelegenheit nutzen, uns zu treffen und einen neuen Ort zu erkunden. Nach der Entscheidung des Ortes und einigen Krankheitsf\u00e4llen haben wir letztendlich das Zwischenseminar zu dritt im litauischen Kaunas verbracht. Es war echt sch\u00f6n, sich pers\u00f6nlich mit den anderen auszutauschen und auch au\u00dferhalb der Seminarzeiten etwas gemeinsam zu unternehmen. Kaunas ist definitiv eine sehenswerte Stadt. Gleichzeitung mit Esch-sur-Alzette in Luxemburg war Kaunas 2022 europ\u00e4ische Kulturhauptstadt, was man auch an der Stadtplanung sieht. Das Zentrum ist fu\u00dfg\u00e4ngerfreundlich und hat neben einer sch\u00f6nen Altstadt auch Parks, Kunst, coole Bars und Restaurants sowie Erholungsfl\u00e4chen am Wasser zu bieten. Wie auch schon in Tallinn hat mir die Kombination zwischen Moderne und Altstadt gut gefallen. Obwohl ich vorher ziemlich unmotiviert auf eine Woche Onlineseminar gewesen bin, war ich am Ende doch positiv \u00fcberrascht. Das Programm war abwechslungsreich und wir hatten auch Einheiten, die nicht vor dem Bildschirm waren. Neben dem Austausch \u00fcber unsere Erfahrungen wurden auch externe G\u00e4ste eingeladen, mit denen wir \u00fcber spannende Themen wie Catcalling, Kulturimperialismus, die Geschichte Polens oder dem Umgang mit LGBTQ+ diskutieren konnten.<\/p>\n<p><a href=\"https:\/\/kulturweit.blog\/verenariga\/files\/2023\/06\/20230507_214410.jpg\"><img loading=\"lazy\" decoding=\"async\" class=\"alignnone size-medium wp-image-170\" src=\"https:\/\/kulturweit.blog\/verenariga\/files\/2023\/06\/20230507_214410-300x225.jpg\" alt=\"\" width=\"300\" height=\"225\" srcset=\"https:\/\/kulturweit.blog\/verenariga\/files\/2023\/06\/20230507_214410-300x225.jpg 300w, https:\/\/kulturweit.blog\/verenariga\/files\/2023\/06\/20230507_214410-768x576.jpg 768w, https:\/\/kulturweit.blog\/verenariga\/files\/2023\/06\/20230507_214410-1x1.jpg 1w, https:\/\/kulturweit.blog\/verenariga\/files\/2023\/06\/20230507_214410.jpg 1024w\" sizes=\"(max-width: 300px) 100vw, 300px\" \/><\/a> <a href=\"https:\/\/kulturweit.blog\/verenariga\/files\/2023\/06\/20230508_203643.jpg\"><img loading=\"lazy\" decoding=\"async\" class=\"alignnone size-medium wp-image-173\" src=\"https:\/\/kulturweit.blog\/verenariga\/files\/2023\/06\/20230508_203643-300x225.jpg\" alt=\"\" width=\"300\" height=\"225\" srcset=\"https:\/\/kulturweit.blog\/verenariga\/files\/2023\/06\/20230508_203643-300x225.jpg 300w, https:\/\/kulturweit.blog\/verenariga\/files\/2023\/06\/20230508_203643-768x576.jpg 768w, https:\/\/kulturweit.blog\/verenariga\/files\/2023\/06\/20230508_203643-1x1.jpg 1w, https:\/\/kulturweit.blog\/verenariga\/files\/2023\/06\/20230508_203643.jpg 1024w\" sizes=\"(max-width: 300px) 100vw, 300px\" \/><\/a> <a href=\"https:\/\/kulturweit.blog\/verenariga\/files\/2023\/06\/20230509_174343.jpg\"><img loading=\"lazy\" decoding=\"async\" class=\"alignnone size-medium wp-image-177\" src=\"https:\/\/kulturweit.blog\/verenariga\/files\/2023\/06\/20230509_174343-300x225.jpg\" alt=\"\" width=\"300\" height=\"225\" srcset=\"https:\/\/kulturweit.blog\/verenariga\/files\/2023\/06\/20230509_174343-300x225.jpg 300w, https:\/\/kulturweit.blog\/verenariga\/files\/2023\/06\/20230509_174343-768x576.jpg 768w, https:\/\/kulturweit.blog\/verenariga\/files\/2023\/06\/20230509_174343-1x1.jpg 1w, https:\/\/kulturweit.blog\/verenariga\/files\/2023\/06\/20230509_174343.jpg 1024w\" sizes=\"(max-width: 300px) 100vw, 300px\" \/><\/a> <a href=\"https:\/\/kulturweit.blog\/verenariga\/files\/2023\/06\/20230511_195946.jpg\"><img loading=\"lazy\" decoding=\"async\" class=\"alignnone size-medium wp-image-180\" src=\"https:\/\/kulturweit.blog\/verenariga\/files\/2023\/06\/20230511_195946-300x225.jpg\" alt=\"\" width=\"300\" height=\"225\" srcset=\"https:\/\/kulturweit.blog\/verenariga\/files\/2023\/06\/20230511_195946-300x225.jpg 300w, https:\/\/kulturweit.blog\/verenariga\/files\/2023\/06\/20230511_195946-768x576.jpg 768w, https:\/\/kulturweit.blog\/verenariga\/files\/2023\/06\/20230511_195946-1x1.jpg 1w, https:\/\/kulturweit.blog\/verenariga\/files\/2023\/06\/20230511_195946.jpg 1024w\" sizes=\"(max-width: 300px) 100vw, 300px\" \/><\/a> <a href=\"https:\/\/kulturweit.blog\/verenariga\/files\/2023\/06\/20230511_203526.jpg\"><img loading=\"lazy\" decoding=\"async\" class=\"alignnone size-medium wp-image-182\" src=\"https:\/\/kulturweit.blog\/verenariga\/files\/2023\/06\/20230511_203526-300x225.jpg\" alt=\"\" width=\"300\" height=\"225\" srcset=\"https:\/\/kulturweit.blog\/verenariga\/files\/2023\/06\/20230511_203526-300x225.jpg 300w, https:\/\/kulturweit.blog\/verenariga\/files\/2023\/06\/20230511_203526-768x576.jpg 768w, https:\/\/kulturweit.blog\/verenariga\/files\/2023\/06\/20230511_203526-1x1.jpg 1w, https:\/\/kulturweit.blog\/verenariga\/files\/2023\/06\/20230511_203526.jpg 1024w\" sizes=\"(max-width: 300px) 100vw, 300px\" \/><\/a> <a href=\"https:\/\/kulturweit.blog\/verenariga\/files\/2023\/06\/20230512_155717.jpg\"><img loading=\"lazy\" decoding=\"async\" class=\"alignnone size-medium wp-image-187\" src=\"https:\/\/kulturweit.blog\/verenariga\/files\/2023\/06\/20230512_155717-300x225.jpg\" alt=\"\" width=\"300\" height=\"225\" srcset=\"https:\/\/kulturweit.blog\/verenariga\/files\/2023\/06\/20230512_155717-300x225.jpg 300w, https:\/\/kulturweit.blog\/verenariga\/files\/2023\/06\/20230512_155717-768x576.jpg 768w, https:\/\/kulturweit.blog\/verenariga\/files\/2023\/06\/20230512_155717-1x1.jpg 1w, https:\/\/kulturweit.blog\/verenariga\/files\/2023\/06\/20230512_155717.jpg 1024w\" sizes=\"(max-width: 300px) 100vw, 300px\" \/><\/a> <a href=\"https:\/\/kulturweit.blog\/verenariga\/files\/2023\/06\/20230511_214138.jpg\"><img loading=\"lazy\" decoding=\"async\" class=\"alignnone size-medium wp-image-184\" src=\"https:\/\/kulturweit.blog\/verenariga\/files\/2023\/06\/20230511_214138-300x225.jpg\" alt=\"\" width=\"300\" height=\"225\" srcset=\"https:\/\/kulturweit.blog\/verenariga\/files\/2023\/06\/20230511_214138-300x225.jpg 300w, https:\/\/kulturweit.blog\/verenariga\/files\/2023\/06\/20230511_214138-768x576.jpg 768w, https:\/\/kulturweit.blog\/verenariga\/files\/2023\/06\/20230511_214138-1x1.jpg 1w, https:\/\/kulturweit.blog\/verenariga\/files\/2023\/06\/20230511_214138.jpg 1024w\" sizes=\"(max-width: 300px) 100vw, 300px\" \/><\/a> <a href=\"https:\/\/kulturweit.blog\/verenariga\/files\/2023\/06\/20230511_204637.jpg\"><img loading=\"lazy\" decoding=\"async\" class=\"alignnone size-medium wp-image-183\" src=\"https:\/\/kulturweit.blog\/verenariga\/files\/2023\/06\/20230511_204637-300x225.jpg\" alt=\"\" width=\"300\" height=\"225\" srcset=\"https:\/\/kulturweit.blog\/verenariga\/files\/2023\/06\/20230511_204637-300x225.jpg 300w, https:\/\/kulturweit.blog\/verenariga\/files\/2023\/06\/20230511_204637-768x576.jpg 768w, https:\/\/kulturweit.blog\/verenariga\/files\/2023\/06\/20230511_204637-1x1.jpg 1w, https:\/\/kulturweit.blog\/verenariga\/files\/2023\/06\/20230511_204637.jpg 1024w\" sizes=\"(max-width: 300px) 100vw, 300px\" \/><\/a><\/p>\n<p>Auch in Riga und der Umgebung wird es nie langweilig. Es gibt immer irgendwelche Festivals oder andere Events. Als ich aus Kaunas zur\u00fcckgekommen bin, habe ich festgestellt, dass Riga zusammen mit Tampere die Eishockey WM veranstaltet. Eishockey ist der lettische Nationalsport. \u00dcberall hat man Menschen mit Trikots angetroffen und jubelnde Fans gesehen, wenn Lettland gewonnen hat. Letztendlich hat Lettland den 3. Platz erreicht. So weit ist die lettische Nationalmannschaft bisher noch nie gekommen. Die Freude war so gro\u00df, dass man kurzfristig am Tag des Finales sp\u00e4t abends den Montag darauf zum Feiertag ernannt hat. Deutschland hat \u00fcbrigens den 2. Platz erreicht, aber auf einen zus\u00e4tzlichen Feiertag mussten die Menschen in Deutschland wohl verzichten. An diesem neuen lettischen Feiertag wurde die lettische Nationalmannschaft mit gro\u00dfem Jubel am Freiheitsdenkmal in Riga empfangen. Ca. 30.000 Menschen haben sich dort versammelt, um den lettischen Erfolg zu feiern. So viele Menschen habe ich bisher noch nicht in Riga an einem Ort gesehen. Es war auf jeden Fall eine super Atmosph\u00e4re, obwohl ich au\u00dfer Menschen mit Lettlandtrikots und Flaggen nicht sonderlich viel sehen konnte. Viel verstehen konnte ich au\u00dfer den regelm\u00e4\u00dfigen \u201eLatvija\u201c-Rufen, die man auch schon w\u00e4hrend der gesamten WM regelm\u00e4\u00dfig in der Stadt h\u00f6ren konnte, leider auch nicht. Daf\u00fcr haben meine Lettischkenntnisse dann doch nicht ausgereicht.<\/p>\n<p><a href=\"https:\/\/kulturweit.blog\/verenariga\/files\/2023\/06\/20230522_203912.jpg\"><img loading=\"lazy\" decoding=\"async\" class=\"alignnone size-medium wp-image-189\" src=\"https:\/\/kulturweit.blog\/verenariga\/files\/2023\/06\/20230522_203912-300x225.jpg\" alt=\"\" width=\"300\" height=\"225\" srcset=\"https:\/\/kulturweit.blog\/verenariga\/files\/2023\/06\/20230522_203912-300x225.jpg 300w, https:\/\/kulturweit.blog\/verenariga\/files\/2023\/06\/20230522_203912-768x576.jpg 768w, https:\/\/kulturweit.blog\/verenariga\/files\/2023\/06\/20230522_203912-1x1.jpg 1w, https:\/\/kulturweit.blog\/verenariga\/files\/2023\/06\/20230522_203912.jpg 1024w\" sizes=\"(max-width: 300px) 100vw, 300px\" \/><\/a> <a href=\"https:\/\/kulturweit.blog\/verenariga\/files\/2023\/06\/20230517_094815.jpg\"><img loading=\"lazy\" decoding=\"async\" class=\"alignnone size-medium wp-image-188\" src=\"https:\/\/kulturweit.blog\/verenariga\/files\/2023\/06\/20230517_094815-300x225.jpg\" alt=\"\" width=\"300\" height=\"225\" srcset=\"https:\/\/kulturweit.blog\/verenariga\/files\/2023\/06\/20230517_094815-300x225.jpg 300w, https:\/\/kulturweit.blog\/verenariga\/files\/2023\/06\/20230517_094815-768x576.jpg 768w, https:\/\/kulturweit.blog\/verenariga\/files\/2023\/06\/20230517_094815-1x1.jpg 1w, https:\/\/kulturweit.blog\/verenariga\/files\/2023\/06\/20230517_094815.jpg 1024w\" sizes=\"(max-width: 300px) 100vw, 300px\" \/><\/a> <a href=\"https:\/\/kulturweit.blog\/verenariga\/files\/2023\/06\/20230529_131503.jpg\"><img loading=\"lazy\" decoding=\"async\" class=\"alignnone size-medium wp-image-206\" src=\"https:\/\/kulturweit.blog\/verenariga\/files\/2023\/06\/20230529_131503-300x225.jpg\" alt=\"\" width=\"300\" height=\"225\" srcset=\"https:\/\/kulturweit.blog\/verenariga\/files\/2023\/06\/20230529_131503-300x225.jpg 300w, https:\/\/kulturweit.blog\/verenariga\/files\/2023\/06\/20230529_131503-768x576.jpg 768w, https:\/\/kulturweit.blog\/verenariga\/files\/2023\/06\/20230529_131503-1x1.jpg 1w, https:\/\/kulturweit.blog\/verenariga\/files\/2023\/06\/20230529_131503.jpg 1024w\" sizes=\"(max-width: 300px) 100vw, 300px\" \/><\/a> <a href=\"https:\/\/kulturweit.blog\/verenariga\/files\/2023\/06\/20230529_144343.jpg\"><img loading=\"lazy\" decoding=\"async\" class=\"alignnone size-medium wp-image-208\" src=\"https:\/\/kulturweit.blog\/verenariga\/files\/2023\/06\/20230529_144343-300x225.jpg\" alt=\"\" width=\"300\" height=\"225\" srcset=\"https:\/\/kulturweit.blog\/verenariga\/files\/2023\/06\/20230529_144343-300x225.jpg 300w, https:\/\/kulturweit.blog\/verenariga\/files\/2023\/06\/20230529_144343-768x576.jpg 768w, https:\/\/kulturweit.blog\/verenariga\/files\/2023\/06\/20230529_144343-1x1.jpg 1w, https:\/\/kulturweit.blog\/verenariga\/files\/2023\/06\/20230529_144343.jpg 1024w\" sizes=\"(max-width: 300px) 100vw, 300px\" \/><\/a><\/p>\n<p>Zusammen mit Karla, meinem neuen Mitbewohner und einer Freundin von Karla sind wir am 27. Mai nach Jurmala gefahren, weil dort das Resort Festival of Jurmala gefeiert wurde. Wir haben Streetfood gegessen, Riesenjenga und ein anderes Spiel gespielt, eine Br\u00fccke gebaut und ein Krokodil aus Sand geformt. Am Ende fand ein Konzert statt. W\u00e4hrend die anderen irgendwann nach Hause gefahren sind, bin ich bis zum Sonnenuntergang geblieben. Livemusik, Strand und Sonnenuntergang &#8211; ein definitiv gelungener Tag.<\/p>\n<p><a href=\"https:\/\/kulturweit.blog\/verenariga\/files\/2023\/06\/20230527_131312.jpg\"><img loading=\"lazy\" decoding=\"async\" class=\"alignnone size-medium wp-image-193\" src=\"https:\/\/kulturweit.blog\/verenariga\/files\/2023\/06\/20230527_131312-300x400.jpg\" alt=\"\" width=\"300\" height=\"400\" srcset=\"https:\/\/kulturweit.blog\/verenariga\/files\/2023\/06\/20230527_131312-300x400.jpg 300w, https:\/\/kulturweit.blog\/verenariga\/files\/2023\/06\/20230527_131312-1x1.jpg 1w, https:\/\/kulturweit.blog\/verenariga\/files\/2023\/06\/20230527_131312.jpg 768w\" sizes=\"(max-width: 300px) 100vw, 300px\" \/><\/a> <a href=\"https:\/\/kulturweit.blog\/verenariga\/files\/2023\/06\/20230527_135720.jpg\"><img loading=\"lazy\" decoding=\"async\" class=\"alignnone size-medium wp-image-194\" src=\"https:\/\/kulturweit.blog\/verenariga\/files\/2023\/06\/20230527_135720-300x400.jpg\" alt=\"\" width=\"300\" height=\"400\" srcset=\"https:\/\/kulturweit.blog\/verenariga\/files\/2023\/06\/20230527_135720-300x400.jpg 300w, https:\/\/kulturweit.blog\/verenariga\/files\/2023\/06\/20230527_135720-1x1.jpg 1w, https:\/\/kulturweit.blog\/verenariga\/files\/2023\/06\/20230527_135720.jpg 768w\" sizes=\"(max-width: 300px) 100vw, 300px\" \/><\/a> <a href=\"https:\/\/kulturweit.blog\/verenariga\/files\/2023\/06\/20230527_183516.jpg\"><img loading=\"lazy\" decoding=\"async\" class=\"alignnone size-medium wp-image-196\" src=\"https:\/\/kulturweit.blog\/verenariga\/files\/2023\/06\/20230527_183516-300x225.jpg\" alt=\"\" width=\"300\" height=\"225\" srcset=\"https:\/\/kulturweit.blog\/verenariga\/files\/2023\/06\/20230527_183516-300x225.jpg 300w, https:\/\/kulturweit.blog\/verenariga\/files\/2023\/06\/20230527_183516-768x576.jpg 768w, https:\/\/kulturweit.blog\/verenariga\/files\/2023\/06\/20230527_183516-1x1.jpg 1w, https:\/\/kulturweit.blog\/verenariga\/files\/2023\/06\/20230527_183516.jpg 1024w\" sizes=\"(max-width: 300px) 100vw, 300px\" \/><\/a> <a href=\"https:\/\/kulturweit.blog\/verenariga\/files\/2023\/06\/20230527_214925.jpg\"><img loading=\"lazy\" decoding=\"async\" class=\"alignnone size-medium wp-image-198\" src=\"https:\/\/kulturweit.blog\/verenariga\/files\/2023\/06\/20230527_214925-300x225.jpg\" alt=\"\" width=\"300\" height=\"225\" srcset=\"https:\/\/kulturweit.blog\/verenariga\/files\/2023\/06\/20230527_214925-300x225.jpg 300w, https:\/\/kulturweit.blog\/verenariga\/files\/2023\/06\/20230527_214925-768x576.jpg 768w, https:\/\/kulturweit.blog\/verenariga\/files\/2023\/06\/20230527_214925-1x1.jpg 1w, https:\/\/kulturweit.blog\/verenariga\/files\/2023\/06\/20230527_214925.jpg 1024w\" sizes=\"(max-width: 300px) 100vw, 300px\" \/><\/a> <a href=\"https:\/\/kulturweit.blog\/verenariga\/files\/2023\/06\/20230527_220358.jpg\"><img loading=\"lazy\" decoding=\"async\" class=\"alignnone size-medium wp-image-200\" src=\"https:\/\/kulturweit.blog\/verenariga\/files\/2023\/06\/20230527_220358-300x225.jpg\" alt=\"\" width=\"300\" height=\"225\" srcset=\"https:\/\/kulturweit.blog\/verenariga\/files\/2023\/06\/20230527_220358-300x225.jpg 300w, https:\/\/kulturweit.blog\/verenariga\/files\/2023\/06\/20230527_220358-768x576.jpg 768w, https:\/\/kulturweit.blog\/verenariga\/files\/2023\/06\/20230527_220358-1x1.jpg 1w, https:\/\/kulturweit.blog\/verenariga\/files\/2023\/06\/20230527_220358.jpg 1024w\" sizes=\"(max-width: 300px) 100vw, 300px\" \/><\/a><a href=\"https:\/\/kulturweit.blog\/verenariga\/files\/2023\/06\/20230527_195012.jpg\"><img loading=\"lazy\" decoding=\"async\" class=\"alignnone size-medium wp-image-222\" src=\"https:\/\/kulturweit.blog\/verenariga\/files\/2023\/06\/20230527_195012-300x225.jpg\" alt=\"\" width=\"300\" height=\"225\" srcset=\"https:\/\/kulturweit.blog\/verenariga\/files\/2023\/06\/20230527_195012-300x225.jpg 300w, https:\/\/kulturweit.blog\/verenariga\/files\/2023\/06\/20230527_195012-768x576.jpg 768w, https:\/\/kulturweit.blog\/verenariga\/files\/2023\/06\/20230527_195012-1x1.jpg 1w, https:\/\/kulturweit.blog\/verenariga\/files\/2023\/06\/20230527_195012.jpg 1024w\" sizes=\"(max-width: 300px) 100vw, 300px\" \/><\/a><\/p>\n<p>Einen Tag nach dem Jurmalafestival bekam ich auch schon Besuch von einer Freundin aus Deutschland. Die Woche war auch sehr ereignisreich. Wir waren im Me\u017eaparks am Stadtrand von Riga, haben eine Ballettauff\u00fchrung gesehen, waren auf einer ESN-Bootsparty, haben bei den T\u00e4nzen im Pub Ala Pagrabs mitgemacht, waren mehrere Male bei Lido essen und haben einen Handwerkermarkt im Freilichtmuseum besucht.<\/p>\n<p><a href=\"https:\/\/kulturweit.blog\/verenariga\/files\/2023\/06\/20230528_150743.jpg\"><img loading=\"lazy\" decoding=\"async\" class=\"alignnone size-medium wp-image-201\" src=\"https:\/\/kulturweit.blog\/verenariga\/files\/2023\/06\/20230528_150743-300x225.jpg\" alt=\"\" width=\"300\" height=\"225\" srcset=\"https:\/\/kulturweit.blog\/verenariga\/files\/2023\/06\/20230528_150743-300x225.jpg 300w, https:\/\/kulturweit.blog\/verenariga\/files\/2023\/06\/20230528_150743-768x576.jpg 768w, https:\/\/kulturweit.blog\/verenariga\/files\/2023\/06\/20230528_150743-1x1.jpg 1w, https:\/\/kulturweit.blog\/verenariga\/files\/2023\/06\/20230528_150743.jpg 1024w\" sizes=\"(max-width: 300px) 100vw, 300px\" \/><\/a> <a href=\"https:\/\/kulturweit.blog\/verenariga\/files\/2023\/06\/20230528_181510.jpg\"><img loading=\"lazy\" decoding=\"async\" class=\"alignnone size-medium wp-image-204\" src=\"https:\/\/kulturweit.blog\/verenariga\/files\/2023\/06\/20230528_181510-300x225.jpg\" alt=\"\" width=\"300\" height=\"225\" srcset=\"https:\/\/kulturweit.blog\/verenariga\/files\/2023\/06\/20230528_181510-300x225.jpg 300w, https:\/\/kulturweit.blog\/verenariga\/files\/2023\/06\/20230528_181510-768x576.jpg 768w, https:\/\/kulturweit.blog\/verenariga\/files\/2023\/06\/20230528_181510-1x1.jpg 1w, https:\/\/kulturweit.blog\/verenariga\/files\/2023\/06\/20230528_181510.jpg 1024w\" sizes=\"(max-width: 300px) 100vw, 300px\" \/><\/a> <a href=\"https:\/\/kulturweit.blog\/verenariga\/files\/2023\/06\/20230528_182000.jpg\"><img loading=\"lazy\" decoding=\"async\" class=\"alignnone size-medium wp-image-205\" src=\"https:\/\/kulturweit.blog\/verenariga\/files\/2023\/06\/20230528_182000-300x225.jpg\" alt=\"\" width=\"300\" height=\"225\" srcset=\"https:\/\/kulturweit.blog\/verenariga\/files\/2023\/06\/20230528_182000-300x225.jpg 300w, https:\/\/kulturweit.blog\/verenariga\/files\/2023\/06\/20230528_182000-768x576.jpg 768w, https:\/\/kulturweit.blog\/verenariga\/files\/2023\/06\/20230528_182000-1x1.jpg 1w, https:\/\/kulturweit.blog\/verenariga\/files\/2023\/06\/20230528_182000.jpg 1024w\" sizes=\"(max-width: 300px) 100vw, 300px\" \/><\/a> <a href=\"https:\/\/kulturweit.blog\/verenariga\/files\/2023\/06\/20230528_151749.jpg\"><img loading=\"lazy\" decoding=\"async\" class=\"alignnone size-medium wp-image-202\" src=\"https:\/\/kulturweit.blog\/verenariga\/files\/2023\/06\/20230528_151749-300x225.jpg\" alt=\"\" width=\"300\" height=\"225\" srcset=\"https:\/\/kulturweit.blog\/verenariga\/files\/2023\/06\/20230528_151749-300x225.jpg 300w, https:\/\/kulturweit.blog\/verenariga\/files\/2023\/06\/20230528_151749-768x576.jpg 768w, https:\/\/kulturweit.blog\/verenariga\/files\/2023\/06\/20230528_151749-1x1.jpg 1w, https:\/\/kulturweit.blog\/verenariga\/files\/2023\/06\/20230528_151749.jpg 1024w\" sizes=\"(max-width: 300px) 100vw, 300px\" \/><\/a><\/p>\n<p>Kaum war der Besuch weg, ging das Programm f\u00fcr mich abends schon weiter. Ich habe ein Konzert von Zaz und zwei Tage sp\u00e4ter Typically Tina, ein Tina Turner Tribute, besucht. Beide Male war der Raum bestuhlt und beide Male habe ich mich zu der Gruppe hinten gesellt, die gestanden hat. Erstens war die Sicht viel besser, weil ich hinten auf einem der g\u00fcnstigeren St\u00fchle sa\u00df. Zweitens kann man im Stehen viel besser Tanzen. An sich war die Stimmung nicht schlecht, aber man merkt doch, dass hinten nicht unbedingt die gr\u00f6\u00dften Fans stehen. Hinten bei mir wurde kaum mitgesungen. Es war sehr merkw\u00fcrdig mich selbst laut singen zu h\u00f6ren, als nur das Publikum den Refrain von \u201eJe veux\u201c singen sollte. In den vorderen Reihen wurde gesungen, aber in meinem Umfeld war ich glaube ich die einzige Person, die den Liedtext kannte. Bei Typically Tina war es \u00e4hnlich. Das Publikum war am Ende trotzdem begeistert, da sowohl Zaz als auch Typically Tina wirklich gut performt haben.<\/p>\n<p>Weiterhin hat sich meine WG-Konstellation in den 2 Monaten ge\u00e4ndert. Karla ist ausgezogen. An ihrem letzten Abend war ich noch mit ihr und einer Freundin von ihr Falafel essen und anschlie\u00dfend waren wir noch im Park. Als Ersatz f\u00fcr Karla habe ich jetzt zwei neue m\u00e4nnliche Mitbewohner aus \u00c4gypten und der T\u00fcrkei. Immerhin spreche ich dadurch endlich mal mehr Englisch.<\/p>\n<p>Am darauffolgenden Wochenende bekam ich wieder Besuch von einem Kommilitonen aus meinem Master und seiner Freundin. Am 10. Juni fand in Riga das Eiscremefestival statt, welches wir besucht haben. Die Schlangen f\u00fcr die Eisst\u00e4nde waren aber so lang, dass wir weiter zu einem Flohmarkt am Sp\u012b\u0137eri in der N\u00e4he des Marktes gegangen sind. Ich habe auch ein neues Getr\u00e4nk kennengelernt, dass wie die lettische Brotsuppe schmeckt, nur als Erfrischungsgetr\u00e4nk. Weiter ging es zu einem Designfestival. Dar\u00fcber hinaus hat mir mein Kommilitone einen Laden gezeigt, wo man coole Karten kaufen kann. Das Paradies f\u00fcr Geographen und Border Studies Interessierte. Neben aktuellen Karten, Reisef\u00fchrern und anderen Dingen, werden dort auch alte Sowjetkarten von verschiedenen Regionen der Welt verkauft. Nachdem ich den Verk\u00e4ufer gefragt habe, ob er auch eine alte Karte von Madagaskar oder zumindest Nosy Be hat, wurde intensiv gesucht &#8211; leider ohne Erfolg.\u00a0 Auch ein Abstecher in ein paar Humanas durfte nicht fehlen, da alles nur 50 Cent an dem Tag gekostet hat. Eigentlich wollte ich den beiden das Tallinas ielas kvart\u0101ls zeigen, aber dort fand ein Hip-Hop Festival statt und 17 Euro war uns der Eintritt dann doch nicht wert. So haben wir aber ein paar andere coole Bars in der N\u00e4he kennengelernt. Danach ging es nochmal f\u00fcr ein St\u00fcck Kuchen zu Lido und dann haben wir noch die letzte halbe Stunde des Konzerts von der Band Carnival Youth angeh\u00f6rt, welche das Eiscremefestival abgeschlossen hat. Anschlie\u00dfend hatte ich eine Woche einen Dauerohrwurm von ihrem Lied \u201eNever have enough\u201c. Am n\u00e4chsten Tag konnte ich meinem Besuch dann doch noch das Tallinas ielas kvart\u0101ls zeigen. Sp\u00e4ter haben wir uns noch in den Biergarten Gauja gesetzt und nachmittags ging es f\u00fcr die beiden dann auch schon wieder mit dem Bus nach Hause.<\/p>\n<p>Auf der Arbeit gab es ebenfalls wieder ein paar Events. Sowohl im Mai als auch im Juni fand jeweils wieder ein Wissenschafts- und Sprachcaf\u00e9 statt. Im Mai wurde zun\u00e4chst ein Vortrag \u00fcber Feminismus gehalten, den ich leider wegen meines Lettischkurses verpasst habe. Trotzdem konnte ich noch nachkommen und an spannenden Gespr\u00e4chen zur Gleichberechtigung von Mann und Frau, der lettischen Sprache, den Umgang mit der russischen Sprache in Lettland, der Integration von ausl\u00e4ndischen Studierenden und anderen Themen teilnehmen. Dieses Mal waren auch schon mehr Leute dabei als beim ersten Wissenschafts- und Sprachcaf\u00e9. Ich Juni hatte ich dann selbst das Vergn\u00fcgen, einen Vortrag \u00fcber die Energiewende in Deutschland zu halten.<\/p>\n<p>Weiterhin haben wir am 9. Juni mit der Arbeit das Festival Lampa in C\u0113sis besucht. Hier fanden Diskussionen \u00fcber verschiedene Themen statt. Ich musste mich auf die englischsprachigen Diskussionen beschr\u00e4nken, welche jedoch auch sehr spannend waren. Es war sowieso nicht einmal m\u00f6glich, diesen Diskussionen komplett zu folgen, aber zumindest konnte ich in Diskussionen \u00fcber Zero Waste, Urban Gardening, die Erfahrungen mit der Bewerbung als europ\u00e4ische Kulturhauptstadt, die W\u00e4rmeversorgung Lettlands und nichtmilit\u00e4rische Bedrohungen reinh\u00f6ren. Die letzte Diskussion, die wir alle drei vom DAAD verfolgt haben, wurde unter anderem von der deutschen Botschaft mitorganisiert und handelte \u00fcber Diplomatie in Krisenzeiten. Der Tag hat mir definitiv nochmal neue Denkanst\u00f6\u00dfe gegeben.<\/p>\n<p><a href=\"https:\/\/kulturweit.blog\/verenariga\/files\/2023\/06\/20230609_180206.jpg\"><img loading=\"lazy\" decoding=\"async\" class=\"alignnone size-medium wp-image-216\" src=\"https:\/\/kulturweit.blog\/verenariga\/files\/2023\/06\/20230609_180206-300x225.jpg\" alt=\"\" width=\"300\" height=\"225\" srcset=\"https:\/\/kulturweit.blog\/verenariga\/files\/2023\/06\/20230609_180206-300x225.jpg 300w, https:\/\/kulturweit.blog\/verenariga\/files\/2023\/06\/20230609_180206-768x576.jpg 768w, https:\/\/kulturweit.blog\/verenariga\/files\/2023\/06\/20230609_180206-1x1.jpg 1w, https:\/\/kulturweit.blog\/verenariga\/files\/2023\/06\/20230609_180206.jpg 1024w\" sizes=\"(max-width: 300px) 100vw, 300px\" \/><\/a> <a href=\"https:\/\/kulturweit.blog\/verenariga\/files\/2023\/06\/20230609_194802.jpg\"><img loading=\"lazy\" decoding=\"async\" class=\"alignnone size-medium wp-image-217\" src=\"https:\/\/kulturweit.blog\/verenariga\/files\/2023\/06\/20230609_194802-300x225.jpg\" alt=\"\" width=\"300\" height=\"225\" srcset=\"https:\/\/kulturweit.blog\/verenariga\/files\/2023\/06\/20230609_194802-300x225.jpg 300w, https:\/\/kulturweit.blog\/verenariga\/files\/2023\/06\/20230609_194802-768x576.jpg 768w, https:\/\/kulturweit.blog\/verenariga\/files\/2023\/06\/20230609_194802-1x1.jpg 1w, https:\/\/kulturweit.blog\/verenariga\/files\/2023\/06\/20230609_194802.jpg 1024w\" sizes=\"(max-width: 300px) 100vw, 300px\" \/><\/a> <a href=\"https:\/\/kulturweit.blog\/verenariga\/files\/2023\/06\/20230609_200159.jpg\"><img loading=\"lazy\" decoding=\"async\" class=\"alignnone size-medium wp-image-218\" src=\"https:\/\/kulturweit.blog\/verenariga\/files\/2023\/06\/20230609_200159-300x225.jpg\" alt=\"\" width=\"300\" height=\"225\" srcset=\"https:\/\/kulturweit.blog\/verenariga\/files\/2023\/06\/20230609_200159-300x225.jpg 300w, https:\/\/kulturweit.blog\/verenariga\/files\/2023\/06\/20230609_200159-768x576.jpg 768w, https:\/\/kulturweit.blog\/verenariga\/files\/2023\/06\/20230609_200159-1x1.jpg 1w, https:\/\/kulturweit.blog\/verenariga\/files\/2023\/06\/20230609_200159.jpg 1024w\" sizes=\"(max-width: 300px) 100vw, 300px\" \/><\/a><\/p>\n<p>Das war eine Zusammenfassung der letzten zwei Monate.<\/p>\n<p>Bis zum n\u00e4chsten Mal \ud83d\ude0a<\/p>\n","protected":false},"excerpt":{"rendered":"<p>Auch die letzten beiden Monate waren voll mit Programm. Deshalb wird der Eintrag etwas l\u00e4nger, auch wenn ich versuche, mich kurzzufassen: Neben dem ersten Mai ist auch der 4. Mai in Lettland ein Feiertag, weil die lettische Bev\u00f6lkerung die Wiedererlangung der Unabh\u00e4ngigkeit feiert. Es fand eine kleine Parade statt, in der Menschen in lettischen Trachten [&hellip;]<\/p>\n","protected":false},"author":3150,"featured_media":192,"comment_status":"open","ping_status":"open","sticky":false,"template":"","format":"standard","meta":{"footnotes":""},"categories":[1,15,7,46,24,26,37],"tags":[],"class_list":["post-153","post","type-post","status-publish","format-standard","has-post-thumbnail","hentry","category-allgemein","category-ausflug","category-daad","category-freiwillige","category-gastland","category-musik","category-sprache"],"amp_enabled":true,"_links":{"self":[{"href":"https:\/\/kulturweit.blog\/verenariga\/wp-json\/wp\/v2\/posts\/153"}],"collection":[{"href":"https:\/\/kulturweit.blog\/verenariga\/wp-json\/wp\/v2\/posts"}],"about":[{"href":"https:\/\/kulturweit.blog\/verenariga\/wp-json\/wp\/v2\/types\/post"}],"author":[{"embeddable":true,"href":"https:\/\/kulturweit.blog\/verenariga\/wp-json\/wp\/v2\/users\/3150"}],"replies":[{"embeddable":true,"href":"https:\/\/kulturweit.blog\/verenariga\/wp-json\/wp\/v2\/comments?post=153"}],"version-history":[{"count":3,"href":"https:\/\/kulturweit.blog\/verenariga\/wp-json\/wp\/v2\/posts\/153\/revisions"}],"predecessor-version":[{"id":239,"href":"https:\/\/kulturweit.blog\/verenariga\/wp-json\/wp\/v2\/posts\/153\/revisions\/239"}],"wp:featuredmedia":[{"embeddable":true,"href":"https:\/\/kulturweit.blog\/verenariga\/wp-json\/wp\/v2\/media\/192"}],"wp:attachment":[{"href":"https:\/\/kulturweit.blog\/verenariga\/wp-json\/wp\/v2\/media?parent=153"}],"wp:term":[{"taxonomy":"category","embeddable":true,"href":"https:\/\/kulturweit.blog\/verenariga\/wp-json\/wp\/v2\/categories?post=153"},{"taxonomy":"post_tag","embeddable":true,"href":"https:\/\/kulturweit.blog\/verenariga\/wp-json\/wp\/v2\/tags?post=153"}],"curies":[{"name":"wp","href":"https:\/\/api.w.org\/{rel}","templated":true}]}}