{"id":14,"date":"2023-04-13T17:21:37","date_gmt":"2023-04-13T15:21:37","guid":{"rendered":"https:\/\/kulturweit.blog\/verenariga\/?p=14"},"modified":"2023-04-13T17:21:37","modified_gmt":"2023-04-13T15:21:37","slug":"die-ersten-wochen-in-riga","status":"publish","type":"post","link":"https:\/\/kulturweit.blog\/verenariga\/2023\/04\/13\/die-ersten-wochen-in-riga\/","title":{"rendered":"Die ersten Wochen in Riga"},"content":{"rendered":"<p>Nach ein paar Wochen schaffe ich es auch mal endlich, mehr von der ersten Zeit hier in Riga zu berichten. Die ersten Tage waren nicht besonders spannend, da ich wegen Corona in meinem Zimmer bleiben musste. Ich habe etwas gelesen, Videos geschaut und mit Menschen in Deutschland telefoniert. Mein Fenster geht in den Innenhof und so habe ich nicht sonderlich viel vom Leben in Riga mitbekommen. Hier und da l\u00e4uft mal jemand durch den Hof oder ein Auto parkt dort oder f\u00e4hrt weg, aber sonst passiert nicht wirklich viel. Manchmal schien auch etwas die Sonne, obwohl davon nicht wirklich viel in meinem Zimmer ankommt.<\/p>\n<p>Nach \u00fcber einer Woche Isolation hatte ich endlich meinen ersten Arbeitstag. Ich arbeite mit zwei weiteren Kolleginnen in meiner Einsatzstelle. Bisher war die Arbeit ziemlich entspannt. Ich bin haupts\u00e4chlich f\u00fcr die Social-Media-Kan\u00e4le und den monatlichen Newsletter zust\u00e4ndig. Au\u00dferdem darf ich manchmal mit auf Veranstaltungen des DAADs gehen. So hatte ich das Gl\u00fcck, direkt an meinem zweiten Arbeitstag auf eine Veranstaltung f\u00fcr Germanistikstudierende zum Thema \u201eWas kann man mit Deutsch in Lettland anfangen?\u201c mitkommen zu k\u00f6nnen. Mit von der Partie war unter anderem der deutsche Botschafter in Lettland. Auch bei meiner zweiten Veranstaltung war wieder Prominenz mit dabei. Nach einer dreij\u00e4hrigen Coronapause hat der DAAD wieder ein Wissenschafts- und Sprachcaf\u00e9 veranstaltet. Nach einem kurzen Vortrag &#8211; in diesem Fall zum Thema \u201eSymbole der deutschen und lettischen Ethnizit\u00e4t\u201c \u2013 konnte man gem\u00fctlich mit einem Glas Wein mit den anderen Leuten auf Deutsch plaudern. Moderiert wurde die Veranstaltung von J\u00f6ran Steinhauer &#8211; ein deutscher S\u00e4nger, der 2014 f\u00fcr Lettland beim ESC angetreten ist.<\/p>\n<p>Au\u00dferhalb der Arbeit habe ich Riga und die Umgebung erkundet. Hierbei darf der Zentralmarkt nat\u00fcrlich nicht fehlen. Dieser besteht aus 5 Markthallen, welche zuvor von den Deutschen als Zeppelin-Hangar erbaut wurden. Was einkaufen angeht, war ich bisher haupts\u00e4chlich bei Rimi. Diesen Supermarkt findet man hier neben Maxima\u00a0 in Riga praktisch an jeder Ecke von kleinen Convenience-Stores bis hin zu gr\u00f6\u00dferen Superm\u00e4rkten. In meiner ersten Woche nach Corona habe ich auch s\u00e4mtliche Humanas in der Gegend abgeklappert. Humana ist eine Kette f\u00fcr Second Hand Kleidung. Jeden Monat wird die Kollektion ausgewechselt und in den Tagen davor wird die Kleidung immer g\u00fcnstiger bis am letzten Tag jedes Teil nur noch 50ct kostet. So habe ich mich erstmal mit ein paar Klamotten f\u00fcr den Winter bzw. \u00dcbergang eingedeckt, weil die ersten Wochen hier doch noch sehr kalt waren. W\u00e4hrend ich aus Deutschland nur mitbekommen habe, wie alles sch\u00f6n bl\u00fcht, hat es hier bis Anfang des Monats zum Teil noch geschneit.<\/p>\n<div id=\"attachment_20\" style=\"width: 310px\" class=\"wp-caption alignleft\"><a href=\"https:\/\/kulturweit.blog\/verenariga\/files\/2023\/04\/20230318_122120.jpg\"><img loading=\"lazy\" decoding=\"async\" aria-describedby=\"caption-attachment-20\" class=\"wp-image-20 size-medium\" src=\"https:\/\/kulturweit.blog\/verenariga\/files\/2023\/04\/20230318_122120-300x225.jpg\" alt=\"\" width=\"300\" height=\"225\" srcset=\"https:\/\/kulturweit.blog\/verenariga\/files\/2023\/04\/20230318_122120-300x225.jpg 300w, https:\/\/kulturweit.blog\/verenariga\/files\/2023\/04\/20230318_122120-768x576.jpg 768w, https:\/\/kulturweit.blog\/verenariga\/files\/2023\/04\/20230318_122120-1x1.jpg 1w, https:\/\/kulturweit.blog\/verenariga\/files\/2023\/04\/20230318_122120.jpg 1024w\" sizes=\"(max-width: 300px) 100vw, 300px\" \/><\/a><p id=\"caption-attachment-20\" class=\"wp-caption-text\">Bastejkalna parks im M\u00e4rz<\/p><\/div>\n<div id=\"attachment_19\" style=\"width: 310px\" class=\"wp-caption alignleft\"><a href=\"https:\/\/kulturweit.blog\/verenariga\/files\/2023\/04\/20230320_110657.jpg\"><img loading=\"lazy\" decoding=\"async\" aria-describedby=\"caption-attachment-19\" class=\"size-medium wp-image-19\" src=\"https:\/\/kulturweit.blog\/verenariga\/files\/2023\/04\/20230320_110657-300x225.jpg\" alt=\"\" width=\"300\" height=\"225\" srcset=\"https:\/\/kulturweit.blog\/verenariga\/files\/2023\/04\/20230320_110657-300x225.jpg 300w, https:\/\/kulturweit.blog\/verenariga\/files\/2023\/04\/20230320_110657-768x576.jpg 768w, https:\/\/kulturweit.blog\/verenariga\/files\/2023\/04\/20230320_110657-1x1.jpg 1w, https:\/\/kulturweit.blog\/verenariga\/files\/2023\/04\/20230320_110657.jpg 1024w\" sizes=\"(max-width: 300px) 100vw, 300px\" \/><\/a><p id=\"caption-attachment-19\" class=\"wp-caption-text\">Altstadt Riga<\/p><\/div>\n<div id=\"attachment_18\" style=\"width: 310px\" class=\"wp-caption alignleft\"><a href=\"https:\/\/kulturweit.blog\/verenariga\/files\/2023\/04\/20230325_160037.jpg\"><img loading=\"lazy\" decoding=\"async\" aria-describedby=\"caption-attachment-18\" class=\"size-medium wp-image-18\" src=\"https:\/\/kulturweit.blog\/verenariga\/files\/2023\/04\/20230325_160037-300x225.jpg\" alt=\"\" width=\"300\" height=\"225\" srcset=\"https:\/\/kulturweit.blog\/verenariga\/files\/2023\/04\/20230325_160037-300x225.jpg 300w, https:\/\/kulturweit.blog\/verenariga\/files\/2023\/04\/20230325_160037-768x576.jpg 768w, https:\/\/kulturweit.blog\/verenariga\/files\/2023\/04\/20230325_160037-1x1.jpg 1w, https:\/\/kulturweit.blog\/verenariga\/files\/2023\/04\/20230325_160037.jpg 1024w\" sizes=\"(max-width: 300px) 100vw, 300px\" \/><\/a><p id=\"caption-attachment-18\" class=\"wp-caption-text\">Altstadt Riga<\/p><\/div>\n<div id=\"attachment_17\" style=\"width: 310px\" class=\"wp-caption alignleft\"><a href=\"https:\/\/kulturweit.blog\/verenariga\/files\/2023\/04\/20230330_095922.jpg\"><img loading=\"lazy\" decoding=\"async\" aria-describedby=\"caption-attachment-17\" class=\"wp-image-17 size-medium\" src=\"https:\/\/kulturweit.blog\/verenariga\/files\/2023\/04\/20230330_095922-300x225.jpg\" alt=\"\" width=\"300\" height=\"225\" srcset=\"https:\/\/kulturweit.blog\/verenariga\/files\/2023\/04\/20230330_095922-300x225.jpg 300w, https:\/\/kulturweit.blog\/verenariga\/files\/2023\/04\/20230330_095922-768x576.jpg 768w, https:\/\/kulturweit.blog\/verenariga\/files\/2023\/04\/20230330_095922-1x1.jpg 1w, https:\/\/kulturweit.blog\/verenariga\/files\/2023\/04\/20230330_095922.jpg 1024w\" sizes=\"(max-width: 300px) 100vw, 300px\" \/><\/a><p id=\"caption-attachment-17\" class=\"wp-caption-text\">Orthdoxe Geburtskathedrale<\/p><\/div>\n<p>&nbsp;<\/p>\n<p>&nbsp;<\/p>\n<p>&nbsp;<\/p>\n<p>&nbsp;<\/p>\n<p>&nbsp;<\/p>\n<p>&nbsp;<\/p>\n<p>&nbsp;<\/p>\n<p>&nbsp;<\/p>\n<p>&nbsp;<\/p>\n<p>&nbsp;<\/p>\n<p>&nbsp;<\/p>\n<p>&nbsp;<\/p>\n<p>&nbsp;<\/p>\n<p>Nach einer Woche in Freiheit kam mich schon eine Freundin aus Deutschland besuchen. Wir haben zusammen eine Hidden Gems Tour durch Riga gemacht, die wirklich sehr spannend war. Lustigerweise war unser Guide eine lettische-deutsche Frau, die in Deutschland aufgewachsen ist. Rigas und Lettlands Geschichte ist sehr eng mit Deutschland verkn\u00fcpft, was mir fr\u00fcher nicht wirklich bewusst war. 1201 wurde Riga beispielsweise von Deutschen gegr\u00fcndet und noch heute kann man bei einigen Geb\u00e4uden der Stadt den deutschen Einfluss sehen.\u00a0 Neben Deutschland, eroberten auch Schweden, Polen und Russland Lettland. Nach der Unabh\u00e4ngigkeit 1918 wurde Lettland im 2. Weltkrieg wieder von Deutschland und anschlie\u00dfend von der Sowjetunion besetzt. Erst seit dem Zusammenfall der Sowjetunion ist Lettland seit 1990 wieder ein unabh\u00e4ngiger Staat.<\/p>\n<p>Neben der Tour waren wir in einer Rooftop Bar des Radisson Hotels. Eigentlich wollten wir ein Jazz-Konzert besuchen, welches jeden Donnerstag stattfindet. Da wir aber anscheinend in der Pause ins Hotel gegangen sind, haben wir nicht mitbekommen, dass das Konzert in der Lobby Bar und nicht, wie wir dachten, in der Rooftop Bar stattfindet. Es war trotzdem ein sch\u00f6ner Abend, da man eine tolle Sicht auf Riga aus der Rooftop Bar hat. Dar\u00fcber hinaus haben wir uns das Ballett Don Quixote im Opernhaus &#8211; welches \u00fcbrigens auch von einem deutschen Architekten entworfen wurde &#8211; angeschaut. Da wir ziemlich sp\u00e4t die Tickets gebucht haben, haben wir nur noch Pl\u00e4tze an der Seite bekommen, weshalb man einen gro\u00dfen Teil des St\u00fccks nicht gut sehen konnte. Es war jedoch trotzdem eine tolle Erfahrung und f\u00fcr 12 Euro pro Ticket kann man wirklich nichts sagen f\u00fcr ein St\u00fcck des Staatsballettes. Das, was wir an T\u00e4nzen gesehen haben, war echt beeindruckend. Besonders gut hat mir die Mischung von Ballett mit spanischen T\u00e4nzen gefallen.<\/p>\n<div id=\"attachment_16\" style=\"width: 310px\" class=\"wp-caption alignnone\"><a href=\"https:\/\/kulturweit.blog\/verenariga\/files\/2023\/04\/20230401_201528.jpg\"><img loading=\"lazy\" decoding=\"async\" aria-describedby=\"caption-attachment-16\" class=\"size-medium wp-image-16\" src=\"https:\/\/kulturweit.blog\/verenariga\/files\/2023\/04\/20230401_201528-300x225.jpg\" alt=\"\" width=\"300\" height=\"225\" srcset=\"https:\/\/kulturweit.blog\/verenariga\/files\/2023\/04\/20230401_201528-300x225.jpg 300w, https:\/\/kulturweit.blog\/verenariga\/files\/2023\/04\/20230401_201528-768x576.jpg 768w, https:\/\/kulturweit.blog\/verenariga\/files\/2023\/04\/20230401_201528-1x1.jpg 1w, https:\/\/kulturweit.blog\/verenariga\/files\/2023\/04\/20230401_201528.jpg 1024w\" sizes=\"(max-width: 300px) 100vw, 300px\" \/><\/a><p id=\"caption-attachment-16\" class=\"wp-caption-text\">Aussicht auf Riga vom Radisson Hotel aus<\/p><\/div>\n<p>&nbsp;<\/p>\n<p>Am Wochenende haben wir einen Tagesausflug nach Sigulda gemacht, was ungef\u00e4hr eine Stunde von Riga mit dem Zug entfernt ist. Wir sind so ein bisschen durch den Ort geschlendert. Insgesamt war Sigulda an diesem Tag etwas verschlafen. Eigentlich wollten wir gerne noch mit der Seilbahn fahren, aber die hatte leider schon geschlossen, als wir dort angekommen sind.<\/p>\n<p><a href=\"https:\/\/kulturweit.blog\/verenariga\/files\/2023\/04\/20230401_165008.jpg\"><img loading=\"lazy\" decoding=\"async\" class=\"size-medium wp-image-30 alignleft\" src=\"https:\/\/kulturweit.blog\/verenariga\/files\/2023\/04\/20230401_165008-300x225.jpg\" alt=\"\" width=\"300\" height=\"225\" srcset=\"https:\/\/kulturweit.blog\/verenariga\/files\/2023\/04\/20230401_165008-300x225.jpg 300w, https:\/\/kulturweit.blog\/verenariga\/files\/2023\/04\/20230401_165008-768x576.jpg 768w, https:\/\/kulturweit.blog\/verenariga\/files\/2023\/04\/20230401_165008-1x1.jpg 1w, https:\/\/kulturweit.blog\/verenariga\/files\/2023\/04\/20230401_165008.jpg 1024w\" sizes=\"(max-width: 300px) 100vw, 300px\" \/><\/a> <a href=\"https:\/\/kulturweit.blog\/verenariga\/files\/2023\/04\/20230401_163434.jpg\"><img loading=\"lazy\" decoding=\"async\" class=\"size-medium wp-image-29 alignleft\" src=\"https:\/\/kulturweit.blog\/verenariga\/files\/2023\/04\/20230401_163434-300x225.jpg\" alt=\"\" width=\"300\" height=\"225\" srcset=\"https:\/\/kulturweit.blog\/verenariga\/files\/2023\/04\/20230401_163434-300x225.jpg 300w, https:\/\/kulturweit.blog\/verenariga\/files\/2023\/04\/20230401_163434-768x576.jpg 768w, https:\/\/kulturweit.blog\/verenariga\/files\/2023\/04\/20230401_163434-1x1.jpg 1w, https:\/\/kulturweit.blog\/verenariga\/files\/2023\/04\/20230401_163434.jpg 1024w\" sizes=\"(max-width: 300px) 100vw, 300px\" \/><\/a> <a href=\"https:\/\/kulturweit.blog\/verenariga\/files\/2023\/04\/20230401_173155.jpg\"><img loading=\"lazy\" decoding=\"async\" class=\"size-medium wp-image-27 alignleft\" src=\"https:\/\/kulturweit.blog\/verenariga\/files\/2023\/04\/20230401_173155-300x225.jpg\" alt=\"\" width=\"300\" height=\"225\" srcset=\"https:\/\/kulturweit.blog\/verenariga\/files\/2023\/04\/20230401_173155-300x225.jpg 300w, https:\/\/kulturweit.blog\/verenariga\/files\/2023\/04\/20230401_173155-768x576.jpg 768w, https:\/\/kulturweit.blog\/verenariga\/files\/2023\/04\/20230401_173155-1x1.jpg 1w, https:\/\/kulturweit.blog\/verenariga\/files\/2023\/04\/20230401_173155.jpg 1024w\" sizes=\"(max-width: 300px) 100vw, 300px\" \/><\/a> <img loading=\"lazy\" decoding=\"async\" class=\"size-medium wp-image-25 alignleft\" src=\"https:\/\/kulturweit.blog\/verenariga\/files\/2023\/04\/20230401_165136-300x225.jpg\" alt=\"\" width=\"300\" height=\"225\" srcset=\"https:\/\/kulturweit.blog\/verenariga\/files\/2023\/04\/20230401_165136-300x225.jpg 300w, https:\/\/kulturweit.blog\/verenariga\/files\/2023\/04\/20230401_165136-768x576.jpg 768w, https:\/\/kulturweit.blog\/verenariga\/files\/2023\/04\/20230401_165136-1x1.jpg 1w, https:\/\/kulturweit.blog\/verenariga\/files\/2023\/04\/20230401_165136.jpg 1024w\" sizes=\"(max-width: 300px) 100vw, 300px\" \/><\/p>\n<p>&nbsp;<\/p>\n<p>&nbsp;<\/p>\n<p>&nbsp;<\/p>\n<p>&nbsp;<\/p>\n<p>&nbsp;<\/p>\n<p>&nbsp;<\/p>\n<p>&nbsp;<\/p>\n<p>&nbsp;<\/p>\n<p>&nbsp;<\/p>\n<p>&nbsp;<\/p>\n<p>&nbsp;<\/p>\n<p>Einen Tag sp\u00e4ter sind wir in den Kurort J\u016brmala gefahren, der nur 30 Minuten Zugfahrt von Riga entfernt ist. Zug fahren ist im Vergleich zu Deutschland ziemlich g\u00fcnstig. F\u00fcr eine Fahrt nach J\u016brmala zahlt man nur 1,50 Euro und bis nach Sigulda weniger als 2 Euro. Wir hatten strahlend sonniges Wetter, auch wenn es nur ein paar Grad waren. \u00a0Besonders am Strand war es jedoch ziemlich windig. Hier sind wir auch ein durch den Ort gelaufen und haben das Wetter und die Meeresluft genossen.<\/p>\n<p><a href=\"https:\/\/kulturweit.blog\/verenariga\/files\/2023\/04\/20230402_134434.jpg\"><img loading=\"lazy\" decoding=\"async\" class=\"size-medium wp-image-24 alignleft\" src=\"https:\/\/kulturweit.blog\/verenariga\/files\/2023\/04\/20230402_134434-300x225.jpg\" alt=\"\" width=\"300\" height=\"225\" srcset=\"https:\/\/kulturweit.blog\/verenariga\/files\/2023\/04\/20230402_134434-300x225.jpg 300w, https:\/\/kulturweit.blog\/verenariga\/files\/2023\/04\/20230402_134434-768x576.jpg 768w, https:\/\/kulturweit.blog\/verenariga\/files\/2023\/04\/20230402_134434-1x1.jpg 1w, https:\/\/kulturweit.blog\/verenariga\/files\/2023\/04\/20230402_134434.jpg 1024w\" sizes=\"(max-width: 300px) 100vw, 300px\" \/><\/a> <a href=\"https:\/\/kulturweit.blog\/verenariga\/files\/2023\/04\/20230402_150745.jpg\"><img loading=\"lazy\" decoding=\"async\" class=\"size-medium wp-image-21 alignleft\" src=\"https:\/\/kulturweit.blog\/verenariga\/files\/2023\/04\/20230402_150745-300x225.jpg\" alt=\"\" width=\"300\" height=\"225\" srcset=\"https:\/\/kulturweit.blog\/verenariga\/files\/2023\/04\/20230402_150745-300x225.jpg 300w, https:\/\/kulturweit.blog\/verenariga\/files\/2023\/04\/20230402_150745-768x576.jpg 768w, https:\/\/kulturweit.blog\/verenariga\/files\/2023\/04\/20230402_150745-1x1.jpg 1w, https:\/\/kulturweit.blog\/verenariga\/files\/2023\/04\/20230402_150745.jpg 1024w\" sizes=\"(max-width: 300px) 100vw, 300px\" \/><\/a> <a href=\"https:\/\/kulturweit.blog\/verenariga\/files\/2023\/04\/20230402_165100.jpg\"><img loading=\"lazy\" decoding=\"async\" class=\"size-medium wp-image-22 alignleft\" src=\"https:\/\/kulturweit.blog\/verenariga\/files\/2023\/04\/20230402_165100-300x225.jpg\" alt=\"\" width=\"300\" height=\"225\" srcset=\"https:\/\/kulturweit.blog\/verenariga\/files\/2023\/04\/20230402_165100-300x225.jpg 300w, https:\/\/kulturweit.blog\/verenariga\/files\/2023\/04\/20230402_165100-768x576.jpg 768w, https:\/\/kulturweit.blog\/verenariga\/files\/2023\/04\/20230402_165100-1x1.jpg 1w, https:\/\/kulturweit.blog\/verenariga\/files\/2023\/04\/20230402_165100.jpg 1024w\" sizes=\"(max-width: 300px) 100vw, 300px\" \/><\/a> <a href=\"https:\/\/kulturweit.blog\/verenariga\/files\/2023\/04\/20230402_182842.jpg\"><img loading=\"lazy\" decoding=\"async\" class=\"size-medium wp-image-23 alignleft\" src=\"https:\/\/kulturweit.blog\/verenariga\/files\/2023\/04\/20230402_182842-300x225.jpg\" alt=\"\" width=\"300\" height=\"225\" srcset=\"https:\/\/kulturweit.blog\/verenariga\/files\/2023\/04\/20230402_182842-300x225.jpg 300w, https:\/\/kulturweit.blog\/verenariga\/files\/2023\/04\/20230402_182842-768x576.jpg 768w, https:\/\/kulturweit.blog\/verenariga\/files\/2023\/04\/20230402_182842-1x1.jpg 1w, https:\/\/kulturweit.blog\/verenariga\/files\/2023\/04\/20230402_182842.jpg 1024w\" sizes=\"(max-width: 300px) 100vw, 300px\" \/><\/a><\/p>\n<p>&nbsp;<\/p>\n<p>&nbsp;<\/p>\n<p>&nbsp;<\/p>\n<p>&nbsp;<\/p>\n<p>&nbsp;<\/p>\n<p>&nbsp;<\/p>\n<p>&nbsp;<\/p>\n<p>&nbsp;<\/p>\n<p>&nbsp;<\/p>\n<p>&nbsp;<\/p>\n<p>&nbsp;<\/p>\n<p style=\"text-align: left\">Am anschlie\u00dfenden Osterwochenende ging es f\u00fcr mich etwas weiter n\u00f6rdlich nach Tallinn und Helsinki. Davon werde ich aber im n\u00e4chsten Beitrag genauer berichten.<\/p>\n","protected":false},"excerpt":{"rendered":"<p>Nach ein paar Wochen schaffe ich es auch mal endlich, mehr von der ersten Zeit hier in Riga zu berichten. Die ersten Tage waren nicht besonders spannend, da ich wegen Corona in meinem Zimmer bleiben musste. Ich habe etwas gelesen, Videos geschaut und mit Menschen in Deutschland telefoniert. Mein Fenster geht in den Innenhof und [&hellip;]<\/p>\n","protected":false},"author":3150,"featured_media":15,"comment_status":"open","ping_status":"open","sticky":false,"template":"","format":"standard","meta":{"footnotes":""},"categories":[15,7],"tags":[],"class_list":["post-14","post","type-post","status-publish","format-standard","has-post-thumbnail","hentry","category-ausflug","category-daad"],"amp_enabled":true,"_links":{"self":[{"href":"https:\/\/kulturweit.blog\/verenariga\/wp-json\/wp\/v2\/posts\/14"}],"collection":[{"href":"https:\/\/kulturweit.blog\/verenariga\/wp-json\/wp\/v2\/posts"}],"about":[{"href":"https:\/\/kulturweit.blog\/verenariga\/wp-json\/wp\/v2\/types\/post"}],"author":[{"embeddable":true,"href":"https:\/\/kulturweit.blog\/verenariga\/wp-json\/wp\/v2\/users\/3150"}],"replies":[{"embeddable":true,"href":"https:\/\/kulturweit.blog\/verenariga\/wp-json\/wp\/v2\/comments?post=14"}],"version-history":[{"count":3,"href":"https:\/\/kulturweit.blog\/verenariga\/wp-json\/wp\/v2\/posts\/14\/revisions"}],"predecessor-version":[{"id":51,"href":"https:\/\/kulturweit.blog\/verenariga\/wp-json\/wp\/v2\/posts\/14\/revisions\/51"}],"wp:featuredmedia":[{"embeddable":true,"href":"https:\/\/kulturweit.blog\/verenariga\/wp-json\/wp\/v2\/media\/15"}],"wp:attachment":[{"href":"https:\/\/kulturweit.blog\/verenariga\/wp-json\/wp\/v2\/media?parent=14"}],"wp:term":[{"taxonomy":"category","embeddable":true,"href":"https:\/\/kulturweit.blog\/verenariga\/wp-json\/wp\/v2\/categories?post=14"},{"taxonomy":"post_tag","embeddable":true,"href":"https:\/\/kulturweit.blog\/verenariga\/wp-json\/wp\/v2\/tags?post=14"}],"curies":[{"name":"wp","href":"https:\/\/api.w.org\/{rel}","templated":true}]}}