{"id":1,"date":"2023-03-14T10:50:09","date_gmt":"2023-03-14T09:50:09","guid":{"rendered":"https:\/\/kulturweit.blog\/verenariga\/?p=1"},"modified":"2023-03-14T11:00:04","modified_gmt":"2023-03-14T10:00:04","slug":"hallo-welt","status":"publish","type":"post","link":"https:\/\/kulturweit.blog\/verenariga\/2023\/03\/14\/hallo-welt\/","title":{"rendered":"Ein neues Abenteuer beginnt"},"content":{"rendered":"<p>Im Mai 2022 habe ich mich f\u00fcr einen Freiwilligendienst mit kulturweit beworben. Gro\u00df war die Begeisterung, als meine Bewerbung an meine Wunschorganisation, den Deutschen Akademischen Austauschdienst (DAAD), weitergeleitet wurde. Umso gr\u00f6\u00dfer war dann die Entt\u00e4uschung, als ich nicht direkt einen Platz erhalten habe, sondern nur auf die Warteliste f\u00fcr das Nachr\u00fcckverfahren gesetzt wurde. Ich hatte die Hoffnung schon fast aufgegeben und pl\u00f6tzlich kam doch noch die Einladung f\u00fcr ein Telefon-Interview. Nach ein paar Fragen zu meiner Motivation, zum DAAD und einem Fallbeispiel, was ich einer Person, die in Deutschland studieren m\u00f6chte, raten w\u00fcrde, bekam ich knapp 3 Wochen sp\u00e4ter ein Platzierungsangebot f\u00fcr Riga in Lettland.<\/p>\n<p>Die letzten Wochen waren ziemlich stressig, aber alle Dokumente sind bei kulturweit eingereicht, die Masterarbeit ist abgeben und der Auszug im Wohnheim ist problemlos abgelaufen. Ich habe nach ewigem abw\u00e4gen, aussortieren, einpacken, auspacken, umsortieren und pressen meinen viel zu vollen Koffer packen k\u00f6nnen. Nach 10 Tagen Vorbereitungsseminar am Werbellinsee, zwei Nachtfahrten mit dem Bus und einem Zwischenstopp in Warschau bin ich seit Sonntag nun endlich in Riga angekommen.<\/p>\n<p>Nachdem ich schon auf einen Post-Corona-Auslandsaufenthalt gehofft habe, kam die Ern\u00fcchterung bei meiner Ankunft: Ich habe Corona. Und nun sitze ich hier seit zwei Tagen in meinem WG-Zimmer und hoffe, dass das Testergebnis bald wieder negativ sein wird, um endlich Riga erkunden zu k\u00f6nnen. Trotzdem ist mein erster Eindruck sehr positiv, da mir von mehreren Seiten Hilfe angeboten wurde. Eine der Mitarbeiterinnen vom DAAD war f\u00fcr mich einkaufen und eine Mitbewohnerin von mir hat ihr Essen mit mir geteilt.<\/p>\n<p>Ich bin schon sehr gespannt, was mich die n\u00e4chsten Monate hier erwarten wird und werde demn\u00e4chst mehr von meiner Zeit hier in Riga berichten.<\/p>\n","protected":false},"excerpt":{"rendered":"<p>Im Mai 2022 habe ich mich f\u00fcr einen Freiwilligendienst mit kulturweit beworben. Gro\u00df war die Begeisterung, als meine Bewerbung an meine Wunschorganisation, den Deutschen Akademischen Austauschdienst (DAAD), weitergeleitet wurde. Umso gr\u00f6\u00dfer war dann die Entt\u00e4uschung, als ich nicht direkt einen Platz erhalten habe, sondern nur auf die Warteliste f\u00fcr das Nachr\u00fcckverfahren gesetzt wurde. Ich hatte [&hellip;]<\/p>\n","protected":false},"author":3150,"featured_media":0,"comment_status":"closed","ping_status":"open","sticky":false,"template":"","format":"standard","meta":{"footnotes":""},"categories":[1,7],"tags":[],"class_list":["post-1","post","type-post","status-publish","format-standard","hentry","category-allgemein","category-daad"],"amp_enabled":true,"_links":{"self":[{"href":"https:\/\/kulturweit.blog\/verenariga\/wp-json\/wp\/v2\/posts\/1"}],"collection":[{"href":"https:\/\/kulturweit.blog\/verenariga\/wp-json\/wp\/v2\/posts"}],"about":[{"href":"https:\/\/kulturweit.blog\/verenariga\/wp-json\/wp\/v2\/types\/post"}],"author":[{"embeddable":true,"href":"https:\/\/kulturweit.blog\/verenariga\/wp-json\/wp\/v2\/users\/3150"}],"replies":[{"embeddable":true,"href":"https:\/\/kulturweit.blog\/verenariga\/wp-json\/wp\/v2\/comments?post=1"}],"version-history":[{"count":2,"href":"https:\/\/kulturweit.blog\/verenariga\/wp-json\/wp\/v2\/posts\/1\/revisions"}],"predecessor-version":[{"id":6,"href":"https:\/\/kulturweit.blog\/verenariga\/wp-json\/wp\/v2\/posts\/1\/revisions\/6"}],"wp:attachment":[{"href":"https:\/\/kulturweit.blog\/verenariga\/wp-json\/wp\/v2\/media?parent=1"}],"wp:term":[{"taxonomy":"category","embeddable":true,"href":"https:\/\/kulturweit.blog\/verenariga\/wp-json\/wp\/v2\/categories?post=1"},{"taxonomy":"post_tag","embeddable":true,"href":"https:\/\/kulturweit.blog\/verenariga\/wp-json\/wp\/v2\/tags?post=1"}],"curies":[{"name":"wp","href":"https:\/\/api.w.org\/{rel}","templated":true}]}}