{"id":89,"date":"2017-09-17T10:37:31","date_gmt":"2017-09-17T08:37:31","guid":{"rendered":"https:\/\/kulturweit.blog\/tallinnland\/?p=89"},"modified":"2017-09-18T18:05:52","modified_gmt":"2017-09-18T16:05:52","slug":"hier-stehe-ich","status":"publish","type":"post","link":"https:\/\/kulturweit.blog\/tallinnland\/2017\/09\/17\/hier-stehe-ich\/","title":{"rendered":"Hier stehe ich,&#8230;.."},"content":{"rendered":"<blockquote><p>&#8230;.ich kann nicht anders. Hier stehe ich, Gott helfe mir. (aus M\u00f6nsch Martin)<\/p><\/blockquote>\n<p>Dieses Lied wollte mir w\u00e4hrend meiner gesamten Reise nach Estland nicht mehr aus dem Kopf gehen &#8211; ein wahrer Ohrwurm also (allerdings <!--more-->ein Treffender, wie ich finde).<\/p>\n<p>Nachdem mich so viele Leute immer wieder gefragt haben, wann ich denn endlich weg sei, kann ich nun sagen, dass ich tats\u00e4chlich seit f\u00fcnf Tagen in Tallinn bin.<\/p>\n<p>Wie es mir geht? &#8211; Gut, geht&#8217;s mir.<\/p>\n<p>Bis vor sieben Tagen hockte ich noch mit 328 anderen Freiwilligen auf dem Vorbereitungsseminar. Jetzt sind von wir auf drei Freiwillige in Tallinn zusammengeschrumpft. Generell gesehen war das Vorbereitungsseminar anstrengend, aber richtig gut. So h\u00e4ufig und instensiv wie dort, werde ich mich vermutlich nie wieder mit den Themen Rassismus, Sexismus etc auseinandersetzen. Ein Gl\u00fcck, dass wir bei dem ganzen Stress in unserer Homezone mithilfe von Meditations\u00fcbungen auch einfach mal abschalten konnten. An dieser Stelle ein riesengro\u00dfes Dankesch\u00f6n an Martin! Ihr fragt euch jetzt bestimmt, was denn bittesch\u00f6n so eine Homezone sein soll: Das ist eine Gruppe von meist 10-15 Freiwilligen, die in die gleichen Regionen gehen. In meiner waren beispielsweise Leute, die nach Belarus, Estland, Lettland, Litauen, Polen und in die Ukraine ausreisen.<\/p>\n<div id=\"attachment_100\" style=\"width: 209px\" class=\"wp-caption alignleft\"><a href=\"https:\/\/kulturweit.blog\/tallinnland\/files\/2017\/09\/P1000166.jpg\"><img loading=\"lazy\" decoding=\"async\" aria-describedby=\"caption-attachment-100\" class=\"wp-image-100 \" src=\"https:\/\/kulturweit.blog\/tallinnland\/files\/2017\/09\/P1000166-300x225.jpg\" alt=\"\" width=\"199\" height=\"150\" srcset=\"https:\/\/kulturweit.blog\/tallinnland\/files\/2017\/09\/P1000166-300x225.jpg 300w, https:\/\/kulturweit.blog\/tallinnland\/files\/2017\/09\/P1000166-768x576.jpg 768w, https:\/\/kulturweit.blog\/tallinnland\/files\/2017\/09\/P1000166.jpg 1024w, https:\/\/kulturweit.blog\/tallinnland\/files\/2017\/09\/P1000166-160x120.jpg 160w\" sizes=\"(max-width: 199px) 100vw, 199px\" \/><\/a><p id=\"caption-attachment-100\" class=\"wp-caption-text\">Schloss Kadriorg<\/p><\/div>\n<p>In den f\u00fcnf Tagen, die ich nun hier bin, durfte einmal die wundersch\u00f6ne Altstadt und den Kadriorg Park (zu deutsch: Katharinenthal-Park) und die wundersch\u00f6ne Sommerresidenz der russischen Zaren bestaunen und eine &#8222;Pseudo-Stadtf\u00fchrung&#8220; mit Thekla miterleben &#8211; danke! Au\u00dferdem habe ich das Einhorn im Kadrioru Kunstimuuseum gefunden (ja, darauf bin ich in der Tat sehr stolz). Ansonsten habe ich es heute tats\u00e4chlich noch geschafft an den Strand zu kommen (nachdem ich gestern kurz vor dem Ziel doch noch daran gescheitert bin).<br \/>\nGenerell muss ich sagen, dass ich es sehr beeindruckend finde, wie hier Vergangenes auf Modernes trifft. So kann man beispielsweise vom Domberg aus, nicht nur die Altstadt mit all ihren mittelalterlichen H\u00e4usern sehen, sondern auch Hotel- und diverse andere Hochh\u00e4user, ohne, dass sie der Atmosph\u00e4re schaden w\u00fcrden.<\/p>\n<p>Auch meine neue Schule durfte ich schon einmal betreten, ein wenig die Leute kennenlernen, ein wenig von der Mathe <a href=\"https:\/\/kulturweit.blog\/tallinnland\/files\/2017\/09\/P1000174.jpg\"><img loading=\"lazy\" decoding=\"async\" class=\"alignright wp-image-99\" src=\"https:\/\/kulturweit.blog\/tallinnland\/files\/2017\/09\/P1000174-150x150.jpg\" alt=\"\" width=\"150\" height=\"150\" srcset=\"https:\/\/kulturweit.blog\/tallinnland\/files\/2017\/09\/P1000174-150x150.jpg 150w, https:\/\/kulturweit.blog\/tallinnland\/files\/2017\/09\/P1000174-300x300.jpg 300w\" sizes=\"(max-width: 150px) 100vw, 150px\" \/><\/a>wiederholen, zum ersten Mal Yoga ausprobieren und gleich noch ein Angebot des Geschichtslehrers f\u00fcr eine Unterrichtssequenz einheimsen (also quasi das, wof\u00fcr alle Lehramtsstudenten erstmal jahrelang studieren d\u00fcrfen). Noch finde ich das allerdings alles ziemlich gew\u00f6hnungsbed\u00fcrftig nicht als Sch\u00fcler hinter der Schulbank zu sitzen, sondern als &#8222;Bindeglied zwischen Sch\u00fcler und Lehrer&#8220; zu agieren.<br \/>\nWie dem auch sei morgen beginnt dann der zweite Arbeitstag &#8211; ich bin gespannt.<\/p>\n<p>Liebe Gr\u00fc\u00dfe aus Tallinn, Anna<\/p>\n<p>&nbsp;<\/p>\n","protected":false},"excerpt":{"rendered":"<p>&#8230;.ich kann nicht anders. Hier stehe ich, Gott helfe mir. (aus M\u00f6nsch Martin) Dieses Lied wollte mir w\u00e4hrend meiner gesamten Reise nach Estland nicht mehr aus dem Kopf gehen &#8211; ein wahrer Ohrwurm also (allerdings<\/p>\n","protected":false},"author":2247,"featured_media":0,"comment_status":"open","ping_status":"open","sticky":false,"template":"","format":"standard","meta":{"footnotes":""},"categories":[576,21],"tags":[],"class_list":["post-89","post","type-post","status-publish","format-standard","hentry","category-kulturweitblog","category-allgemein"],"amp_enabled":true,"_links":{"self":[{"href":"https:\/\/kulturweit.blog\/tallinnland\/wp-json\/wp\/v2\/posts\/89"}],"collection":[{"href":"https:\/\/kulturweit.blog\/tallinnland\/wp-json\/wp\/v2\/posts"}],"about":[{"href":"https:\/\/kulturweit.blog\/tallinnland\/wp-json\/wp\/v2\/types\/post"}],"author":[{"embeddable":true,"href":"https:\/\/kulturweit.blog\/tallinnland\/wp-json\/wp\/v2\/users\/2247"}],"replies":[{"embeddable":true,"href":"https:\/\/kulturweit.blog\/tallinnland\/wp-json\/wp\/v2\/comments?post=89"}],"version-history":[{"count":4,"href":"https:\/\/kulturweit.blog\/tallinnland\/wp-json\/wp\/v2\/posts\/89\/revisions"}],"predecessor-version":[{"id":125,"href":"https:\/\/kulturweit.blog\/tallinnland\/wp-json\/wp\/v2\/posts\/89\/revisions\/125"}],"wp:attachment":[{"href":"https:\/\/kulturweit.blog\/tallinnland\/wp-json\/wp\/v2\/media?parent=89"}],"wp:term":[{"taxonomy":"category","embeddable":true,"href":"https:\/\/kulturweit.blog\/tallinnland\/wp-json\/wp\/v2\/categories?post=89"},{"taxonomy":"post_tag","embeddable":true,"href":"https:\/\/kulturweit.blog\/tallinnland\/wp-json\/wp\/v2\/tags?post=89"}],"curies":[{"name":"wp","href":"https:\/\/api.w.org\/{rel}","templated":true}]}}