{"id":298,"date":"2018-09-01T22:57:30","date_gmt":"2018-09-01T20:57:30","guid":{"rendered":"https:\/\/kulturweit.blog\/tallinnland\/?p=298"},"modified":"2018-09-01T22:57:30","modified_gmt":"2018-09-01T20:57:30","slug":"abschied","status":"publish","type":"post","link":"https:\/\/kulturweit.blog\/tallinnland\/2018\/09\/01\/abschied\/","title":{"rendered":"Abschied"},"content":{"rendered":"\r\n<p>So, das sind sie nun, die gef\u00fcrchteten letzten Stunden? Wie es sich anf\u00fchlt? Irgendwie seltsam. W\u00e4hrend mein kulturweit-Profil einfach umgeschaltet hat und mich jetzt schon als Alumni deklariert, kann ichs ehrlich noch gar nicht so richtig fassen, dass ich in weniger, als 24 Stunden schon wieder in Deutschland sein werde und diesmal nicht mehr so schnell wiederkommen werde, die wundersch\u00f6ne Altstadt und das Meer nicht mehr so schnell zu Gesicht bekommen werde, sowie auch all die wundervollen Leute, Sch\u00fcler erstmal nicht mehr wiedersehen werde. Eigentlich sollte ich meinen Koffer zu Ende packen und ihn endlich schlie\u00dfen. Aber irgendwie m\u00f6chte ich das nicht. Vielleicht ist das, was mich davon abh\u00e4lt die Gewissheit, dass es ernst wird.<\/p>\r\n<p>Ok, jetzt reichts aber auch mit der Sentimentalit\u00e4t. Schlie\u00dflich hat doch alles ein Ende (ok, bis auf die Wurst \ud83d\ude09 ) und schlie\u00dflich erwarten die daheim Gebliebenen schon wieder sehns\u00fcchtig meine R\u00fcckkehr und ehrlich gesagt bin ich auch ganz froh, alle endlich wieder sehen und mit ihnen reden zu k\u00f6nnen.<\/p>\r\n<p>Was ich unter anderem dieses Jahr gelernt habe? Nun:<\/p>\r\n<p>1. Ich w\u00e4re eine ziemlich gute und coole Lehrerin (zumindest den Kindern zufolge). <br \/>2. Erasmusstudenten leben wirklich in ihrer &#8222;Blase&#8220;. <br \/>3. Esten k\u00f6nnen super freundlich und aufgeschlossen sein, sobald man sie nur n\u00e4her kennenlernt. <br \/>4. Ich habe den dunklen, kalten estnischen Winter mit Temperaturen bis zu -25 Grad Celsius irgendwie \u00fcberlebt. <br \/>5. Auch im Winter kann man tolle Sachen in Estland erleben und machen.<br \/>6. Die estnischen Donuts sind einfach richtig lecker! <br \/>7. Ich bin eine miserable Bloggerin. \ud83d\ude00 Sorry, guys. <br \/><br \/>Bin ich angekommen? Was hei\u00dft das \u00fcberhaupt &#8222;angekommen&#8220; zu sein? Es hei\u00dft Freundschaften zu kn\u00fcpfen, sich akzeptiert und geliebt zu f\u00fchlen, Erinnerungen zu sammeln, sich auch einmal zu entspannen zu k\u00f6nnen oder auch sein Lieblingscaf\u00e9\/ -restaurant\/ -bar zu finden und dort die Zeit auch mal mit eben den neuen Freunden zu verbringen. Bei so vielen Dingen kann es auch mal leicht passieren, dass die Freunde in der zur\u00fcckgebliebenen Heimat, selbst bei gr\u00f6\u00dftem Bem\u00fchen, ab und an doch mal etwas in Vergessenheit gelangen (an dieser Stelle an alle meine Leute: Es tut mir wirklich und aufrichtig leid!). <br \/>In diesem Sinne w\u00fcrde ich sagen: &#8222;Ja, definitiv, ich bin angekommen.&#8220; Ich habe Freunde aus den unterschiedlichsten Teilen Europas gefunden, k\u00f6nnte euch sofort eine Liste mit allen m\u00f6glichen Ausgeh- und Essenstipps geben, und eine Menge Geschichte erz\u00e4hlen. Au\u00dferdem durfte ich eine Menge Dinge erleben und viele Erfahrungen machen, die ich nicht mehr missen w\u00f6llte. <\/p>\r\n<p>In diesem Sinne m\u00f6chte ich nun auch den letzten Beitrag zu Ende bringen.<\/p>\r\n<p>Tsch\u00fcss,<\/p>\r\n<p>Anna<\/p>\r\n<div id=\"attachment_303\" style=\"width: 590px\" class=\"wp-caption alignright\"><a href=\"https:\/\/kulturweit.blog\/tallinnland\/files\/2018\/08\/P1020929.jpg\"><img loading=\"lazy\" decoding=\"async\" aria-describedby=\"caption-attachment-303\" class=\"wp-image-303 size-large\" src=\"https:\/\/kulturweit.blog\/tallinnland\/files\/2018\/08\/P1020929-1024x768.jpg\" alt=\"\" width=\"580\" height=\"435\" srcset=\"https:\/\/kulturweit.blog\/tallinnland\/files\/2018\/08\/P1020929.jpg 1024w, https:\/\/kulturweit.blog\/tallinnland\/files\/2018\/08\/P1020929-300x225.jpg 300w, https:\/\/kulturweit.blog\/tallinnland\/files\/2018\/08\/P1020929-768x576.jpg 768w, https:\/\/kulturweit.blog\/tallinnland\/files\/2018\/08\/P1020929-160x120.jpg 160w\" sizes=\"(max-width: 580px) 100vw, 580px\" \/><\/a><p id=\"caption-attachment-303\" class=\"wp-caption-text\">Sicht auf die Tallinner Altstadt vom Turm der St. Olafs Kirche<\/p><\/div>\r\n<p>&nbsp;<\/p>\r\n<p>Update: Ich bin mittlerweile wieder gut in Deutschland angekommen, habe nun auch mein Nachbereitungsseminar erfolgreich hinter mich gebracht und somit meinen Freiwilligendienst nun auch offiziell beendet. Jetzt versuche ich mich erst einmal wieder hier in Deutschland und in die deutsche Kultur einzugew\u00f6hnen.<\/p>\r\n<p>&nbsp;<\/p>\r\n<p>&nbsp;<\/p>\r\n<p>&nbsp;<\/p>\r\n","protected":false},"excerpt":{"rendered":"<p>So, das sind sie nun, die gef\u00fcrchteten letzten Stunden? Wie es sich anf\u00fchlt? Irgendwie seltsam. W\u00e4hrend mein kulturweit-Profil einfach umgeschaltet hat und mich jetzt schon als Alumni deklariert, kann ichs ehrlich noch gar nicht so richtig fassen, dass ich in weniger, als 24 Stunden schon wieder in Deutschland sein werde und diesmal nicht mehr so &hellip; <span class=\"more-link\"><a href=\"https:\/\/kulturweit.blog\/tallinnland\/2018\/09\/01\/abschied\/\">Mehr lesen &raquo;<\/a><\/span><\/p>\n","protected":false},"author":2247,"featured_media":0,"comment_status":"open","ping_status":"open","sticky":false,"template":"","format":"standard","meta":{"footnotes":""},"categories":[21],"tags":[],"class_list":["post-298","post","type-post","status-publish","format-standard","hentry","category-allgemein"],"amp_enabled":true,"_links":{"self":[{"href":"https:\/\/kulturweit.blog\/tallinnland\/wp-json\/wp\/v2\/posts\/298"}],"collection":[{"href":"https:\/\/kulturweit.blog\/tallinnland\/wp-json\/wp\/v2\/posts"}],"about":[{"href":"https:\/\/kulturweit.blog\/tallinnland\/wp-json\/wp\/v2\/types\/post"}],"author":[{"embeddable":true,"href":"https:\/\/kulturweit.blog\/tallinnland\/wp-json\/wp\/v2\/users\/2247"}],"replies":[{"embeddable":true,"href":"https:\/\/kulturweit.blog\/tallinnland\/wp-json\/wp\/v2\/comments?post=298"}],"version-history":[{"count":3,"href":"https:\/\/kulturweit.blog\/tallinnland\/wp-json\/wp\/v2\/posts\/298\/revisions"}],"predecessor-version":[{"id":312,"href":"https:\/\/kulturweit.blog\/tallinnland\/wp-json\/wp\/v2\/posts\/298\/revisions\/312"}],"wp:attachment":[{"href":"https:\/\/kulturweit.blog\/tallinnland\/wp-json\/wp\/v2\/media?parent=298"}],"wp:term":[{"taxonomy":"category","embeddable":true,"href":"https:\/\/kulturweit.blog\/tallinnland\/wp-json\/wp\/v2\/categories?post=298"},{"taxonomy":"post_tag","embeddable":true,"href":"https:\/\/kulturweit.blog\/tallinnland\/wp-json\/wp\/v2\/tags?post=298"}],"curies":[{"name":"wp","href":"https:\/\/api.w.org\/{rel}","templated":true}]}}