{"id":191,"date":"2017-12-13T20:03:56","date_gmt":"2017-12-13T19:03:56","guid":{"rendered":"https:\/\/kulturweit.blog\/tallinnland\/?p=191"},"modified":"2017-12-13T20:03:56","modified_gmt":"2017-12-13T19:03:56","slug":"es-schneit-es-schneit-kommt-alle-aus-dem-haus","status":"publish","type":"post","link":"https:\/\/kulturweit.blog\/tallinnland\/2017\/12\/13\/es-schneit-es-schneit-kommt-alle-aus-dem-haus\/","title":{"rendered":"Es schneit, es schneit, kommt alle aus dem Haus&#8230;."},"content":{"rendered":"<p><strong>Donnerstag, 26.10.2017:<a href=\"https:\/\/kulturweit.blog\/tallinnland\/files\/2017\/12\/20171025_235241.jpg\"><img loading=\"lazy\" decoding=\"async\" class=\"alignright wp-image-196 size-thumbnail\" src=\"https:\/\/kulturweit.blog\/tallinnland\/files\/2017\/12\/20171025_235241-e1513191152908-115x150.jpg\" alt=\"\" width=\"115\" height=\"150\" \/><\/a><\/strong><\/p>\n<p>1 Woche fr\u00fcher:<\/p>\n<p><em>(zu Hause)<\/em><\/p>\n<p>Thekla: Am Donnerstag soll es schneien, wie geil!<\/p>\n<p><em>(in der Schule)<\/em><\/p>\n<p>Lehrer 1:Habt ihr schon geh\u00f6rt, n\u00e4chste Woche soll es schneien.<\/p>\n<p>Ich: Ja, Thekla hat&#8217;s mir erz\u00e4hlt.<\/p>\n<p>Lehrer 2: Mittlerweile sagen sie: &#8222;Nur noch Frost.&#8220;<\/p>\n<p>&#8230;.<\/p>\n<p><a href=\"https:\/\/kulturweit.blog\/tallinnland\/files\/2017\/12\/P1000514.jpg\"><img loading=\"lazy\" decoding=\"async\" class=\"size-medium wp-image-197 alignleft\" src=\"https:\/\/kulturweit.blog\/tallinnland\/files\/2017\/12\/P1000514-300x225.jpg\" alt=\"\" width=\"300\" height=\"225\" srcset=\"https:\/\/kulturweit.blog\/tallinnland\/files\/2017\/12\/P1000514-300x225.jpg 300w, https:\/\/kulturweit.blog\/tallinnland\/files\/2017\/12\/P1000514-768x576.jpg 768w, https:\/\/kulturweit.blog\/tallinnland\/files\/2017\/12\/P1000514.jpg 1024w, https:\/\/kulturweit.blog\/tallinnland\/files\/2017\/12\/P1000514-160x120.jpg 160w\" sizes=\"(max-width: 300px) 100vw, 300px\" \/><\/a>Mittwoch Fr\u00fch:<\/p>\n<p>Thekla: Oah, ich freu mich schon so auf den heutigen Tag. Heute soll&#8217;s schneien.<\/p>\n<p>Ich: Au ja, bitte!<\/p>\n<p>&#8230;&#8230;<\/p>\n<p>Mittwoch Abend 20:30 Uhr:<\/p>\n<p>(beim Skypedate)<\/p>\n<p>Ich: &#8230;..ja und heute soll es noch schneien. (Schaut aus dem Fenster.) Warte mal, es schneit &#8211; wie cool! ( Ich schreibe Thekla.)<\/p>\n<p>Wenig sp\u00e4ter: (Thekla st\u00fcrmt aus dem Zimmer.)<\/p>\n<p>Thekla: Oh mein Gott es schneit! Ich geh raus! (Martti kommt zur T\u00fcr herein, Thekla mit leuchtenden Augen zu Martti)<\/p>\n<p>It&#8217;s snowing!<\/p>\n<p>Martti: Yeah, well it is normal here. But in the last years we got less snow.<\/p>\n<p>&nbsp;<\/p>\n<p><a href=\"https:\/\/kulturweit.blog\/tallinnland\/files\/2017\/12\/P1000530.jpg\"><img loading=\"lazy\" decoding=\"async\" class=\"size-medium wp-image-199 alignleft\" src=\"https:\/\/kulturweit.blog\/tallinnland\/files\/2017\/12\/P1000530-300x225.jpg\" alt=\"\" width=\"300\" height=\"225\" srcset=\"https:\/\/kulturweit.blog\/tallinnland\/files\/2017\/12\/P1000530-300x225.jpg 300w, https:\/\/kulturweit.blog\/tallinnland\/files\/2017\/12\/P1000530-768x576.jpg 768w, https:\/\/kulturweit.blog\/tallinnland\/files\/2017\/12\/P1000530.jpg 1024w, https:\/\/kulturweit.blog\/tallinnland\/files\/2017\/12\/P1000530-160x120.jpg 160w\" sizes=\"(max-width: 300px) 100vw, 300px\" \/><\/a>Ja genau, wir hatten hier schon Schnee &#8211; und das Ende Oktober! Wir (Thekla, Kesso, Alesi und ich) fanden so toll, dass wir mitten in der Nacht erst einmal Schneem\u00e4nner gebaut haben und uns nachts um 12 uns zu einer Schneeballschlacht vor der T\u00fcr versammelt haben. Am n\u00e4chsten Tag musste ich auch gleich noch einen &#8222;Schneespaziergang&#8220; im Kadriorgpark einlegen (schlie\u00dflich hatte ich Ferien und konnte es kaum erwarten durch den ersten Schnee zu marschieren). So zog ich also mit meiner Kamera los, um ein paar sch\u00f6ne Fotos vom verschneitem Kadriorgpark zu machen. Mit knirschendem Schnee unter meinen Schuhen, pickenden Meisenschn\u00e4beln auf meinen Schuhen (der pure Wahnsinn!) ging es durch den Park. \u00dcberall schienen die Schneem\u00e4nner nur so aus dem Boden zu schie\u00dfen. Es war einfach gro\u00dfartig. Leider fing am gleichen Tag der Schnee auch schon wieder zu schmelzen an.<\/p>\n<p>&nbsp;<\/p>\n<p><strong><a href=\"https:\/\/kulturweit.blog\/tallinnland\/files\/2017\/12\/P1000525.jpg\"><img loading=\"lazy\" decoding=\"async\" class=\"size-medium wp-image-198 alignright\" src=\"https:\/\/kulturweit.blog\/tallinnland\/files\/2017\/12\/P1000525-300x225.jpg\" alt=\"\" width=\"300\" height=\"225\" srcset=\"https:\/\/kulturweit.blog\/tallinnland\/files\/2017\/12\/P1000525-300x225.jpg 300w, https:\/\/kulturweit.blog\/tallinnland\/files\/2017\/12\/P1000525-768x576.jpg 768w, https:\/\/kulturweit.blog\/tallinnland\/files\/2017\/12\/P1000525.jpg 1024w, https:\/\/kulturweit.blog\/tallinnland\/files\/2017\/12\/P1000525-160x120.jpg 160w\" sizes=\"(max-width: 300px) 100vw, 300px\" \/><\/a>Stand Mittwoch, 13.12.2017:<\/strong><\/p>\n<p>Hier in Tallinn schneit es jetzt deutlich \u00f6fter &#8211; gef\u00fchlt jeden oder zumindest jeden zweiten Tag. Allerdings ist es immer noch zu warm, sodass der Schnee am gleichen Tag auch wieder wegschmilzt. Die dabei entstehenden Pf\u00fctzen sind riesig. Sie k\u00f6nnen bis zu 10 cm tief und teilweise so breit wie der Gehweg oder sogar noch breiter werden.<br \/>\nGestern ist die \u00fcbriggebliebene Schneematschepampe dann sogar noch gefroren. Dazu gab es noch Wasser von oben, sodass ich bei dem ganzen Pf\u00fctzenhopping in der Dunkelheit, mit der Geige auf dem R\u00fccken, tierisch aufpassen musste, um nicht doch noch auszurutschen und hinzufallen. Das war gar nicht so einfach, bei dem ganzen Glatteis \u00fcberall.<\/p>\n<p>&nbsp;<\/p>\n<p>Liebe Gr\u00fc\u00dfe, Anna \ud83d\ude42<\/p>\n","protected":false},"excerpt":{"rendered":"<p>Donnerstag, 26.10.2017: 1 Woche fr\u00fcher: (zu Hause) Thekla: Am Donnerstag soll es schneien, wie geil! (in der Schule) Lehrer 1:Habt ihr schon geh\u00f6rt, n\u00e4chste Woche soll es schneien. Ich: Ja, Thekla hat&#8217;s mir erz\u00e4hlt. Lehrer 2: Mittlerweile sagen sie: &#8222;Nur noch Frost.&#8220; &#8230;. Mittwoch Fr\u00fch: Thekla: Oah, ich freu mich schon so auf den heutigen &hellip; <span class=\"more-link\"><a href=\"https:\/\/kulturweit.blog\/tallinnland\/2017\/12\/13\/es-schneit-es-schneit-kommt-alle-aus-dem-haus\/\">Mehr lesen &raquo;<\/a><\/span><\/p>\n","protected":false},"author":2247,"featured_media":0,"comment_status":"open","ping_status":"open","sticky":false,"template":"","format":"standard","meta":{"footnotes":""},"categories":[21],"tags":[],"class_list":["post-191","post","type-post","status-publish","format-standard","hentry","category-allgemein"],"amp_enabled":true,"_links":{"self":[{"href":"https:\/\/kulturweit.blog\/tallinnland\/wp-json\/wp\/v2\/posts\/191"}],"collection":[{"href":"https:\/\/kulturweit.blog\/tallinnland\/wp-json\/wp\/v2\/posts"}],"about":[{"href":"https:\/\/kulturweit.blog\/tallinnland\/wp-json\/wp\/v2\/types\/post"}],"author":[{"embeddable":true,"href":"https:\/\/kulturweit.blog\/tallinnland\/wp-json\/wp\/v2\/users\/2247"}],"replies":[{"embeddable":true,"href":"https:\/\/kulturweit.blog\/tallinnland\/wp-json\/wp\/v2\/comments?post=191"}],"version-history":[{"count":3,"href":"https:\/\/kulturweit.blog\/tallinnland\/wp-json\/wp\/v2\/posts\/191\/revisions"}],"predecessor-version":[{"id":206,"href":"https:\/\/kulturweit.blog\/tallinnland\/wp-json\/wp\/v2\/posts\/191\/revisions\/206"}],"wp:attachment":[{"href":"https:\/\/kulturweit.blog\/tallinnland\/wp-json\/wp\/v2\/media?parent=191"}],"wp:term":[{"taxonomy":"category","embeddable":true,"href":"https:\/\/kulturweit.blog\/tallinnland\/wp-json\/wp\/v2\/categories?post=191"},{"taxonomy":"post_tag","embeddable":true,"href":"https:\/\/kulturweit.blog\/tallinnland\/wp-json\/wp\/v2\/tags?post=191"}],"curies":[{"name":"wp","href":"https:\/\/api.w.org\/{rel}","templated":true}]}}