{"id":169,"date":"2017-10-24T11:11:02","date_gmt":"2017-10-24T09:11:02","guid":{"rendered":"https:\/\/kulturweit.blog\/tallinnland\/?p=169"},"modified":"2017-10-24T22:03:41","modified_gmt":"2017-10-24T20:03:41","slug":"vom-wandern-der-sonne-kaelte-und-vieles-mehr","status":"publish","type":"post","link":"https:\/\/kulturweit.blog\/tallinnland\/2017\/10\/24\/vom-wandern-der-sonne-kaelte-und-vieles-mehr\/","title":{"rendered":"Vom Wandern, der Sonne, der K\u00e4lte und vielem mehr"},"content":{"rendered":"<p>So da bin ich wieder. Recht munter, Sprachtechnisch auf dem Besten Weg die Sprache zu lernen und musikalisch gut ausgelastet. Aber bevor es ans Lesen geht, hier noch ein paar Impressionen der letzten Wochen.<\/p>\n\n\t\t<style type=\"text\/css\">\n\t\t\t#gallery-1 {\n\t\t\t\tmargin: auto;\n\t\t\t}\n\t\t\t#gallery-1 .gallery-item {\n\t\t\t\tfloat: left;\n\t\t\t\tmargin-top: 10px;\n\t\t\t\ttext-align: center;\n\t\t\t\twidth: 50%;\n\t\t\t}\n\t\t\t#gallery-1 img {\n\t\t\t\tborder: 2px solid #cfcfcf;\n\t\t\t}\n\t\t\t#gallery-1 .gallery-caption {\n\t\t\t\tmargin-left: 0;\n\t\t\t}\n\t\t\t\/* see gallery_shortcode() in wp-includes\/media.php *\/\n\t\t<\/style>\n\t\t<div id='gallery-1' class='gallery galleryid-169 gallery-columns-2 gallery-size-medium'><dl class='gallery-item'>\n\t\t\t<dt class='gallery-icon landscape'>\n\t\t\t\t<a href='https:\/\/kulturweit.blog\/tallinnland\/2017\/10\/24\/vom-wandern-der-sonne-kaelte-und-vieles-mehr\/p1000356\/'><img loading=\"lazy\" decoding=\"async\" width=\"300\" height=\"225\" src=\"https:\/\/kulturweit.blog\/tallinnland\/files\/2017\/10\/P1000356-300x225.jpg\" class=\"attachment-medium size-medium\" alt=\"\" aria-describedby=\"gallery-1-175\" srcset=\"https:\/\/kulturweit.blog\/tallinnland\/files\/2017\/10\/P1000356-300x225.jpg 300w, https:\/\/kulturweit.blog\/tallinnland\/files\/2017\/10\/P1000356-768x576.jpg 768w, https:\/\/kulturweit.blog\/tallinnland\/files\/2017\/10\/P1000356.jpg 1024w, https:\/\/kulturweit.blog\/tallinnland\/files\/2017\/10\/P1000356-160x120.jpg 160w\" sizes=\"(max-width: 300px) 100vw, 300px\" \/><\/a>\n\t\t\t<\/dt>\n\t\t\t\t<dd class='wp-caption-text gallery-caption' id='gallery-1-175'>\n\t\t\t\tHelsinki\n\t\t\t\t<\/dd><\/dl><dl class='gallery-item'>\n\t\t\t<dt class='gallery-icon landscape'>\n\t\t\t\t<a href='https:\/\/kulturweit.blog\/tallinnland\/2017\/10\/24\/vom-wandern-der-sonne-kaelte-und-vieles-mehr\/p1000419\/'><img loading=\"lazy\" decoding=\"async\" width=\"300\" height=\"225\" src=\"https:\/\/kulturweit.blog\/tallinnland\/files\/2017\/10\/P1000419-300x225.jpg\" class=\"attachment-medium size-medium\" alt=\"\" aria-describedby=\"gallery-1-176\" srcset=\"https:\/\/kulturweit.blog\/tallinnland\/files\/2017\/10\/P1000419-300x225.jpg 300w, https:\/\/kulturweit.blog\/tallinnland\/files\/2017\/10\/P1000419-768x576.jpg 768w, https:\/\/kulturweit.blog\/tallinnland\/files\/2017\/10\/P1000419.jpg 1024w, https:\/\/kulturweit.blog\/tallinnland\/files\/2017\/10\/P1000419-160x120.jpg 160w\" sizes=\"(max-width: 300px) 100vw, 300px\" \/><\/a>\n\t\t\t<\/dt>\n\t\t\t\t<dd class='wp-caption-text gallery-caption' id='gallery-1-176'>\n\t\t\t\tAm Strand\n\t\t\t\t<\/dd><\/dl><br style=\"clear: both\" \/><dl class='gallery-item'>\n\t\t\t<dt class='gallery-icon landscape'>\n\t\t\t\t<a href='https:\/\/kulturweit.blog\/tallinnland\/2017\/10\/24\/vom-wandern-der-sonne-kaelte-und-vieles-mehr\/p1000438\/'><img loading=\"lazy\" decoding=\"async\" width=\"300\" height=\"225\" src=\"https:\/\/kulturweit.blog\/tallinnland\/files\/2017\/10\/P1000438-300x225.jpg\" class=\"attachment-medium size-medium\" alt=\"\" srcset=\"https:\/\/kulturweit.blog\/tallinnland\/files\/2017\/10\/P1000438-300x225.jpg 300w, https:\/\/kulturweit.blog\/tallinnland\/files\/2017\/10\/P1000438-768x576.jpg 768w, https:\/\/kulturweit.blog\/tallinnland\/files\/2017\/10\/P1000438.jpg 1024w, https:\/\/kulturweit.blog\/tallinnland\/files\/2017\/10\/P1000438-160x120.jpg 160w\" sizes=\"(max-width: 300px) 100vw, 300px\" \/><\/a>\n\t\t\t<\/dt><\/dl><dl class='gallery-item'>\n\t\t\t<dt class='gallery-icon landscape'>\n\t\t\t\t<a href='https:\/\/kulturweit.blog\/tallinnland\/2017\/10\/24\/vom-wandern-der-sonne-kaelte-und-vieles-mehr\/20171021_1822151\/'><img loading=\"lazy\" decoding=\"async\" width=\"300\" height=\"225\" src=\"https:\/\/kulturweit.blog\/tallinnland\/files\/2017\/10\/20171021_1822151-300x225.jpg\" class=\"attachment-medium size-medium\" alt=\"\" aria-describedby=\"gallery-1-185\" srcset=\"https:\/\/kulturweit.blog\/tallinnland\/files\/2017\/10\/20171021_1822151-300x225.jpg 300w, https:\/\/kulturweit.blog\/tallinnland\/files\/2017\/10\/20171021_1822151-768x576.jpg 768w, https:\/\/kulturweit.blog\/tallinnland\/files\/2017\/10\/20171021_1822151.jpg 1024w, https:\/\/kulturweit.blog\/tallinnland\/files\/2017\/10\/20171021_1822151-160x120.jpg 160w\" sizes=\"(max-width: 300px) 100vw, 300px\" \/><\/a>\n\t\t\t<\/dt>\n\t\t\t\t<dd class='wp-caption-text gallery-caption' id='gallery-1-185'>\n\t\t\t\tSonnenuntergang\n\t\t\t\t<\/dd><\/dl><br style=\"clear: both\" \/><dl class='gallery-item'>\n\t\t\t<dt class='gallery-icon landscape'>\n\t\t\t\t<a href='https:\/\/kulturweit.blog\/tallinnland\/2017\/10\/24\/vom-wandern-der-sonne-kaelte-und-vieles-mehr\/p1000454\/'><img loading=\"lazy\" decoding=\"async\" width=\"300\" height=\"225\" src=\"https:\/\/kulturweit.blog\/tallinnland\/files\/2017\/10\/P1000454-300x225.jpg\" class=\"attachment-medium size-medium\" alt=\"\" aria-describedby=\"gallery-1-178\" srcset=\"https:\/\/kulturweit.blog\/tallinnland\/files\/2017\/10\/P1000454-300x225.jpg 300w, https:\/\/kulturweit.blog\/tallinnland\/files\/2017\/10\/P1000454-768x576.jpg 768w, https:\/\/kulturweit.blog\/tallinnland\/files\/2017\/10\/P1000454.jpg 1024w, https:\/\/kulturweit.blog\/tallinnland\/files\/2017\/10\/P1000454-160x120.jpg 160w\" sizes=\"(max-width: 300px) 100vw, 300px\" \/><\/a>\n\t\t\t<\/dt>\n\t\t\t\t<dd class='wp-caption-text gallery-caption' id='gallery-1-178'>\n\t\t\t\tZweige \n\t\t\t\t<\/dd><\/dl><dl class='gallery-item'>\n\t\t\t<dt class='gallery-icon landscape'>\n\t\t\t\t<a href='https:\/\/kulturweit.blog\/tallinnland\/2017\/10\/24\/vom-wandern-der-sonne-kaelte-und-vieles-mehr\/p1000463\/'><img loading=\"lazy\" decoding=\"async\" width=\"300\" height=\"225\" src=\"https:\/\/kulturweit.blog\/tallinnland\/files\/2017\/10\/P1000463-300x225.jpg\" class=\"attachment-medium size-medium\" alt=\"\" srcset=\"https:\/\/kulturweit.blog\/tallinnland\/files\/2017\/10\/P1000463-300x225.jpg 300w, https:\/\/kulturweit.blog\/tallinnland\/files\/2017\/10\/P1000463-768x576.jpg 768w, https:\/\/kulturweit.blog\/tallinnland\/files\/2017\/10\/P1000463.jpg 1024w, https:\/\/kulturweit.blog\/tallinnland\/files\/2017\/10\/P1000463-160x120.jpg 160w\" sizes=\"(max-width: 300px) 100vw, 300px\" \/><\/a>\n\t\t\t<\/dt><\/dl><br style=\"clear: both\" \/><dl class='gallery-item'>\n\t\t\t<dt class='gallery-icon landscape'>\n\t\t\t\t<a href='https:\/\/kulturweit.blog\/tallinnland\/2017\/10\/24\/vom-wandern-der-sonne-kaelte-und-vieles-mehr\/p1000471\/'><img loading=\"lazy\" decoding=\"async\" width=\"300\" height=\"225\" src=\"https:\/\/kulturweit.blog\/tallinnland\/files\/2017\/10\/P1000471-300x225.jpg\" class=\"attachment-medium size-medium\" alt=\"\" aria-describedby=\"gallery-1-180\" srcset=\"https:\/\/kulturweit.blog\/tallinnland\/files\/2017\/10\/P1000471-300x225.jpg 300w, https:\/\/kulturweit.blog\/tallinnland\/files\/2017\/10\/P1000471-768x576.jpg 768w, https:\/\/kulturweit.blog\/tallinnland\/files\/2017\/10\/P1000471.jpg 1024w, https:\/\/kulturweit.blog\/tallinnland\/files\/2017\/10\/P1000471-160x120.jpg 160w\" sizes=\"(max-width: 300px) 100vw, 300px\" \/><\/a>\n\t\t\t<\/dt>\n\t\t\t\t<dd class='wp-caption-text gallery-caption' id='gallery-1-180'>\n\t\t\t\tAuf der Wanderroute\n\t\t\t\t<\/dd><\/dl><dl class='gallery-item'>\n\t\t\t<dt class='gallery-icon landscape'>\n\t\t\t\t<a href='https:\/\/kulturweit.blog\/tallinnland\/2017\/10\/24\/vom-wandern-der-sonne-kaelte-und-vieles-mehr\/p1000474\/'><img loading=\"lazy\" decoding=\"async\" width=\"300\" height=\"225\" src=\"https:\/\/kulturweit.blog\/tallinnland\/files\/2017\/10\/P1000474-300x225.jpg\" class=\"attachment-medium size-medium\" alt=\"\" srcset=\"https:\/\/kulturweit.blog\/tallinnland\/files\/2017\/10\/P1000474-300x225.jpg 300w, https:\/\/kulturweit.blog\/tallinnland\/files\/2017\/10\/P1000474-768x576.jpg 768w, https:\/\/kulturweit.blog\/tallinnland\/files\/2017\/10\/P1000474.jpg 1024w, https:\/\/kulturweit.blog\/tallinnland\/files\/2017\/10\/P1000474-160x120.jpg 160w\" sizes=\"(max-width: 300px) 100vw, 300px\" \/><\/a>\n\t\t\t<\/dt><\/dl><br style=\"clear: both\" \/>\n\t\t<\/div>\n\n<p>In Sachsen hat die Schule wieder angefangen, hier sind mittlerweile Ferien. Morgen geht es dann mit Thekla zum ehemaligen sowjetischem Gef\u00e4ngnis. Wobei wir uns noch nicht einmal so sicher sind, ob wir \u00fcberhaupt rein kommen und es uns ansehen k\u00f6nnen. Naja, wir lassen uns einfach \u00fcberraschen.<br \/>\nDann haben wir au\u00dferdem auch endlich einmal erfahren, in welchen Part der Ukraine unser Zwischenseminar stattfindet &#8211; im wundersch\u00f6nen Odessa, am Schwarzen Meer. Nun steckt man mal wieder voll im Vorbereitungsstress &#8211; Flug buchen, einen Trip nach Kiev planen und organisieren, sich mit den Bezahloptionen rum\u00e4rgern usw.<\/p>\n<p>Was sonst noch so passiert ist?:<\/p>\n<p>In den letzten zwei Wochen konnte ich mich recht h\u00e4ufig von leckerem, kostenfreiem Essen ern\u00e4hren. Sei es bei dem Kollegiumsessen, beim Empfang der Deutschen Botschaft oder bei der Auftaktveranstaltung des 20-j\u00e4hrigen Jubil\u00e4ums der deutschen Abteilung meiner Schule, immer gab es Essen. Bei letzterem hab ich es mir aber auch wirklich redlich verdient (finde ich). Immerhin musste ich vor zahlreichen wichtigen Menschen Herbstgedichte aufsagen und f\u00fcr deren musikalischen Untermalung mit meiner Geige sorgen. Da hat man sich nun wirklich auch ein St\u00fcck Kuchen und Obstspie\u00dfe verdient.<br \/>\nZum Ende der Jubil\u00e4umswoche hatte ich dann noch Besuch. Meine Mutti kam \u00fcber meinen Geburtstag ins schnuckelige Tallinn. An dieser Stelle nochmal tausend Dank, f\u00fcr all die Gl\u00fcckw\u00fcnsche und Geschenke.<br \/>\nSo viel Kulturelles, wie vorletztes Wochenende habe ich auch lange nicht mehr gemacht. Auch hatte ich schon lange nicht mehr so viel Kuchen, wie die letzten Tage. Aber es war klasse! Nicht zuletzt, weil sich auch endlich einmal die Sonne hinter ihrem dicken, grauen Wolkenversteck hervorzuwagen schien &#8211; das erste Mal in der vorletzten Woche. Zwar ist hier jetzt schon ziemlich kalt, aber daf\u00fcr haben wir hier viel Sonnenschein. In den n\u00e4chsten Tagen soll es sogar anfangen zu schneien.<br \/>\nBei diesem tollen Wetter habe ich mich dann auch gleich einmal herausgewagt. Es ging nach Pirita an den Strand und anschlie\u00dfend nach Linnahall die restlichen Sonnenstrahlen genie\u00dfen &#8211; traumhaft. Am Sonntag bin ich dann mit der Freiwilligen vom Goetheinstitut nach Aegviidu gefahren und ein wenig gewandert. Bei Aegviidu entlang geht au\u00dferdem auch der l\u00e4ngste Wanderweg Estlands, mit insgesamt 820 k L\u00e4nge, entlang. Allerdings wollten wir nur nach Nelij\u00e4rve wandern und die Seen sehen. Jedoch haben wir diese zun\u00e4chst verzweifelt gesucht, waren fast schon ein wenig fustriert, haben sie aber schlie\u00dflich doch noch finden k\u00f6nnen. Das Wetter wurde auch immer besser. Hatten wir beim Loslaufen bew\u00f6lkten Himmel und kaum Sonne, so kam diese dann doch noch raus und wir konnten die Sonnenstrahlen genie\u00dfen. Man hatte hier aber auch gesehen, dass es Herbst ist. So waren \u00fcberall bunte Bl\u00e4tter und die Pilze, \u00c4ste und Wege teilweise mit Frost \u00fcberzogen.<\/p>\n<p>Was gibt ansonsten noch zu berichten&#8230;.mmmmm&#8230;.In meinem Sprachkurs geht es nun langsam ans Eingemachte &#8211; die ersten Verben und W\u00f6rter und nun auch die ersten F\u00e4lle. Wer es noch nicht wusste: Im Estnischen gibt es zwar kein der\/die\/das und auch keine Pr\u00e4positionen vor dem Wort, aber daf\u00fcr 14 F\u00e4lle und damit auch viel zu viele unterschiedliche Endungen. Richtig, es ist nicht einfach, aber welche Sprache ist das schon?<\/p>\n<p>Ansonsten war ich (wie bereits angek\u00fcndigt) mit meinem neuen Orchester in Helsinki unterwegs &#8211; eine wirklich tolle Stadt. Sie ist nur, wie nicht anders zu erwarten war richtig teuer. So gibt man schnell 3,20\u20ac f\u00fcr eine Einzelfahrt in der Bahn aus. Jedoch lohnt sich ein Trip dorthin allemal (auch, wenn es die ganze Zeit regnet).<\/p>\n<p>So das wars auch schon wieder von meiner Seite aus. Ich w\u00fcnsche euch allen noch einen sch\u00f6nen restlichen Tag mit hoffentlich viel Sonnenschein!<\/p>\n<p>Liebe Gr\u00fc\u00dfe aus Tallinn und bis bald, Anna<\/p>\n","protected":false},"excerpt":{"rendered":"<p>So da bin ich wieder. Recht munter, Sprachtechnisch auf dem Besten Weg die Sprache zu lernen und musikalisch gut ausgelastet. Aber bevor es ans Lesen geht, hier noch ein paar Impressionen der letzten Wochen. In Sachsen hat die Schule wieder angefangen, hier sind mittlerweile Ferien. Morgen geht es dann mit Thekla zum ehemaligen sowjetischem Gef\u00e4ngnis. &hellip; <span class=\"more-link\"><a href=\"https:\/\/kulturweit.blog\/tallinnland\/2017\/10\/24\/vom-wandern-der-sonne-kaelte-und-vieles-mehr\/\">Mehr lesen &raquo;<\/a><\/span><\/p>\n","protected":false},"author":2247,"featured_media":0,"comment_status":"open","ping_status":"open","sticky":false,"template":"","format":"standard","meta":{"footnotes":""},"categories":[21],"tags":[],"class_list":["post-169","post","type-post","status-publish","format-standard","hentry","category-allgemein"],"amp_enabled":true,"_links":{"self":[{"href":"https:\/\/kulturweit.blog\/tallinnland\/wp-json\/wp\/v2\/posts\/169"}],"collection":[{"href":"https:\/\/kulturweit.blog\/tallinnland\/wp-json\/wp\/v2\/posts"}],"about":[{"href":"https:\/\/kulturweit.blog\/tallinnland\/wp-json\/wp\/v2\/types\/post"}],"author":[{"embeddable":true,"href":"https:\/\/kulturweit.blog\/tallinnland\/wp-json\/wp\/v2\/users\/2247"}],"replies":[{"embeddable":true,"href":"https:\/\/kulturweit.blog\/tallinnland\/wp-json\/wp\/v2\/comments?post=169"}],"version-history":[{"count":3,"href":"https:\/\/kulturweit.blog\/tallinnland\/wp-json\/wp\/v2\/posts\/169\/revisions"}],"predecessor-version":[{"id":190,"href":"https:\/\/kulturweit.blog\/tallinnland\/wp-json\/wp\/v2\/posts\/169\/revisions\/190"}],"wp:attachment":[{"href":"https:\/\/kulturweit.blog\/tallinnland\/wp-json\/wp\/v2\/media?parent=169"}],"wp:term":[{"taxonomy":"category","embeddable":true,"href":"https:\/\/kulturweit.blog\/tallinnland\/wp-json\/wp\/v2\/categories?post=169"},{"taxonomy":"post_tag","embeddable":true,"href":"https:\/\/kulturweit.blog\/tallinnland\/wp-json\/wp\/v2\/tags?post=169"}],"curies":[{"name":"wp","href":"https:\/\/api.w.org\/{rel}","templated":true}]}}