{"id":144,"date":"2017-09-30T20:20:35","date_gmt":"2017-09-30T18:20:35","guid":{"rendered":"https:\/\/kulturweit.blog\/tallinnland\/?p=144"},"modified":"2017-09-30T21:08:58","modified_gmt":"2017-09-30T19:08:58","slug":"vom-wiesenstochern-und-orchester","status":"publish","type":"post","link":"https:\/\/kulturweit.blog\/tallinnland\/2017\/09\/30\/vom-wiesenstochern-und-orchester\/","title":{"rendered":"Vom \u201eWiesenstochern\u201c und Orchester"},"content":{"rendered":"<p>So, da bin ich wieder. F\u00fcr alle, die mich vermisst haben, es tut mir leid, es ging zeitlich nicht anders.<br \/>\nGerade mal zwei Wochen hier und schon wieder voll im Schulstress. Jeden Tag um <!--more-->6 Uhr aufstehen, fertig machen und ab zur Schule &#8211; kommt euch das bekannt vor? Aber ich muss sagen, mir gef\u00e4llt es wirklich sehr an dieser Schule. Ich f\u00fchl mich schon richtig wohl. Alle sind hier einfach super nett und freundlich und ich finde es wirklich sehr interessant einmal die Lehrerposition zu erleben. F\u00fcr alle, die sich fragen, was denn jetzt genau meine Aufgaben als Freiwillige dort sind, m\u00f6chte ich nun versuchen meine wichtigsten Aufgaben kurz und knapp zusammenzufassen:<\/p>\n<ol>\n<li>Im Unterricht hospi- und assistieren.<\/li>\n<li>Projekte ausarbeiten, organisieren und gestalten (wie beispielsweise einen Imagefilm zu drehen oder ein Theaterst\u00fcck auszuarbeiten).<\/li>\n<li>Au\u00dferdem der Schule bei Projekten (wie das 20-j\u00e4hrige Jubil\u00e4um der dt. Abteilung) unter die Arme greifen.<\/li>\n<li>Nat\u00fcrlich soll durch meinen Auslandsaufenthalt auch der kulturelle Austausch gef\u00f6rdert werden.<\/li>\n<\/ol>\n<h4><a href=\"https:\/\/kulturweit.blog\/tallinnland\/files\/2017\/09\/DSC_0024.jpg\"><img loading=\"lazy\" decoding=\"async\" class=\"alignleft wp-image-141 size-medium\" src=\"https:\/\/kulturweit.blog\/tallinnland\/files\/2017\/09\/DSC_0024-300x201.jpg\" alt=\"\" width=\"300\" height=\"201\" srcset=\"https:\/\/kulturweit.blog\/tallinnland\/files\/2017\/09\/DSC_0024-300x201.jpg 300w, https:\/\/kulturweit.blog\/tallinnland\/files\/2017\/09\/DSC_0024-768x514.jpg 768w, https:\/\/kulturweit.blog\/tallinnland\/files\/2017\/09\/DSC_0024.jpg 1024w\" sizes=\"(max-width: 300px) 100vw, 300px\" \/><\/a><strong>Moorwanderung und &#8222;Wiesenstochern&#8220;<\/strong><\/h4>\n<p>Nun was ist denn alles passiert in meinen ersten zwei Wochen? &#8211; Ziemlich viel, wo fange ich am Besten an&#8230;..<br \/>\nLetzten Sonntag war ich mit Kathrin, einer Deutschlehrerin am TSG und ihren Hunden im Sooma Nationalpark unterwegs. Zun\u00e4chst haben wir im Moor mit allen Hunden eine kleine Runde gedreht und anschlie\u00dfend waren wir 3,5 h Kanufahren. Dabei hatten wir fantastisches Wetter: einen wolkenlosen Himmel, puren Sonnenschein und angenehme Temperaturen.<br \/>\nAn dieser Stelle nochmal ein riesengro\u00dfes Dankesch\u00f6n an dich, Kathrin, f\u00fcr diesen wundervollen Tag, den ich mit dir verbringen durfte! Es war einfach \u00fcberw\u00e4ltigend diese \u00fcberschwemmten Weidefl\u00e4chen zu sehen, auf denen man eher nur in Wiesen stechen anstatt paddeln konnte.<br \/>\nAb und an hatten wir auch eine ziemliche Schr\u00e4glage. Das war meistens dann der Fall, wenn der Hund sich wieder einmal dachte, dass man doch die Pfoten wunderbar auf dem Rand aufsetzen k\u00f6nnte, um besser gucken und riechen zu k\u00f6nnen. Letztendlich haben wir dann aber den Fluss erreicht und sind auf dem Weg zum Ziel mal mehr, mal weniger auf dem Fluss geblieben.<\/p>\n<h4><strong>&#8222;Ich habe Lichter gesehen.&#8220;<\/strong><a href=\"https:\/\/kulturweit.blog\/tallinnland\/files\/2017\/09\/P1000201.jpg\"><img loading=\"lazy\" decoding=\"async\" class=\"alignright size-thumbnail wp-image-151\" src=\"https:\/\/kulturweit.blog\/tallinnland\/files\/2017\/09\/P1000201-150x150.jpg\" alt=\"\" width=\"150\" height=\"150\" srcset=\"https:\/\/kulturweit.blog\/tallinnland\/files\/2017\/09\/P1000201-150x150.jpg 150w, https:\/\/kulturweit.blog\/tallinnland\/files\/2017\/09\/P1000201-300x300.jpg 300w\" sizes=\"(max-width: 150px) 100vw, 150px\" \/><\/a><\/h4>\n<p>Von Mittwoch dem 20.09. bis 21.09.2017 gab es au\u00dferdem hier in Tallinn ein Lichterfest im Kadrioru Park. Alles war wunderbar hergerichtet, \u00fcberall im Park gab es LED-Lichter, Fackeln, Kerzen, verzierte B\u00e4ume und B\u00fcsche, Menschen mit Leuchtst\u00e4ben, Knicklichtern und vielem anderen Zeugs was leuchtet. Selbst Fahrr\u00e4der wurden verziert. Hatte man noch nicht genug von den ganzen leuchtenden und angestrahlten B\u00e4umen, Kerzen und Fackeln, so konnte man ebenfalls eine Lasershow und ein Feuerwerk genie\u00dfen. Es gab sogar eine kleine B\u00fchne, auf der Bands auftraten, allerdings nie, wenn ich dort war.<\/p>\n<h4><a href=\"https:\/\/kulturweit.blog\/tallinnland\/files\/2017\/09\/20170924_1425291.jpg\"><img loading=\"lazy\" decoding=\"async\" class=\"wp-image-145 size-thumbnail alignleft\" src=\"https:\/\/kulturweit.blog\/tallinnland\/files\/2017\/09\/20170924_1425291-150x150.jpg\" alt=\"\" width=\"150\" height=\"150\" srcset=\"https:\/\/kulturweit.blog\/tallinnland\/files\/2017\/09\/20170924_1425291-150x150.jpg 150w, https:\/\/kulturweit.blog\/tallinnland\/files\/2017\/09\/20170924_1425291-300x300.jpg 300w\" sizes=\"(max-width: 150px) 100vw, 150px\" \/><\/a><strong>&#8222;Musik!&#8220;<\/strong><\/h4>\n<p>Was sonst noch so passiert ist? Wie einige ja bereits wissen, habe ich meine Geige mit nach Estland genommen. Und diesen Montag, dem 25.09.2017 habe ich nun auch ein Orchester gefunden. Jetzt spiele ich im Symphonieorchester der Tallinner Universit\u00e4t.<br \/>\nAber von vorn. Bevor ich aufgenommen wurde musste ich zun\u00e4chst ein Vorspiel absolvieren, bei dem ich zun\u00e4chst ein beliebiges St\u00fcck w\u00e4hlen sollte und schlie\u00dflich noch zweimal ein Blattspiel absolvieren musste. Nachdem ich an den f\u00fcnf bs als Vorzeichen (zumindest gef\u00fchlt) gescheitert bin, wurde ich dennoch aufgenommen. Da sa\u00df ich dann also, als neues, gl\u00fcckliches Mitglied, in der anschlie\u00dfenden Probe in der ersten Geige und versuchte mein Bestm\u00f6glichstes den Dirigenten dort vorne zu verstehen. Nicht, weil der L\u00e4rmpegel so hoch war, sondern aufgrund von Sprachschwierigkeiten &#8211; alle Anweisungen kamen n\u00e4mlich auf Estnisch. Zwar bin ich nicht die einzige Deutsche, aber alle anderen Mitglieder des Orchesters sind entweder Esten oder sie beherrschen die estnische Sprache. Naja immerhin kann ich hier dann auch meine Estnischkenntnisse aus dem Sprachkurs anwenden und eventuell verbessern.<br \/>\nAu\u00dferdem hatte ich noch einen sehr netten Herrn neben mir sitzen, der mir immer wieder gezeigt hat, wo wir uns gerade befinden\/ wo wir anfangen und an dessem Spiel ich mich ein wenig orientieren konnte. Aber ich muss zugeben, ich war erstaunt, wie viel man mit einfachem Zuh\u00f6ren verstehen kann, wenn man zumindest ein wenig auf estnisch z\u00e4hlen kann. Im Anschluss an die Probe wurde ich dann auch sogleich eingeladen am 07.10. &#8211; 08.10. mit dem Orchester nach Helsinki zu fahren (nat\u00fcrlich hab ich mich wie ein Schnitzel gefreut und zugesagt) &#8211; ich bin richtig gespannt.<\/p>\n<p>So viel zum Bericht der letzten Woche&#8230;.<\/p>\n<p>Denkt ans Kommentieren und Teilen!<\/p>\n<p>Bis bald, Anna<\/p>\n","protected":false},"excerpt":{"rendered":"<p>So, da bin ich wieder. F\u00fcr alle, die mich vermisst haben, es tut mir leid, es ging zeitlich nicht anders. Gerade mal zwei Wochen hier und schon wieder voll im Schulstress. Jeden Tag um<\/p>\n","protected":false},"author":2247,"featured_media":0,"comment_status":"open","ping_status":"open","sticky":false,"template":"","format":"standard","meta":{"footnotes":""},"categories":[576,21],"tags":[],"class_list":["post-144","post","type-post","status-publish","format-standard","hentry","category-kulturweitblog","category-allgemein"],"amp_enabled":true,"_links":{"self":[{"href":"https:\/\/kulturweit.blog\/tallinnland\/wp-json\/wp\/v2\/posts\/144"}],"collection":[{"href":"https:\/\/kulturweit.blog\/tallinnland\/wp-json\/wp\/v2\/posts"}],"about":[{"href":"https:\/\/kulturweit.blog\/tallinnland\/wp-json\/wp\/v2\/types\/post"}],"author":[{"embeddable":true,"href":"https:\/\/kulturweit.blog\/tallinnland\/wp-json\/wp\/v2\/users\/2247"}],"replies":[{"embeddable":true,"href":"https:\/\/kulturweit.blog\/tallinnland\/wp-json\/wp\/v2\/comments?post=144"}],"version-history":[{"count":3,"href":"https:\/\/kulturweit.blog\/tallinnland\/wp-json\/wp\/v2\/posts\/144\/revisions"}],"predecessor-version":[{"id":166,"href":"https:\/\/kulturweit.blog\/tallinnland\/wp-json\/wp\/v2\/posts\/144\/revisions\/166"}],"wp:attachment":[{"href":"https:\/\/kulturweit.blog\/tallinnland\/wp-json\/wp\/v2\/media?parent=144"}],"wp:term":[{"taxonomy":"category","embeddable":true,"href":"https:\/\/kulturweit.blog\/tallinnland\/wp-json\/wp\/v2\/categories?post=144"},{"taxonomy":"post_tag","embeddable":true,"href":"https:\/\/kulturweit.blog\/tallinnland\/wp-json\/wp\/v2\/tags?post=144"}],"curies":[{"name":"wp","href":"https:\/\/api.w.org\/{rel}","templated":true}]}}