{"id":99,"date":"2012-09-13T16:12:11","date_gmt":"2012-09-13T14:12:11","guid":{"rendered":"https:\/\/kulturweit.blog\/svenjainriga\/?p=99"},"modified":"2012-09-14T11:05:14","modified_gmt":"2012-09-14T09:05:14","slug":"ein-paar-tage-alltag","status":"publish","type":"post","link":"https:\/\/kulturweit.blog\/svenjainriga\/2012\/09\/13\/ein-paar-tage-alltag\/","title":{"rendered":"Ein paar Tage &#8222;Alltag&#8220;"},"content":{"rendered":"<p>Heute bin ich genau zwei Wochen in Riga und langsam stellt sich der Alltag ein &#8211; zumindest der Schulalltag. Die erste Woche habe ich in der Schule nahezu nur im Deutschunterricht hospitiert und manchmal habe ich dabei etwas \u00fcber mich oder mein Leben in Deutschland erz\u00e4hlt. Diese Woche sah das dann schon etwas anders aus. Da die DSD-Lehrer von Mittwoch bis Freitag auf einem Seminar sind, muss ich einige Stunden von ihnen \u00fcbernehmen. So habe ich gestern und heute schon ein paar Deutschstunden gehalten. In erster Linie musste ich in die 10.-12. Klasse und das ist alles andere als leicht, weil die Sch\u00fcler kaum bis gar nicht j\u00fcnger sind als ich noch dazu nicht all zu motiviert. Allerdings hatte ich trotzdem meine Erfolge. Mit einer 11.Klasse habe ich \u00fcber Vorurteile und Klischees (von\/\u00fcber Deutschland) gesprochen und versucht diese dann zu entkr\u00e4ftigen. Dabei habe ich auch einige Vorurteile erfahren, die viele Letten \u00fcber die Esten und Russen habe. Aber ich will sie echt nicht unbedingt weitertragen, weil es sich nat\u00fcrlich auch nur um Pauschalisierungen handelt und ich sch\u00e4me mich sowieso schon, dass ich mich teilweise dar\u00fcber am\u00fcsiert habe. Aber in diesem Zusammenhang wurde auch nochmal deutlich, dass das Verh\u00e4ltnis zwischen der lettischen Bev\u00f6lkerung und der russischen Minderheit in Riga nicht unkompliziert ist. Mit einer 6.Klasse habe ich heute die ganze Schulstunde \u00fcber Spiele auf deutsch gespielt. Es ist nat\u00fcrlich schwierig sich komplett auf deutsch zu verst\u00e4ndigen, gerade auch weil die Sprachniveaus der einzelnen Sch\u00fcler extrem unterschiedlich sind, aber manchmal wenn gar nichts mehr geht, findet sich \u00a0auch eine Sch\u00fclerin oder Sch\u00fcler, die\/der ein bisschen \u00fcbersetzen kann. Und zum Gl\u00fcck geht im September ja auch schon mein Lettischkurs los! Ab n\u00e4chster Woche werde ich mich nun auch regelm\u00e4\u00dfig mit den DSD-Sch\u00fclern treffen, um das Deutschsprechen zu \u00fcben, weil die DSD-Pr\u00fcfung auch aus einem gro\u00dfen m\u00fcndlichen Teil besteht.<\/p>\n<p>Ansonsten gef\u00e4llt es mir durchweg gut in meinem neuen Zuhause. Gerade ist auch der Cousin von Claudia und ein Freund von ihm da, was zu einem noch heitereren WG-Leben f\u00fchrt. Vorgestern Abend haben wir auf unserem Hinterhof (unser Haus liegt \u00fcbrigens an einer f\u00fcnfspurigen Stra\u00dfe) gegrillt und heute geht es zum ersten Heimspiel dieser Saison von Dynamo Riga gegen\u00a0Sibir Novosibirsk. Die Begegnung k\u00f6nnte extrem spannend werden. Mein erstes Eishockeyspiel \u00fcbrigens. \ud83d\ude42<\/p>\n","protected":false},"excerpt":{"rendered":"<p>Heute bin ich genau zwei Wochen in Riga und langsam stellt sich der Alltag ein &#8211; zumindest der Schulalltag. Die erste Woche habe ich in der Schule nahezu nur im Deutschunterricht hospitiert und manchmal habe ich dabei etwas \u00fcber mich &hellip; <a href=\"https:\/\/kulturweit.blog\/svenjainriga\/2012\/09\/13\/ein-paar-tage-alltag\/\">Weiterlesen <span class=\"meta-nav\">&rarr;<\/span><\/a><\/p>\n","protected":false},"author":871,"featured_media":0,"comment_status":"open","ping_status":"open","sticky":false,"template":"","format":"standard","meta":{"footnotes":""},"categories":[21],"tags":[],"class_list":["post-99","post","type-post","status-publish","format-standard","hentry","category-allgemein"],"amp_enabled":true,"_links":{"self":[{"href":"https:\/\/kulturweit.blog\/svenjainriga\/wp-json\/wp\/v2\/posts\/99"}],"collection":[{"href":"https:\/\/kulturweit.blog\/svenjainriga\/wp-json\/wp\/v2\/posts"}],"about":[{"href":"https:\/\/kulturweit.blog\/svenjainriga\/wp-json\/wp\/v2\/types\/post"}],"author":[{"embeddable":true,"href":"https:\/\/kulturweit.blog\/svenjainriga\/wp-json\/wp\/v2\/users\/871"}],"replies":[{"embeddable":true,"href":"https:\/\/kulturweit.blog\/svenjainriga\/wp-json\/wp\/v2\/comments?post=99"}],"version-history":[{"count":1,"href":"https:\/\/kulturweit.blog\/svenjainriga\/wp-json\/wp\/v2\/posts\/99\/revisions"}],"predecessor-version":[{"id":103,"href":"https:\/\/kulturweit.blog\/svenjainriga\/wp-json\/wp\/v2\/posts\/99\/revisions\/103"}],"wp:attachment":[{"href":"https:\/\/kulturweit.blog\/svenjainriga\/wp-json\/wp\/v2\/media?parent=99"}],"wp:term":[{"taxonomy":"category","embeddable":true,"href":"https:\/\/kulturweit.blog\/svenjainriga\/wp-json\/wp\/v2\/categories?post=99"},{"taxonomy":"post_tag","embeddable":true,"href":"https:\/\/kulturweit.blog\/svenjainriga\/wp-json\/wp\/v2\/tags?post=99"}],"curies":[{"name":"wp","href":"https:\/\/api.w.org\/{rel}","templated":true}]}}