{"id":53,"date":"2012-09-08T22:41:27","date_gmt":"2012-09-08T20:41:27","guid":{"rendered":"https:\/\/kulturweit.blog\/svenjainriga\/?p=53"},"modified":"2012-09-08T22:54:03","modified_gmt":"2012-09-08T20:54:03","slug":"riga-ist-wunderschon-riga-ist-manchmal-alles-andere-als-schon-riga-ist-vielfaltig","status":"publish","type":"post","link":"https:\/\/kulturweit.blog\/svenjainriga\/2012\/09\/08\/riga-ist-wunderschon-riga-ist-manchmal-alles-andere-als-schon-riga-ist-vielfaltig\/","title":{"rendered":"Riga ist wundersch\u00f6n. Riga ist manchmal alles andere als sch\u00f6n. Riga ist vielf\u00e4ltig."},"content":{"rendered":"<p><em><strong>Ein paar \u00a0Einblick in das schnieke Zentrum von Riga bzw vom Ufer der Daugava<\/strong><\/em><\/p>\n<p>&nbsp;<\/p>\n<p><a href=\"https:\/\/kulturweit.blog\/svenjainriga\/files\/2012\/09\/DSCN0956.jpg\"><img loading=\"lazy\" decoding=\"async\" class=\"alignnone size-medium wp-image-54\" src=\"https:\/\/kulturweit.blog\/svenjainriga\/files\/2012\/09\/DSCN0956-300x225.jpg\" alt=\"\" width=\"300\" height=\"225\" srcset=\"https:\/\/kulturweit.blog\/svenjainriga\/files\/2012\/09\/DSCN0956-300x225.jpg 300w, https:\/\/kulturweit.blog\/svenjainriga\/files\/2012\/09\/DSCN0956.jpg 1024w\" sizes=\"(max-width: 300px) 100vw, 300px\" \/><\/a><a href=\"https:\/\/kulturweit.blog\/svenjainriga\/files\/2012\/09\/DSCN09771.jpg\"><img loading=\"lazy\" decoding=\"async\" class=\"alignnone size-medium wp-image-71\" src=\"https:\/\/kulturweit.blog\/svenjainriga\/files\/2012\/09\/DSCN09771-225x300.jpg\" alt=\"\" width=\"225\" height=\"300\" srcset=\"https:\/\/kulturweit.blog\/svenjainriga\/files\/2012\/09\/DSCN09771-225x300.jpg 225w, https:\/\/kulturweit.blog\/svenjainriga\/files\/2012\/09\/DSCN09771.jpg 768w\" sizes=\"(max-width: 225px) 100vw, 225px\" \/><\/a><a href=\"https:\/\/kulturweit.blog\/svenjainriga\/files\/2012\/09\/DSCN09781.jpg\"><img loading=\"lazy\" decoding=\"async\" class=\"alignnone size-medium wp-image-72\" src=\"https:\/\/kulturweit.blog\/svenjainriga\/files\/2012\/09\/DSCN09781-300x225.jpg\" alt=\"\" width=\"300\" height=\"225\" srcset=\"https:\/\/kulturweit.blog\/svenjainriga\/files\/2012\/09\/DSCN09781-300x225.jpg 300w, https:\/\/kulturweit.blog\/svenjainriga\/files\/2012\/09\/DSCN09781.jpg 1024w\" sizes=\"(max-width: 300px) 100vw, 300px\" \/><\/a><a href=\"https:\/\/kulturweit.blog\/svenjainriga\/files\/2012\/09\/DSCN09761.jpg\"><img loading=\"lazy\" decoding=\"async\" class=\"alignnone size-medium wp-image-75\" src=\"https:\/\/kulturweit.blog\/svenjainriga\/files\/2012\/09\/DSCN09761-300x225.jpg\" alt=\"\" width=\"300\" height=\"225\" srcset=\"https:\/\/kulturweit.blog\/svenjainriga\/files\/2012\/09\/DSCN09761-300x225.jpg 300w, https:\/\/kulturweit.blog\/svenjainriga\/files\/2012\/09\/DSCN09761.jpg 1024w\" sizes=\"(max-width: 300px) 100vw, 300px\" \/><\/a><a href=\"https:\/\/kulturweit.blog\/svenjainriga\/files\/2012\/09\/DSCN09871.jpg\"><img loading=\"lazy\" decoding=\"async\" class=\"alignnone size-medium wp-image-73\" src=\"https:\/\/kulturweit.blog\/svenjainriga\/files\/2012\/09\/DSCN09871-300x225.jpg\" alt=\"\" width=\"300\" height=\"225\" srcset=\"https:\/\/kulturweit.blog\/svenjainriga\/files\/2012\/09\/DSCN09871-300x225.jpg 300w, https:\/\/kulturweit.blog\/svenjainriga\/files\/2012\/09\/DSCN09871.jpg 1024w\" sizes=\"(max-width: 300px) 100vw, 300px\" \/><\/a><img loading=\"lazy\" decoding=\"async\" class=\"alignnone size-medium wp-image-66\" src=\"https:\/\/kulturweit.blog\/svenjainriga\/files\/2012\/09\/IMG01808-20120904-1408-300x225.jpg\" alt=\"\" width=\"300\" height=\"225\" srcset=\"https:\/\/kulturweit.blog\/svenjainriga\/files\/2012\/09\/IMG01808-20120904-1408-300x225.jpg 300w, https:\/\/kulturweit.blog\/svenjainriga\/files\/2012\/09\/IMG01808-20120904-1408.jpg 1024w\" sizes=\"(max-width: 300px) 100vw, 300px\" \/><a href=\"https:\/\/kulturweit.blog\/svenjainriga\/files\/2012\/09\/IMG01806-20120904-14071.jpg\"><img loading=\"lazy\" decoding=\"async\" class=\"alignnone size-medium wp-image-69\" src=\"https:\/\/kulturweit.blog\/svenjainriga\/files\/2012\/09\/IMG01806-20120904-14071-225x300.jpg\" alt=\"\" width=\"225\" height=\"300\" srcset=\"https:\/\/kulturweit.blog\/svenjainriga\/files\/2012\/09\/IMG01806-20120904-14071-225x300.jpg 225w, https:\/\/kulturweit.blog\/svenjainriga\/files\/2012\/09\/IMG01806-20120904-14071.jpg 768w\" sizes=\"(max-width: 225px) 100vw, 225px\" \/><\/a><img loading=\"lazy\" decoding=\"async\" class=\"alignnone size-medium wp-image-70\" src=\"https:\/\/kulturweit.blog\/svenjainriga\/files\/2012\/09\/IMG01807-20120904-14081-300x225.jpg\" alt=\"\" width=\"300\" height=\"225\" srcset=\"https:\/\/kulturweit.blog\/svenjainriga\/files\/2012\/09\/IMG01807-20120904-14081-300x225.jpg 300w, https:\/\/kulturweit.blog\/svenjainriga\/files\/2012\/09\/IMG01807-20120904-14081.jpg 1024w\" sizes=\"(max-width: 300px) 100vw, 300px\" \/><\/p>\n<p>&nbsp;<\/p>\n","protected":false},"excerpt":{"rendered":"<p>Ein paar \u00a0Einblick in das schnieke Zentrum von Riga bzw vom Ufer der Daugava &nbsp; &nbsp;<\/p>\n","protected":false},"author":871,"featured_media":82,"comment_status":"open","ping_status":"open","sticky":false,"template":"","format":"image","meta":{"footnotes":""},"categories":[21,48714,51753],"tags":[],"class_list":["post-53","post","type-post","status-publish","format-image","has-post-thumbnail","hentry","category-allgemein","category-lettland","category-wahrnehmung-in-deutschland","post_format-post-format-image","has-featured-image"],"amp_enabled":true,"_links":{"self":[{"href":"https:\/\/kulturweit.blog\/svenjainriga\/wp-json\/wp\/v2\/posts\/53"}],"collection":[{"href":"https:\/\/kulturweit.blog\/svenjainriga\/wp-json\/wp\/v2\/posts"}],"about":[{"href":"https:\/\/kulturweit.blog\/svenjainriga\/wp-json\/wp\/v2\/types\/post"}],"author":[{"embeddable":true,"href":"https:\/\/kulturweit.blog\/svenjainriga\/wp-json\/wp\/v2\/users\/871"}],"replies":[{"embeddable":true,"href":"https:\/\/kulturweit.blog\/svenjainriga\/wp-json\/wp\/v2\/comments?post=53"}],"version-history":[{"count":1,"href":"https:\/\/kulturweit.blog\/svenjainriga\/wp-json\/wp\/v2\/posts\/53\/revisions"}],"predecessor-version":[{"id":85,"href":"https:\/\/kulturweit.blog\/svenjainriga\/wp-json\/wp\/v2\/posts\/53\/revisions\/85"}],"wp:featuredmedia":[{"embeddable":true,"href":"https:\/\/kulturweit.blog\/svenjainriga\/wp-json\/wp\/v2\/media\/82"}],"wp:attachment":[{"href":"https:\/\/kulturweit.blog\/svenjainriga\/wp-json\/wp\/v2\/media?parent=53"}],"wp:term":[{"taxonomy":"category","embeddable":true,"href":"https:\/\/kulturweit.blog\/svenjainriga\/wp-json\/wp\/v2\/categories?post=53"},{"taxonomy":"post_tag","embeddable":true,"href":"https:\/\/kulturweit.blog\/svenjainriga\/wp-json\/wp\/v2\/tags?post=53"}],"curies":[{"name":"wp","href":"https:\/\/api.w.org\/{rel}","templated":true}]}}