{"id":500,"date":"2013-07-18T20:07:00","date_gmt":"2013-07-18T18:07:00","guid":{"rendered":"https:\/\/kulturweit.blog\/svenjainriga\/?p=500"},"modified":"2013-07-18T20:08:37","modified_gmt":"2013-07-18T18:08:37","slug":"reisegedanken-zum-abschied","status":"publish","type":"post","link":"https:\/\/kulturweit.blog\/svenjainriga\/2013\/07\/18\/reisegedanken-zum-abschied\/","title":{"rendered":"Reisegedanken zum Abschied"},"content":{"rendered":"<p>Was ist nur alles passiert in diesem einen Jahr? Wo bin ich nur \u00fcberall gewesen? Wen habe ich nur alles kennengelernt und was ist dabei aus mir geworden?<\/p>\n<p>Nach sechs bereisten L\u00e4ndern und sechs neu erkundeten Hauptst\u00e4dten (Warschau, Stockholm, Moskau, Tallinn, Vilnius und nat\u00fcrlich Riga) habe ich zumindest so etwas wie einen Orientierungssinn entwickelt. Ich habe gelernt die kompliziertesten Reiserouten mit einem Minimum an Planungsaufwand zu meistern und ich bin zum ersten Mal alleine in einem unbekannten Land umhergereist. Ich habe eine unerwartete Zuneigung vor allem f\u00fcr Polen und Russland entwickelt (meine anderen Zuneigungen waren eher gem\u00e4\u00df meiner Erwartungen) und ich habe im Herzen des Baltikums eine neue (2.) Heimat gefunden. Ich habe mich zum ersten Mal in meine eigene Muttersprache verliebt und zudem hatte ich meine Freude mit Englisch, Lettisch und Russisch. Ich bin w\u00e4hrend dem Jahr mit Menschen aus nicht der ganzen, aber fast der ganzen Welt in Ber\u00fchrung gekommen. Und wie wunderbar war es, wie sehr hat es mich davon \u00fcberzeugt, dass ich in meinem ganzen Leben nie aufh\u00f6ren will, zu reisen und Neues kennen zu lernen. Ich habe das Gef\u00fchl, in diesem Jahr ein komplettes Leben gelebt zu haben und ich bin immer noch die selbe und doch ist alles anders. Und dass ich dieses eine Leben nicht ganz, aber gr\u00f6\u00dftenteils in Lettland zur\u00fccklassen muss, macht mich untr\u00f6stlich. Dennoch wei\u00df ich, dass das der kleine Preis f\u00fcr die viele sch\u00f6n gelebte Zeit ist.<\/p>\n","protected":false},"excerpt":{"rendered":"<p>Was ist nur alles passiert in diesem einen Jahr? Wo bin ich nur \u00fcberall gewesen? Wen habe ich nur alles kennengelernt und was ist dabei aus mir geworden? Nach sechs bereisten L\u00e4ndern und sechs neu erkundeten Hauptst\u00e4dten (Warschau, Stockholm, Moskau, &hellip; <a href=\"https:\/\/kulturweit.blog\/svenjainriga\/2013\/07\/18\/reisegedanken-zum-abschied\/\">Weiterlesen <span class=\"meta-nav\">&rarr;<\/span><\/a><\/p>\n","protected":false},"author":871,"featured_media":501,"comment_status":"open","ping_status":"open","sticky":false,"template":"","format":"standard","meta":{"footnotes":""},"categories":[21],"tags":[],"class_list":["post-500","post","type-post","status-publish","format-standard","has-post-thumbnail","hentry","category-allgemein","has-featured-image"],"amp_enabled":true,"_links":{"self":[{"href":"https:\/\/kulturweit.blog\/svenjainriga\/wp-json\/wp\/v2\/posts\/500"}],"collection":[{"href":"https:\/\/kulturweit.blog\/svenjainriga\/wp-json\/wp\/v2\/posts"}],"about":[{"href":"https:\/\/kulturweit.blog\/svenjainriga\/wp-json\/wp\/v2\/types\/post"}],"author":[{"embeddable":true,"href":"https:\/\/kulturweit.blog\/svenjainriga\/wp-json\/wp\/v2\/users\/871"}],"replies":[{"embeddable":true,"href":"https:\/\/kulturweit.blog\/svenjainriga\/wp-json\/wp\/v2\/comments?post=500"}],"version-history":[{"count":1,"href":"https:\/\/kulturweit.blog\/svenjainriga\/wp-json\/wp\/v2\/posts\/500\/revisions"}],"predecessor-version":[{"id":505,"href":"https:\/\/kulturweit.blog\/svenjainriga\/wp-json\/wp\/v2\/posts\/500\/revisions\/505"}],"wp:featuredmedia":[{"embeddable":true,"href":"https:\/\/kulturweit.blog\/svenjainriga\/wp-json\/wp\/v2\/media\/501"}],"wp:attachment":[{"href":"https:\/\/kulturweit.blog\/svenjainriga\/wp-json\/wp\/v2\/media?parent=500"}],"wp:term":[{"taxonomy":"category","embeddable":true,"href":"https:\/\/kulturweit.blog\/svenjainriga\/wp-json\/wp\/v2\/categories?post=500"},{"taxonomy":"post_tag","embeddable":true,"href":"https:\/\/kulturweit.blog\/svenjainriga\/wp-json\/wp\/v2\/tags?post=500"}],"curies":[{"name":"wp","href":"https:\/\/api.w.org\/{rel}","templated":true}]}}