{"id":456,"date":"2013-07-05T22:22:37","date_gmt":"2013-07-05T20:22:37","guid":{"rendered":"https:\/\/kulturweit.blog\/svenjainriga\/?p=456"},"modified":"2013-07-05T22:26:10","modified_gmt":"2013-07-05T20:26:10","slug":"weder-skandinavien-noch-russland","status":"publish","type":"post","link":"https:\/\/kulturweit.blog\/svenjainriga\/2013\/07\/05\/weder-skandinavien-noch-russland\/","title":{"rendered":"Weder Skandinavien noch Russland"},"content":{"rendered":"<div id=\"attachment_459\" style=\"width: 310px\" class=\"wp-caption alignright\"><a href=\"https:\/\/kulturweit.blog\/svenjainriga\/files\/2013\/07\/DSCN3188.jpg\"><img loading=\"lazy\" decoding=\"async\" aria-describedby=\"caption-attachment-459\" class=\"size-medium wp-image-459 \" alt=\"viele, kleine Stra\u00dfen mit bunten Holzh\u00e4usern in Haapsalu\" src=\"https:\/\/kulturweit.blog\/svenjainriga\/files\/2013\/07\/DSCN3188-300x225.jpg\" width=\"300\" height=\"225\" srcset=\"https:\/\/kulturweit.blog\/svenjainriga\/files\/2013\/07\/DSCN3188-300x225.jpg 300w, https:\/\/kulturweit.blog\/svenjainriga\/files\/2013\/07\/DSCN3188.jpg 1024w\" sizes=\"(max-width: 300px) 100vw, 300px\" \/><\/a><p id=\"caption-attachment-459\" class=\"wp-caption-text\">viele, kleine Stra\u00dfen mit bunten Holzh\u00e4usern in Haapsalu<\/p><\/div>\n<p>&#8230;sondern nach Estland hat es mich mal wieder getrieben. Mit einer Freundin und jeweils einem gro\u00dfen Rucksack ging es von Riga nach P\u00e4rnu, von P\u00e4rnu nach Haapsalu und schlie\u00dflich nach Tallinn. Irgendwann hatte ich einmal bef\u00fcrchtet durch den Besitz eines zu mobilem Internet f\u00e4higen Ger\u00e4tes gehe die Reiseromantik verloren, doch dieser Trip bewies mir das Gegenteil. So kam es dazu, dass wir ohne Buchung im Hostel in Tallinn standen, um nach zwei Betten zu fragen. Unser Planung im Voraus hatte sich n\u00e4mlich auf den Bus zu und die erste Nacht im Badeort P\u00e4rnu,\u00a0dem Vorhaben die Reise mit Tallinn abzuschlie\u00dfen und ein paar wagen Ideen, wo man hingehen k\u00f6nnte, beschr\u00e4nkt. Meist entschied sich erst am Morgen, wo wir am Abend sein und schlafen werden. So reisten wir mit viel Freiheit im Gep\u00e4ck an der K\u00fcste entlang nach Tallinn. In P\u00e4rnu erwartete uns wei\u00dfer Sandstrand und Mittelmeer-warmes Ostseewasser, in Haapsalu zogen uns vor allem die vielen kleinen, bunten Holzh\u00e4user und das Haus \u00fcber Ilon Wikland, der\u00a0Illustratorin einer Vielzahl von Astrid Lindgrens Kinderb\u00fcchern, in ihren Bann und Tallinn verzauberte uns mit seinem Mittelaltercharme, den vielen interessanten Menschen, denen wir begegneten und \u00fcberraschte, wie anders es doch ist als in Riga. Und wider Bef\u00fcrchtungen erwarteten uns keine nordischen Temperaturen, stattdessen war es meine Freundin Anna, welche im Bus von P\u00e4rnu nach Haapsalu sagte: &#8222;Nie h\u00e4tte ich gedacht, dass ich dieses Jahr in Estland in einem Bus sitzen w\u00fcrde, \u00a0in dem ich fast sterbe vor Hitze.&#8220;<\/p>\n<div id=\"attachment_460\" style=\"width: 310px\" class=\"wp-caption alignright\"><a href=\"https:\/\/kulturweit.blog\/svenjainriga\/files\/2013\/07\/DSCN3184.jpg\"><img loading=\"lazy\" decoding=\"async\" aria-describedby=\"caption-attachment-460\" class=\"size-medium wp-image-460 \" alt=\"darauf haben wir nicht gekocht...\" src=\"https:\/\/kulturweit.blog\/svenjainriga\/files\/2013\/07\/DSCN3184-300x225.jpg\" width=\"300\" height=\"225\" srcset=\"https:\/\/kulturweit.blog\/svenjainriga\/files\/2013\/07\/DSCN3184-300x225.jpg 300w, https:\/\/kulturweit.blog\/svenjainriga\/files\/2013\/07\/DSCN3184.jpg 1024w\" sizes=\"(max-width: 300px) 100vw, 300px\" \/><\/a><p id=\"caption-attachment-460\" class=\"wp-caption-text\">darauf haben wir nicht gekocht&#8230;<\/p><\/div>\n<p>&nbsp;<\/p>\n<div id=\"attachment_461\" style=\"width: 235px\" class=\"wp-caption alignright\"><a href=\"https:\/\/kulturweit.blog\/svenjainriga\/files\/2013\/07\/DSCN3247.jpg\"><img loading=\"lazy\" decoding=\"async\" aria-describedby=\"caption-attachment-461\" class=\"size-medium wp-image-461 \" alt=\"Stra\u00dfen in Tallinn\" src=\"https:\/\/kulturweit.blog\/svenjainriga\/files\/2013\/07\/DSCN3247-225x300.jpg\" width=\"225\" height=\"300\" srcset=\"https:\/\/kulturweit.blog\/svenjainriga\/files\/2013\/07\/DSCN3247-225x300.jpg 225w, https:\/\/kulturweit.blog\/svenjainriga\/files\/2013\/07\/DSCN3247.jpg 768w\" sizes=\"(max-width: 225px) 100vw, 225px\" \/><\/a><p id=\"caption-attachment-461\" class=\"wp-caption-text\">Stra\u00dfen in Tallinn<\/p><\/div>\n<p><a href=\"https:\/\/kulturweit.blog\/svenjainriga\/files\/2013\/07\/DSCN3260.jpg\"><img loading=\"lazy\" decoding=\"async\" class=\"size-medium wp-image-463 alignleft\" alt=\"DSCN3260\" src=\"https:\/\/kulturweit.blog\/svenjainriga\/files\/2013\/07\/DSCN3260-225x300.jpg\" width=\"225\" height=\"300\" srcset=\"https:\/\/kulturweit.blog\/svenjainriga\/files\/2013\/07\/DSCN3260-225x300.jpg 225w, https:\/\/kulturweit.blog\/svenjainriga\/files\/2013\/07\/DSCN3260.jpg 768w\" sizes=\"(max-width: 225px) 100vw, 225px\" \/><\/a><a href=\"https:\/\/kulturweit.blog\/svenjainriga\/files\/2013\/07\/DSCN3256.jpg\"><img loading=\"lazy\" decoding=\"async\" class=\"alignnone size-medium wp-image-462\" alt=\"DSCN3256\" src=\"https:\/\/kulturweit.blog\/svenjainriga\/files\/2013\/07\/DSCN3256-225x300.jpg\" width=\"225\" height=\"300\" srcset=\"https:\/\/kulturweit.blog\/svenjainriga\/files\/2013\/07\/DSCN3256-225x300.jpg 225w, https:\/\/kulturweit.blog\/svenjainriga\/files\/2013\/07\/DSCN3256.jpg 768w\" sizes=\"(max-width: 225px) 100vw, 225px\" \/><\/a><\/p>\n<div id=\"attachment_464\" style=\"width: 235px\" class=\"wp-caption alignleft\"><a href=\"https:\/\/kulturweit.blog\/svenjainriga\/files\/2013\/07\/DSCN3263.jpg\"><img loading=\"lazy\" decoding=\"async\" aria-describedby=\"caption-attachment-464\" class=\"size-medium wp-image-464 \" alt=\"\u00dcber uns ist der Himmel blau...\" src=\"https:\/\/kulturweit.blog\/svenjainriga\/files\/2013\/07\/DSCN3263-225x300.jpg\" width=\"225\" height=\"300\" srcset=\"https:\/\/kulturweit.blog\/svenjainriga\/files\/2013\/07\/DSCN3263-225x300.jpg 225w, https:\/\/kulturweit.blog\/svenjainriga\/files\/2013\/07\/DSCN3263.jpg 768w\" sizes=\"(max-width: 225px) 100vw, 225px\" \/><\/a><p id=\"caption-attachment-464\" class=\"wp-caption-text\">\u00dcber uns ist der Himmel blau&#8230;<\/p><\/div>\n<p><a href=\"https:\/\/kulturweit.blog\/svenjainriga\/files\/2013\/07\/DSCN3265.jpg\"><img loading=\"lazy\" decoding=\"async\" class=\"size-medium wp-image-465 alignleft\" alt=\"DSCN3265\" src=\"https:\/\/kulturweit.blog\/svenjainriga\/files\/2013\/07\/DSCN3265-225x300.jpg\" width=\"225\" height=\"300\" srcset=\"https:\/\/kulturweit.blog\/svenjainriga\/files\/2013\/07\/DSCN3265-225x300.jpg 225w, https:\/\/kulturweit.blog\/svenjainriga\/files\/2013\/07\/DSCN3265.jpg 768w\" sizes=\"(max-width: 225px) 100vw, 225px\" \/><\/a> <a href=\"https:\/\/kulturweit.blog\/svenjainriga\/files\/2013\/07\/DSCN3298.jpg\"><img loading=\"lazy\" decoding=\"async\" class=\"alignnone size-medium wp-image-467\" alt=\"DSCN3298\" src=\"https:\/\/kulturweit.blog\/svenjainriga\/files\/2013\/07\/DSCN3298-300x52.jpg\" width=\"300\" height=\"52\" srcset=\"https:\/\/kulturweit.blog\/svenjainriga\/files\/2013\/07\/DSCN3298-300x52.jpg 300w, https:\/\/kulturweit.blog\/svenjainriga\/files\/2013\/07\/DSCN3298.jpg 1024w\" sizes=\"(max-width: 300px) 100vw, 300px\" \/><\/a><\/p>\n<p>&nbsp;<\/p>\n","protected":false},"excerpt":{"rendered":"<p>&#8230;sondern nach Estland hat es mich mal wieder getrieben. Mit einer Freundin und jeweils einem gro\u00dfen Rucksack ging es von Riga nach P\u00e4rnu, von P\u00e4rnu nach Haapsalu und schlie\u00dflich nach Tallinn. Irgendwann hatte ich einmal bef\u00fcrchtet durch den Besitz eines &hellip; <a href=\"https:\/\/kulturweit.blog\/svenjainriga\/2013\/07\/05\/weder-skandinavien-noch-russland\/\">Weiterlesen <span class=\"meta-nav\">&rarr;<\/span><\/a><\/p>\n","protected":false},"author":871,"featured_media":468,"comment_status":"open","ping_status":"open","sticky":false,"template":"","format":"standard","meta":{"footnotes":""},"categories":[21],"tags":[],"class_list":["post-456","post","type-post","status-publish","format-standard","has-post-thumbnail","hentry","category-allgemein","has-featured-image"],"amp_enabled":true,"_links":{"self":[{"href":"https:\/\/kulturweit.blog\/svenjainriga\/wp-json\/wp\/v2\/posts\/456"}],"collection":[{"href":"https:\/\/kulturweit.blog\/svenjainriga\/wp-json\/wp\/v2\/posts"}],"about":[{"href":"https:\/\/kulturweit.blog\/svenjainriga\/wp-json\/wp\/v2\/types\/post"}],"author":[{"embeddable":true,"href":"https:\/\/kulturweit.blog\/svenjainriga\/wp-json\/wp\/v2\/users\/871"}],"replies":[{"embeddable":true,"href":"https:\/\/kulturweit.blog\/svenjainriga\/wp-json\/wp\/v2\/comments?post=456"}],"version-history":[{"count":0,"href":"https:\/\/kulturweit.blog\/svenjainriga\/wp-json\/wp\/v2\/posts\/456\/revisions"}],"wp:featuredmedia":[{"embeddable":true,"href":"https:\/\/kulturweit.blog\/svenjainriga\/wp-json\/wp\/v2\/media\/468"}],"wp:attachment":[{"href":"https:\/\/kulturweit.blog\/svenjainriga\/wp-json\/wp\/v2\/media?parent=456"}],"wp:term":[{"taxonomy":"category","embeddable":true,"href":"https:\/\/kulturweit.blog\/svenjainriga\/wp-json\/wp\/v2\/categories?post=456"},{"taxonomy":"post_tag","embeddable":true,"href":"https:\/\/kulturweit.blog\/svenjainriga\/wp-json\/wp\/v2\/tags?post=456"}],"curies":[{"name":"wp","href":"https:\/\/api.w.org\/{rel}","templated":true}]}}