{"id":373,"date":"2013-06-01T23:39:43","date_gmt":"2013-06-01T21:39:43","guid":{"rendered":"https:\/\/kulturweit.blog\/svenjainriga\/?p=373"},"modified":"2013-06-02T00:16:56","modified_gmt":"2013-06-01T22:16:56","slug":"was-so-los-ist","status":"publish","type":"post","link":"https:\/\/kulturweit.blog\/svenjainriga\/2013\/06\/01\/was-so-los-ist\/","title":{"rendered":"Was so los ist"},"content":{"rendered":"<p>Was gerade so los ist bei mir in Riga? Hier ein paar willk\u00fcrliche Eindr\u00fccke aus den letzten Wochen:<\/p>\n<p>An dem Wochenende als Hanna aus Tartu zu Besuch war, waren wir in Saulkrasti zum ersten Mal in diesem Jahr in der Ostsee schwimmen. Am fast menschenleeren, endlos scheinenden, wei\u00dfen Sandstrand haben wir in der Sonne gelegen und uns schlie\u00dflich auch ins eiskalte Wasser gewagt (wenige Wochen zuvor, was die Ostsee an dieser Stelle schlie\u00dflich noch zugefroren gewesen) . Am selben Wochenende war auch bei gl\u00fchender Hitze der Riga Marathon, bei dem auch drei befreundete EFD-Freiwillige mitgelaufen sind. Am selben Wochenende war auch Museumsnacht in Riga und wir haben die einmalige Chance ergriffen, zu diesem Anlass in das lettische Parlament zu gehen. Im Vergleich zum Deutschen Bundestag wirkte es jedoch eher wie ein Museum.<\/p>\n<div id=\"attachment_374\" style=\"width: 310px\" class=\"wp-caption aligncenter\"><a href=\"https:\/\/kulturweit.blog\/svenjainriga\/files\/2013\/06\/IMG02030-20130519-1433.jpg\"><img loading=\"lazy\" decoding=\"async\" aria-describedby=\"caption-attachment-374\" class=\"size-medium wp-image-374 \" alt=\"IMG02030-20130519-1433\" src=\"https:\/\/kulturweit.blog\/svenjainriga\/files\/2013\/06\/IMG02030-20130519-1433-300x225.jpg\" width=\"300\" height=\"225\" srcset=\"https:\/\/kulturweit.blog\/svenjainriga\/files\/2013\/06\/IMG02030-20130519-1433-300x225.jpg 300w, https:\/\/kulturweit.blog\/svenjainriga\/files\/2013\/06\/IMG02030-20130519-1433.jpg 1024w\" sizes=\"(max-width: 300px) 100vw, 300px\" \/><\/a><p id=\"caption-attachment-374\" class=\"wp-caption-text\">Beim Riga-City-Marathon, jedoch als bereits der Letzten durch das Ziel gelaufen war. Im Hintergrund Hafen.<\/p><\/div>\n<div id=\"attachment_376\" style=\"width: 310px\" class=\"wp-caption aligncenter\"><a href=\"https:\/\/kulturweit.blog\/svenjainriga\/files\/2013\/06\/IMG02029-20130518-1859.jpg\"><img loading=\"lazy\" decoding=\"async\" aria-describedby=\"caption-attachment-376\" class=\"size-medium wp-image-376 \" alt=\"IMG02029-20130518-1859\" src=\"https:\/\/kulturweit.blog\/svenjainriga\/files\/2013\/06\/IMG02029-20130518-1859-300x225.jpg\" width=\"300\" height=\"225\" srcset=\"https:\/\/kulturweit.blog\/svenjainriga\/files\/2013\/06\/IMG02029-20130518-1859-300x225.jpg 300w, https:\/\/kulturweit.blog\/svenjainriga\/files\/2013\/06\/IMG02029-20130518-1859.jpg 1024w\" sizes=\"(max-width: 300px) 100vw, 300px\" \/><\/a><p id=\"caption-attachment-376\" class=\"wp-caption-text\">Lettische Saeima<\/p><\/div>\n<p>&nbsp;<\/p>\n<div id=\"attachment_377\" style=\"width: 252px\" class=\"wp-caption alignright\"><a href=\"https:\/\/kulturweit.blog\/svenjainriga\/files\/2013\/06\/eishockey.jpg\"><img loading=\"lazy\" decoding=\"async\" aria-describedby=\"caption-attachment-377\" class=\"size-medium wp-image-377 \" alt=\"eishockey\" src=\"https:\/\/kulturweit.blog\/svenjainriga\/files\/2013\/06\/eishockey-242x300.jpg\" width=\"242\" height=\"300\" srcset=\"https:\/\/kulturweit.blog\/svenjainriga\/files\/2013\/06\/eishockey-242x300.jpg 242w, https:\/\/kulturweit.blog\/svenjainriga\/files\/2013\/06\/eishockey.jpg 809w\" sizes=\"(max-width: 242px) 100vw, 242px\" \/><\/a><p id=\"caption-attachment-377\" class=\"wp-caption-text\">Das einzige Deutschlandf\u00e4hnchen im Zelt<\/p><\/div>\n<p>&nbsp;<\/p>\n<p>&nbsp;<\/p>\n<p>&nbsp;<\/p>\n<p>&nbsp;<\/p>\n<p>Irgendwann davor oder danach hab ich dann noch mit Freunden beim public viewing zugeschaut, wie Deutschland Lettland beim Eishockey (WM-Gruppenspiel) geschlagen hat.<\/p>\n<p>&nbsp;<\/p>\n<p>&nbsp;<\/p>\n<p>&nbsp;<\/p>\n<p>&nbsp;<\/p>\n<p>&nbsp;<\/p>\n<div id=\"attachment_378\" style=\"width: 310px\" class=\"wp-caption alignright\"><a href=\"https:\/\/kulturweit.blog\/svenjainriga\/files\/2013\/06\/P1060504.jpg\"><img loading=\"lazy\" decoding=\"async\" aria-describedby=\"caption-attachment-378\" class=\"size-medium wp-image-378 \" alt=\"P1060504\" src=\"https:\/\/kulturweit.blog\/svenjainriga\/files\/2013\/06\/P1060504-300x225.jpg\" width=\"300\" height=\"225\" srcset=\"https:\/\/kulturweit.blog\/svenjainriga\/files\/2013\/06\/P1060504-300x225.jpg 300w, https:\/\/kulturweit.blog\/svenjainriga\/files\/2013\/06\/P1060504.jpg 1024w\" sizes=\"(max-width: 300px) 100vw, 300px\" \/><\/a><p id=\"caption-attachment-378\" class=\"wp-caption-text\">Nach dem Gewitter vor dem Schwimmen<\/p><\/div>\n<p>Dann hatte ich eine Woche lang Besuch von meinem Vater und seiner Freundin. Nach einer Fahrradtour nach Jurmala folgte in diesem Zusammenhang das zweite Ostseebaden (Wasser diesmal viel w\u00e4rmer!).<\/p>\n<p>&nbsp;<\/p>\n<p>&nbsp;<\/p>\n<p>&nbsp;<\/p>\n<p>&nbsp;<\/p>\n<p>&nbsp;<\/p>\n<p>&nbsp;<\/p>\n<p>&nbsp;<\/p>\n<p>Dann muss ich gestehen, dass ich in Lettland extrem zum Sportguckerfan geworden bin. Irgendwie kann man sich \u00fcber diesen Weg leicht mit einem Land identifizieren. Nur, dass ich nahezu nie Fussball mehr schaue (daher war das\u00a0Championsleague-Finale Schauen auch trotz schlechtem Stream ein echtes Highlight f\u00fcr mich \ud83d\ude00 )\u00a0, sondern meist Eishockey. Letztes Wochenende war es dann aber Basketball und zwar die Frauenmannschaft Lettlands gegen Litauen im Rahmen einer Brustkrebsvorsorge-Kampagne, von der mir meiner Mitbewohnerin erz\u00e4hlt hat, deren Schwester in der Nationalmannschaft spielt und die gemeinsam mit ihrer Mutter das Gesicht der Kampagne war. <a href=\"http:\/\/sportacentrs.com\/basketbols\/damas\/25052013-latvija_uzvar_lietuvas_izlasi?picture=9#p\">Bild vom Spiel mit uns im Hintergrund<\/a><\/p>\n<p>Heute war ich auch noch mit einem Freund in dem sch\u00f6nsten Kino, in dem ich je war. Gleicht eher einer Oper. Wobei wir sonst immer in ein gew\u00f6hnliches in einem Einkaufzentrum gehen.<\/p>\n<p><a href=\"https:\/\/kulturweit.blog\/svenjainriga\/files\/2013\/06\/IMG02040-20130601-1949.jpg\"><img loading=\"lazy\" decoding=\"async\" class=\"alignnone size-medium wp-image-381\" alt=\"IMG02040-20130601-1949\" src=\"https:\/\/kulturweit.blog\/svenjainriga\/files\/2013\/06\/IMG02040-20130601-1949-300x225.jpg\" width=\"300\" height=\"225\" srcset=\"https:\/\/kulturweit.blog\/svenjainriga\/files\/2013\/06\/IMG02040-20130601-1949-300x225.jpg 300w, https:\/\/kulturweit.blog\/svenjainriga\/files\/2013\/06\/IMG02040-20130601-1949.jpg 1024w\" sizes=\"(max-width: 300px) 100vw, 300px\" \/><\/a><a href=\"https:\/\/kulturweit.blog\/svenjainriga\/files\/2013\/06\/IMG02044-20130601-1958.jpg\"><img loading=\"lazy\" decoding=\"async\" class=\"alignnone size-medium wp-image-382\" alt=\"IMG02044-20130601-1958\" src=\"https:\/\/kulturweit.blog\/svenjainriga\/files\/2013\/06\/IMG02044-20130601-1958-300x225.jpg\" width=\"300\" height=\"225\" srcset=\"https:\/\/kulturweit.blog\/svenjainriga\/files\/2013\/06\/IMG02044-20130601-1958-300x225.jpg 300w, https:\/\/kulturweit.blog\/svenjainriga\/files\/2013\/06\/IMG02044-20130601-1958.jpg 1024w\" sizes=\"(max-width: 300px) 100vw, 300px\" \/><\/a><\/p>\n<p>&nbsp;<\/p>\n<p>Alles Sonstige bleibt erstmal unerw\u00e4hnt \ud83d\ude09<\/p>\n","protected":false},"excerpt":{"rendered":"<p>Was gerade so los ist bei mir in Riga? Hier ein paar willk\u00fcrliche Eindr\u00fccke aus den letzten Wochen: An dem Wochenende als Hanna aus Tartu zu Besuch war, waren wir in Saulkrasti zum ersten Mal in diesem Jahr in der &hellip; <a href=\"https:\/\/kulturweit.blog\/svenjainriga\/2013\/06\/01\/was-so-los-ist\/\">Weiterlesen <span class=\"meta-nav\">&rarr;<\/span><\/a><\/p>\n","protected":false},"author":871,"featured_media":385,"comment_status":"open","ping_status":"open","sticky":false,"template":"","format":"standard","meta":{"footnotes":""},"categories":[21],"tags":[],"class_list":["post-373","post","type-post","status-publish","format-standard","has-post-thumbnail","hentry","category-allgemein","has-featured-image"],"amp_enabled":true,"_links":{"self":[{"href":"https:\/\/kulturweit.blog\/svenjainriga\/wp-json\/wp\/v2\/posts\/373"}],"collection":[{"href":"https:\/\/kulturweit.blog\/svenjainriga\/wp-json\/wp\/v2\/posts"}],"about":[{"href":"https:\/\/kulturweit.blog\/svenjainriga\/wp-json\/wp\/v2\/types\/post"}],"author":[{"embeddable":true,"href":"https:\/\/kulturweit.blog\/svenjainriga\/wp-json\/wp\/v2\/users\/871"}],"replies":[{"embeddable":true,"href":"https:\/\/kulturweit.blog\/svenjainriga\/wp-json\/wp\/v2\/comments?post=373"}],"version-history":[{"count":1,"href":"https:\/\/kulturweit.blog\/svenjainriga\/wp-json\/wp\/v2\/posts\/373\/revisions"}],"predecessor-version":[{"id":387,"href":"https:\/\/kulturweit.blog\/svenjainriga\/wp-json\/wp\/v2\/posts\/373\/revisions\/387"}],"wp:featuredmedia":[{"embeddable":true,"href":"https:\/\/kulturweit.blog\/svenjainriga\/wp-json\/wp\/v2\/media\/385"}],"wp:attachment":[{"href":"https:\/\/kulturweit.blog\/svenjainriga\/wp-json\/wp\/v2\/media?parent=373"}],"wp:term":[{"taxonomy":"category","embeddable":true,"href":"https:\/\/kulturweit.blog\/svenjainriga\/wp-json\/wp\/v2\/categories?post=373"},{"taxonomy":"post_tag","embeddable":true,"href":"https:\/\/kulturweit.blog\/svenjainriga\/wp-json\/wp\/v2\/tags?post=373"}],"curies":[{"name":"wp","href":"https:\/\/api.w.org\/{rel}","templated":true}]}}