{"id":353,"date":"2013-05-08T15:48:43","date_gmt":"2013-05-08T13:48:43","guid":{"rendered":"https:\/\/kulturweit.blog\/svenjainriga\/?p=353"},"modified":"2013-05-08T15:48:43","modified_gmt":"2013-05-08T13:48:43","slug":"laufen-laufen","status":"publish","type":"post","link":"https:\/\/kulturweit.blog\/svenjainriga\/2013\/05\/08\/laufen-laufen\/","title":{"rendered":"Laufen Laufen"},"content":{"rendered":"<p>Wenn ich Laufen gehe, f\u00fchle ich mich gut. Dann geraten meine Gedanken in den Hintergrund und ich nehme nur noch meine Umwelt und meinen K\u00f6rper wahr. Manchmal halte ich Sport f\u00fcr \u00fcberwertet, aber viel h\u00e4ufiger noch, halte ich es f\u00fcr das Beste, was man machen kann. Vor ein paar Wochen habe ich beschlossen, nicht mehr ins Fitnessstudio zu gehen, sondern mit meinen Laufschuhen wieder die Au\u00dfenwelt zu bezwingen. Als ich diesen Beschluss f\u00e4llte, war jeder Lauf noch eine Herausforderung, die mit konzentrierten Blick auf den verschneiten und vereisten Boden gemeistert werden musste, um nicht b\u00f6se zu fallen. Vor drei Wochen lag in der einen oder anderen Ecke in Riga noch Schnee, doch seit gestern ist nach \u00fcber 6 Monaten Winter der Sommer eingekehrt. Von einem Tag auf den anderen, war es pl\u00f6tzlich gr\u00fcn, pl\u00f6tzlich sonnig und seit gestern pl\u00f6tzlich auch noch hei\u00df (ja, 25 Grad PLUS sind hei\u00df!). Der Wetterbericht verr\u00e4t zwar, dass es nicht lange so bleiben wird, aber der Beweis, dass es in Lettland auch warm sein kann, ist gemacht. So bin ich heute zum ersten Mal auch in kurzer Hose gelaufen und das hat sich so endlos gut angef\u00fchlt. Diese tollen Gef\u00fchle, die man jedes Jahr beim Jahreszeitenwechsel erneut erleben darf &#8211; wunderbar! Ich am\u00fcsiere mich ein bisschen dar\u00fcber, dass ich den Schatten aufsuche, weil ich einfach keine W\u00e4rme mehr gew\u00f6hnt bin und laufe und laufe so Richtung\u00a0Me\u017eaparks, mit dem Ziel\u00a0\u00a0\u0136\u012b\u0161ezers\u00a0(auf deutsch: Kirschsee). Bereits am 1.Mai war ich dort und habe mich sehr in den Wald und den See dort verliebt. Weil ich aber gerne neue Wege ausprobiere, habe ich mich irgendwann verlaufen, was mich aber nicht st\u00f6rt. Ich habe n\u00e4mlich irgendwann den &#8222;Br\u00fcderfriedhof&#8220; vor Augen, das Nationaldenkmal, der gefallenen Soldaten im 1.Weltkrieg und des lettischen Unabh\u00e4ngigkeitskampfes. Das Monument ist riesig, bestehend aus symmetrisch angelegten Alleen und Gr\u00fcnfl\u00e4chen, endend in einem Hain, der sich hinter einem &#8222;ewig brennenden&#8220; Feuer erstreckt. Bisher hatte ich die Anlage nur auf Fotos gesehen, jetzt laufe(nicht mehr joggend) ich verschwitzt unter der strahlenden Sonne \u00fcber das Monument.<\/p>\n<p>Um das Monument herum beginnt auch schon der Wald des\u00a0Me\u017eaparks, allerdings erstmal nur Friedh\u00f6fe. Weil ich nicht zur\u00fcck will, hoffe ich, dass ich irgendwann in der Parkanlage herauskommen werde. Also laufe (wirklich wieder nur laufen) ich in den schattigen Friedhof hinein. Der Kiefernwald duftet nach Sommer. Er ist unheimlich sch\u00f6n. Die Gr\u00e4ber sind vom Wald um- und verwachsen, uneben, wei\u00df man nie, was hinter dem n\u00e4chsten kleinen H\u00fcgel kommt. Es ist angenehm ruhig und doch nicht verlassen und vor allem duften die Kiefernzapfen so wunderbar s\u00fc\u00dflich. Irgendwann habe ich das Gef\u00fchl, der Friedhof nimmt kein Ende und ich will gerne wieder laufen, daher bin ich froh als ich schlie\u00dflich einen Ausgang finde. Bis ich dann in dem Erholungsgebiet angekommen bin, laufe ich noch ein ganzes St\u00fcck. Der\u00a0\u0136\u012b\u0161ezers entlohnt mich dann jedoch f\u00fcr alles. Blau und sanfte Wellen schlagend liegt er vor mir, wenige Minuten von der Gro\u00dfstadt entfernt, l\u00e4sst er jedes Verkehrsger\u00e4usch vergessen. Ich gehe mit den F\u00fc\u00dfen ins Wasser und will zuhause herausfinden, ob die Wasserqualit\u00e4t zum Schwimmen taugt. Wenn der Sommer nach der erwarteten Abk\u00fchlungsperiode wieder kommt, wei\u00df ich, wo ich meine freien Stunden verbringen werde.<\/p>\n","protected":false},"excerpt":{"rendered":"<p>Wenn ich Laufen gehe, f\u00fchle ich mich gut. Dann geraten meine Gedanken in den Hintergrund und ich nehme nur noch meine Umwelt und meinen K\u00f6rper wahr. Manchmal halte ich Sport f\u00fcr \u00fcberwertet, aber viel h\u00e4ufiger noch, halte ich es f\u00fcr &hellip; <a href=\"https:\/\/kulturweit.blog\/svenjainriga\/2013\/05\/08\/laufen-laufen\/\">Weiterlesen <span class=\"meta-nav\">&rarr;<\/span><\/a><\/p>\n","protected":false},"author":871,"featured_media":0,"comment_status":"open","ping_status":"open","sticky":false,"template":"","format":"standard","meta":{"footnotes":""},"categories":[21],"tags":[],"class_list":["post-353","post","type-post","status-publish","format-standard","hentry","category-allgemein"],"amp_enabled":true,"_links":{"self":[{"href":"https:\/\/kulturweit.blog\/svenjainriga\/wp-json\/wp\/v2\/posts\/353"}],"collection":[{"href":"https:\/\/kulturweit.blog\/svenjainriga\/wp-json\/wp\/v2\/posts"}],"about":[{"href":"https:\/\/kulturweit.blog\/svenjainriga\/wp-json\/wp\/v2\/types\/post"}],"author":[{"embeddable":true,"href":"https:\/\/kulturweit.blog\/svenjainriga\/wp-json\/wp\/v2\/users\/871"}],"replies":[{"embeddable":true,"href":"https:\/\/kulturweit.blog\/svenjainriga\/wp-json\/wp\/v2\/comments?post=353"}],"version-history":[{"count":0,"href":"https:\/\/kulturweit.blog\/svenjainriga\/wp-json\/wp\/v2\/posts\/353\/revisions"}],"wp:attachment":[{"href":"https:\/\/kulturweit.blog\/svenjainriga\/wp-json\/wp\/v2\/media?parent=353"}],"wp:term":[{"taxonomy":"category","embeddable":true,"href":"https:\/\/kulturweit.blog\/svenjainriga\/wp-json\/wp\/v2\/categories?post=353"},{"taxonomy":"post_tag","embeddable":true,"href":"https:\/\/kulturweit.blog\/svenjainriga\/wp-json\/wp\/v2\/tags?post=353"}],"curies":[{"name":"wp","href":"https:\/\/api.w.org\/{rel}","templated":true}]}}