{"id":328,"date":"2013-05-03T15:24:19","date_gmt":"2013-05-03T13:24:19","guid":{"rendered":"https:\/\/kulturweit.blog\/svenjainriga\/?p=328"},"modified":"2013-05-03T15:24:19","modified_gmt":"2013-05-03T13:24:19","slug":"inspirierendes-riga","status":"publish","type":"post","link":"https:\/\/kulturweit.blog\/svenjainriga\/2013\/05\/03\/inspirierendes-riga\/","title":{"rendered":"Inspirierendes Riga"},"content":{"rendered":"<p>Was k\u00f6nnte Kreativit\u00e4t weckender sein, als in einem neuen Land, in einer neuen Stadt, umgeben von neuen Menschen und endlos vielen neuen Eindr\u00fccken, Zeit zu haben &#8211; zum Nachdenken, zum Schreiben zum Fotografieren?<\/p>\n<p>Daher mache ich jetzt ein bisschen Eigenwerbung; ich habe einen erg\u00e4nzenden Blog eingerichtet f\u00fcr ein bisschen Kreativit\u00e4t je nach Lust und Laune, bisher alles direkt aus Riga. Freue mich \u00fcber Kommentar, Kritik und jeden Besucher:\u00a0<a href=\"http:\/\/wahrwahrnehmung.wordpress.com\/\">http:\/\/wahrwahrnehmung.wordpress.com\/<\/a><\/p>\n","protected":false},"excerpt":{"rendered":"<p>Was k\u00f6nnte Kreativit\u00e4t weckender sein, als in einem neuen Land, in einer neuen Stadt, umgeben von neuen Menschen und endlos vielen neuen Eindr\u00fccken, Zeit zu haben &#8211; zum Nachdenken, zum Schreiben zum Fotografieren? Daher mache ich jetzt ein bisschen Eigenwerbung; &hellip; <a href=\"https:\/\/kulturweit.blog\/svenjainriga\/2013\/05\/03\/inspirierendes-riga\/\">Weiterlesen <span class=\"meta-nav\">&rarr;<\/span><\/a><\/p>\n","protected":false},"author":871,"featured_media":331,"comment_status":"open","ping_status":"open","sticky":false,"template":"","format":"aside","meta":{"footnotes":""},"categories":[21],"tags":[],"class_list":["post-328","post","type-post","status-publish","format-aside","has-post-thumbnail","hentry","category-allgemein","post_format-post-format-aside","has-featured-image"],"amp_enabled":true,"_links":{"self":[{"href":"https:\/\/kulturweit.blog\/svenjainriga\/wp-json\/wp\/v2\/posts\/328"}],"collection":[{"href":"https:\/\/kulturweit.blog\/svenjainriga\/wp-json\/wp\/v2\/posts"}],"about":[{"href":"https:\/\/kulturweit.blog\/svenjainriga\/wp-json\/wp\/v2\/types\/post"}],"author":[{"embeddable":true,"href":"https:\/\/kulturweit.blog\/svenjainriga\/wp-json\/wp\/v2\/users\/871"}],"replies":[{"embeddable":true,"href":"https:\/\/kulturweit.blog\/svenjainriga\/wp-json\/wp\/v2\/comments?post=328"}],"version-history":[{"count":1,"href":"https:\/\/kulturweit.blog\/svenjainriga\/wp-json\/wp\/v2\/posts\/328\/revisions"}],"predecessor-version":[{"id":335,"href":"https:\/\/kulturweit.blog\/svenjainriga\/wp-json\/wp\/v2\/posts\/328\/revisions\/335"}],"wp:featuredmedia":[{"embeddable":true,"href":"https:\/\/kulturweit.blog\/svenjainriga\/wp-json\/wp\/v2\/media\/331"}],"wp:attachment":[{"href":"https:\/\/kulturweit.blog\/svenjainriga\/wp-json\/wp\/v2\/media?parent=328"}],"wp:term":[{"taxonomy":"category","embeddable":true,"href":"https:\/\/kulturweit.blog\/svenjainriga\/wp-json\/wp\/v2\/categories?post=328"},{"taxonomy":"post_tag","embeddable":true,"href":"https:\/\/kulturweit.blog\/svenjainriga\/wp-json\/wp\/v2\/tags?post=328"}],"curies":[{"name":"wp","href":"https:\/\/api.w.org\/{rel}","templated":true}]}}