{"id":317,"date":"2013-05-01T22:29:14","date_gmt":"2013-05-01T20:29:14","guid":{"rendered":"https:\/\/kulturweit.blog\/svenjainriga\/?p=317"},"modified":"2013-05-03T23:15:25","modified_gmt":"2013-05-03T21:15:25","slug":"darba-svetki-oder-critical-mass","status":"publish","type":"post","link":"https:\/\/kulturweit.blog\/svenjainriga\/2013\/05\/01\/darba-svetki-oder-critical-mass\/","title":{"rendered":"Darba sv\u0113tki oder critical mass"},"content":{"rendered":"<p>Auf dem Fahrrad im Wind, mit der Sonne im Gesicht, umgeben von Hunderten anderen Radfahrer \u2013 so hat sich die Critical Mass heute Raum f\u00fcr Radfahrer in Riga erk\u00e4mpft.<\/p>\n<p>Nachdem meine Mitbewohnerin meine lettische Mitbewohnerin befragt hatte, was man am 1.Mai in Riga so macht, hat sie uns Fahrrad-besitzenden Menschen zu dem<\/p>\n<p>KRITISK\u0100 MASA 2013<\/p>\n<p>Event gelotst.<\/p>\n<p>Nachdem wir uns vor am Theaterplatz versammelt hatten, ging es auf die von Autos dominierte Stra\u00dfe. Auch f\u00fcnfspurige Stra\u00dfen haben wir eingenommen, die eine oder andere rote Ampel \u00fcberw\u00e4ltigt, aber manchmal auch den Weg durch Autos, Bussen und LKWs hindurch gesucht. Polizeischutz? Nee, das ist wohl nicht \u00fcblich. Egal, wo wir entlang fuhren, die Passanten haben ihre Fotoapparate gez\u00fcckt und waren offensichtlich beeindruckt. In der Innenstadt habe ich die zitierungsw\u00fcrdige Aussage eines deutschen Touristen beim Vorbeifahren aufgeschanppt: \u201eD\u00e4s h\u00f6rd ja ga nimma auf\u201c(meine bayrische Schreibkompetenz ist verbesserungsf\u00e4hig, also bitte nicht wundern, falls \u201eRechtschreibung\u201c falsch). Als wir uns um die ehemalige sowjetische Statur auf der anderen Seite der Daugava versammelt haben, haben dann alle ihre Fahrr\u00e4der kopf\u00fcber in die Luft gestreckt und es wurde die Macht der Fahrradfahrer demonstriert. Laut einer lettischen Zeitung waren es etwa 1000 Radfahrer.\u00a0<img loading=\"lazy\" decoding=\"async\" class=\"alignnone size-full wp-image-320\" alt=\"IMG01998-20130501-1407\" src=\"https:\/\/kulturweit.blog\/svenjainriga\/files\/2013\/05\/IMG01998-20130501-1407.jpg\" width=\"1024\" height=\"768\" srcset=\"https:\/\/kulturweit.blog\/svenjainriga\/files\/2013\/05\/IMG01998-20130501-1407.jpg 1024w, https:\/\/kulturweit.blog\/svenjainriga\/files\/2013\/05\/IMG01998-20130501-1407-300x225.jpg 300w\" sizes=\"(max-width: 1024px) 100vw, 1024px\" \/><img loading=\"lazy\" decoding=\"async\" class=\"alignnone size-full wp-image-322\" alt=\"IMG_20130501_140749\" src=\"https:\/\/kulturweit.blog\/svenjainriga\/files\/2013\/05\/IMG_20130501_140749.jpg\" width=\"1024\" height=\"768\" srcset=\"https:\/\/kulturweit.blog\/svenjainriga\/files\/2013\/05\/IMG_20130501_140749.jpg 1024w, https:\/\/kulturweit.blog\/svenjainriga\/files\/2013\/05\/IMG_20130501_140749-300x225.jpg 300w\" sizes=\"(max-width: 1024px) 100vw, 1024px\" \/>Und was da f\u00fcr R\u00e4der dabei waren, alle Farben und Formen. Und gerade auch wenn man auf der Suche nach dem lettischen \u201eHipster\u201c ist, hier ist man auf seine Kosten gekommen. Sowieso in erster Linie junge Menschen um die 20 haben die Masse ausgemacht. Auf jeden Fall war es die perfekte Weise um den Sch\u00f6nwetter-1.Mai zu verbringen. Und danach hatte ich sogar noch Zeit mit einem Freund mit dem Fahrrad endlich mal in den Mezapark zu fahren und dort am blau-goldenen See zu relaxen. Guter Tag.<\/p>\n<p><a href=\"https:\/\/kulturweit.blog\/svenjainriga\/files\/2013\/05\/IMG02000-20130501-1749.jpg\"><img loading=\"lazy\" decoding=\"async\" class=\"alignnone size-full wp-image-321\" alt=\"IMG02000-20130501-1749\" src=\"https:\/\/kulturweit.blog\/svenjainriga\/files\/2013\/05\/IMG02000-20130501-1749.jpg\" width=\"1024\" height=\"768\" srcset=\"https:\/\/kulturweit.blog\/svenjainriga\/files\/2013\/05\/IMG02000-20130501-1749.jpg 1024w, https:\/\/kulturweit.blog\/svenjainriga\/files\/2013\/05\/IMG02000-20130501-1749-300x225.jpg 300w\" sizes=\"(max-width: 1024px) 100vw, 1024px\" \/><\/a><\/p>\n","protected":false},"excerpt":{"rendered":"<p>Auf dem Fahrrad im Wind, mit der Sonne im Gesicht, umgeben von Hunderten anderen Radfahrer \u2013 so hat sich die Critical Mass heute Raum f\u00fcr Radfahrer in Riga erk\u00e4mpft. Nachdem meine Mitbewohnerin meine lettische Mitbewohnerin befragt hatte, was man am &hellip; <a href=\"https:\/\/kulturweit.blog\/svenjainriga\/2013\/05\/01\/darba-svetki-oder-critical-mass\/\">Weiterlesen <span class=\"meta-nav\">&rarr;<\/span><\/a><\/p>\n","protected":false},"author":871,"featured_media":323,"comment_status":"open","ping_status":"open","sticky":false,"template":"","format":"standard","meta":{"footnotes":""},"categories":[21],"tags":[],"class_list":["post-317","post","type-post","status-publish","format-standard","has-post-thumbnail","hentry","category-allgemein","has-featured-image"],"amp_enabled":true,"_links":{"self":[{"href":"https:\/\/kulturweit.blog\/svenjainriga\/wp-json\/wp\/v2\/posts\/317"}],"collection":[{"href":"https:\/\/kulturweit.blog\/svenjainriga\/wp-json\/wp\/v2\/posts"}],"about":[{"href":"https:\/\/kulturweit.blog\/svenjainriga\/wp-json\/wp\/v2\/types\/post"}],"author":[{"embeddable":true,"href":"https:\/\/kulturweit.blog\/svenjainriga\/wp-json\/wp\/v2\/users\/871"}],"replies":[{"embeddable":true,"href":"https:\/\/kulturweit.blog\/svenjainriga\/wp-json\/wp\/v2\/comments?post=317"}],"version-history":[{"count":1,"href":"https:\/\/kulturweit.blog\/svenjainriga\/wp-json\/wp\/v2\/posts\/317\/revisions"}],"predecessor-version":[{"id":337,"href":"https:\/\/kulturweit.blog\/svenjainriga\/wp-json\/wp\/v2\/posts\/317\/revisions\/337"}],"wp:featuredmedia":[{"embeddable":true,"href":"https:\/\/kulturweit.blog\/svenjainriga\/wp-json\/wp\/v2\/media\/323"}],"wp:attachment":[{"href":"https:\/\/kulturweit.blog\/svenjainriga\/wp-json\/wp\/v2\/media?parent=317"}],"wp:term":[{"taxonomy":"category","embeddable":true,"href":"https:\/\/kulturweit.blog\/svenjainriga\/wp-json\/wp\/v2\/categories?post=317"},{"taxonomy":"post_tag","embeddable":true,"href":"https:\/\/kulturweit.blog\/svenjainriga\/wp-json\/wp\/v2\/tags?post=317"}],"curies":[{"name":"wp","href":"https:\/\/api.w.org\/{rel}","templated":true}]}}