{"id":305,"date":"2013-04-08T22:17:06","date_gmt":"2013-04-08T20:17:06","guid":{"rendered":"https:\/\/kulturweit.blog\/svenjainriga\/?p=305"},"modified":"2013-04-08T22:17:06","modified_gmt":"2013-04-08T20:17:06","slug":"jova-%c8%addog","status":"publish","type":"post","link":"https:\/\/kulturweit.blog\/svenjainriga\/2013\/04\/08\/jova-%c8%addog\/","title":{"rendered":"J\u00f5v\u0101 \u022dd\u00f5g!"},"content":{"rendered":"<p>&#8230; hei\u00dft &#8222;Guten Abend&#8220; und sieht dabei so gar nicht Lettisch aus. Denn das ist es auch nicht und doch hatte diese Sprache ihre Heimat in Lettland. Es ist Livisch und somit die Sprache einer kleinen Minderheit im Baltikum, den Liven. Nur noch etwa 230 Menschen z\u00e4hlen zu dieser fast ausgestorbenen Volksgruppe. Sie leben in erster Linie in Fischerd\u00f6rfern in Kurzeme, im Nordwesten Lettlands. Doch vor allem w\u00e4hrend der sowjetischen Okkupation wurde das Volk unterdr\u00fcckt. So wurde ihr Gebiet zum milit\u00e4risches Sperrgebiet erkl\u00e4rt und die Menschen mussten ihre D\u00f6rfer verlassen.<\/p>\n<p>Nur noch um die 10 Menschen haben heute noch Livisch als Muttersprache. Kaum mehr beherrschen es gut genug, um sich damit zu verst\u00e4ndigen.<\/p>\n<p>Livisch selbst geh\u00f6rt zu den\u00a0finno-ugrischen Sprachen und ist am ehesten mit dem Estnischen verwandt. Livisch impliziert aber auch ca 200 Lehnw\u00f6rter aus dem Deutschen, wie zum Beispiel &#8222;<i>Di\u0161ler&#8220; (<\/i>Anm:<i>\u00a0<\/i><i>\u0161 <\/i>wird wie<i><\/i><i> sch <\/i>gesprochen<i><\/i><i>)<\/i>\u00a0zu Deutsch\u00a0Tischler, aber mit ca 2000 vor allem Lehnw\u00f6rter aus dem Lettischen.<\/p>\n<p>&nbsp;<\/p>\n<p>Ich hatte soeben spontan das Bed\u00fcrfnis \u00fcber diese kleine Kulturgruppe etwas zu schreiben. Deren Flagge \u00fcbrigens einen besonders sch\u00f6nen Hintergrund hat. \u00a0Unten blau, dann wei\u00df, dann gr\u00fcn steht sie f\u00fcr den Blick des auf dem Meer treibenden Fischers, der vor sich das blaue Meer sieht und umso weiter sein Auge wandert den wei\u00dfen Strand und schlie\u00dflich den gr\u00fcnen Wald.<\/p>\n<p>Zum Schluss noch ein paar livische Ausdr\u00fccke:<\/p>\n<p>T\u0113ri\u0146t\u0161! &#8211; Hallo<\/p>\n<p>n\u00e4 &#8211; ja<\/p>\n<p>\u00e4b &#8211; nein<\/p>\n<p>Kui sinn\u00f5n (t\u00e4dd\u00f5n) l\u01dfb? &#8211; Wie geht es dir?<\/p>\n<p>Tien\u016b, minn\u00f5n l\u01dfb j\u00f5vist. &#8211; Danke, mir geht es gut.<\/p>\n<p>Minn\u00f5n um r\u012bem t\u0113\u0107i n\u01dfd\u00f5. &#8211; Ich bin froh, dich zu sehen!<\/p>\n","protected":false},"excerpt":{"rendered":"<p>&#8230; hei\u00dft &#8222;Guten Abend&#8220; und sieht dabei so gar nicht Lettisch aus. Denn das ist es auch nicht und doch hatte diese Sprache ihre Heimat in Lettland. Es ist Livisch und somit die Sprache einer kleinen Minderheit im Baltikum, den &hellip; <a href=\"https:\/\/kulturweit.blog\/svenjainriga\/2013\/04\/08\/jova-%c8%addog\/\">Weiterlesen <span class=\"meta-nav\">&rarr;<\/span><\/a><\/p>\n","protected":false},"author":871,"featured_media":0,"comment_status":"open","ping_status":"open","sticky":false,"template":"","format":"standard","meta":{"footnotes":""},"categories":[21],"tags":[],"class_list":["post-305","post","type-post","status-publish","format-standard","hentry","category-allgemein"],"amp_enabled":true,"_links":{"self":[{"href":"https:\/\/kulturweit.blog\/svenjainriga\/wp-json\/wp\/v2\/posts\/305"}],"collection":[{"href":"https:\/\/kulturweit.blog\/svenjainriga\/wp-json\/wp\/v2\/posts"}],"about":[{"href":"https:\/\/kulturweit.blog\/svenjainriga\/wp-json\/wp\/v2\/types\/post"}],"author":[{"embeddable":true,"href":"https:\/\/kulturweit.blog\/svenjainriga\/wp-json\/wp\/v2\/users\/871"}],"replies":[{"embeddable":true,"href":"https:\/\/kulturweit.blog\/svenjainriga\/wp-json\/wp\/v2\/comments?post=305"}],"version-history":[{"count":0,"href":"https:\/\/kulturweit.blog\/svenjainriga\/wp-json\/wp\/v2\/posts\/305\/revisions"}],"wp:attachment":[{"href":"https:\/\/kulturweit.blog\/svenjainriga\/wp-json\/wp\/v2\/media?parent=305"}],"wp:term":[{"taxonomy":"category","embeddable":true,"href":"https:\/\/kulturweit.blog\/svenjainriga\/wp-json\/wp\/v2\/categories?post=305"},{"taxonomy":"post_tag","embeddable":true,"href":"https:\/\/kulturweit.blog\/svenjainriga\/wp-json\/wp\/v2\/tags?post=305"}],"curies":[{"name":"wp","href":"https:\/\/api.w.org\/{rel}","templated":true}]}}