{"id":224,"date":"2012-12-18T21:28:22","date_gmt":"2012-12-18T20:28:22","guid":{"rendered":"https:\/\/kulturweit.blog\/svenjainriga\/?p=224"},"modified":"2012-12-18T21:28:22","modified_gmt":"2012-12-18T20:28:22","slug":"und-man-merkt-den-unterschied-doch","status":"publish","type":"post","link":"https:\/\/kulturweit.blog\/svenjainriga\/2012\/12\/18\/und-man-merkt-den-unterschied-doch\/","title":{"rendered":"Und man merkt den Unterschied doch"},"content":{"rendered":"<p>Ich hatte mir immer erfolgreich eingeredet, dass ich den Unterschied zwischen -5 und -15 Grad bei Weitem weniger sp\u00fcren w\u00fcrde, als eine solche Differenz im Plusbereich. Jetzt hat es drau\u00dfen -15Grad, wenn ich auf die Stra\u00dfe gehe, verliert sich meine Sicht in einem Schneegest\u00f6ber und was nicht wei\u00df ist, ist grau getreten oder von der nicht sparsamen Weihnachtsbeleuchtung \u00a0\u00fcberstrahlt. Und ich merke den Temperaturunterschied! Aber vielleicht liegt es auch daran, dass ich mein Fenster mit Handt\u00fcchern austopfen muss und mit Gaffer verdichten, um wenigsten behaupten zu k\u00f6nnen, dass ich etwas gegen die Eisesk\u00e4lte in meinem Zimmer versucht h\u00e4tte. Was soll\u00b4s, ich freu mich trotzdem auch auf die bevorstehenden -20Grad \ud83d\ude09<\/p>\n<p>Denn die rigaische Winterlandschaft ist einfach zu bezaubernd! \ud83d\ude42<\/p>\n","protected":false},"excerpt":{"rendered":"<p>Ich hatte mir immer erfolgreich eingeredet, dass ich den Unterschied zwischen -5 und -15 Grad bei Weitem weniger sp\u00fcren w\u00fcrde, als eine solche Differenz im Plusbereich. Jetzt hat es drau\u00dfen -15Grad, wenn ich auf die Stra\u00dfe gehe, verliert sich meine &hellip; <a href=\"https:\/\/kulturweit.blog\/svenjainriga\/2012\/12\/18\/und-man-merkt-den-unterschied-doch\/\">Weiterlesen <span class=\"meta-nav\">&rarr;<\/span><\/a><\/p>\n","protected":false},"author":871,"featured_media":225,"comment_status":"open","ping_status":"open","sticky":false,"template":"","format":"standard","meta":{"footnotes":""},"categories":[21],"tags":[],"class_list":["post-224","post","type-post","status-publish","format-standard","has-post-thumbnail","hentry","category-allgemein","has-featured-image"],"amp_enabled":true,"_links":{"self":[{"href":"https:\/\/kulturweit.blog\/svenjainriga\/wp-json\/wp\/v2\/posts\/224"}],"collection":[{"href":"https:\/\/kulturweit.blog\/svenjainriga\/wp-json\/wp\/v2\/posts"}],"about":[{"href":"https:\/\/kulturweit.blog\/svenjainriga\/wp-json\/wp\/v2\/types\/post"}],"author":[{"embeddable":true,"href":"https:\/\/kulturweit.blog\/svenjainriga\/wp-json\/wp\/v2\/users\/871"}],"replies":[{"embeddable":true,"href":"https:\/\/kulturweit.blog\/svenjainriga\/wp-json\/wp\/v2\/comments?post=224"}],"version-history":[{"count":0,"href":"https:\/\/kulturweit.blog\/svenjainriga\/wp-json\/wp\/v2\/posts\/224\/revisions"}],"wp:featuredmedia":[{"embeddable":true,"href":"https:\/\/kulturweit.blog\/svenjainriga\/wp-json\/wp\/v2\/media\/225"}],"wp:attachment":[{"href":"https:\/\/kulturweit.blog\/svenjainriga\/wp-json\/wp\/v2\/media?parent=224"}],"wp:term":[{"taxonomy":"category","embeddable":true,"href":"https:\/\/kulturweit.blog\/svenjainriga\/wp-json\/wp\/v2\/categories?post=224"},{"taxonomy":"post_tag","embeddable":true,"href":"https:\/\/kulturweit.blog\/svenjainriga\/wp-json\/wp\/v2\/tags?post=224"}],"curies":[{"name":"wp","href":"https:\/\/api.w.org\/{rel}","templated":true}]}}