{"id":218,"date":"2012-12-02T19:36:14","date_gmt":"2012-12-02T18:36:14","guid":{"rendered":"https:\/\/kulturweit.blog\/svenjainriga\/?p=218"},"modified":"2012-12-02T19:36:14","modified_gmt":"2012-12-02T18:36:14","slug":"lebensraum-kuche","status":"publish","type":"post","link":"https:\/\/kulturweit.blog\/svenjainriga\/2012\/12\/02\/lebensraum-kuche\/","title":{"rendered":"Lebensraum K\u00fcche"},"content":{"rendered":"<p>Unsere K\u00fcche ist Kochen, Tee trinken, Kreativ sein, Reden, Spielen, Entspannen &#8211; der sch\u00f6nste Ort in unserer Wohnung \ud83d\ude42<\/p>\n<p><a href=\"https:\/\/kulturweit.blog\/svenjainriga\/files\/2012\/12\/DSCN2099.jpg\"><img loading=\"lazy\" decoding=\"async\" class=\"alignnone size-medium wp-image-221\" src=\"https:\/\/kulturweit.blog\/svenjainriga\/files\/2012\/12\/DSCN2099-300x225.jpg\" alt=\"\" width=\"300\" height=\"225\" srcset=\"https:\/\/kulturweit.blog\/svenjainriga\/files\/2012\/12\/DSCN2099-300x225.jpg 300w, https:\/\/kulturweit.blog\/svenjainriga\/files\/2012\/12\/DSCN2099.jpg 1024w\" sizes=\"(max-width: 300px) 100vw, 300px\" \/><\/a><\/p>\n<p><img loading=\"lazy\" decoding=\"async\" class=\"alignnone size-medium wp-image-220\" src=\"https:\/\/kulturweit.blog\/svenjainriga\/files\/2012\/12\/DSCN2096-225x300.jpg\" alt=\"\" width=\"225\" height=\"300\" srcset=\"https:\/\/kulturweit.blog\/svenjainriga\/files\/2012\/12\/DSCN2096-225x300.jpg 225w, https:\/\/kulturweit.blog\/svenjainriga\/files\/2012\/12\/DSCN2096.jpg 768w\" sizes=\"(max-width: 225px) 100vw, 225px\" \/><\/p>\n","protected":false},"excerpt":{"rendered":"<p>Unsere K\u00fcche ist Kochen, Tee trinken, Kreativ sein, Reden, Spielen, Entspannen &#8211; der sch\u00f6nste Ort in unserer Wohnung \ud83d\ude42<\/p>\n","protected":false},"author":871,"featured_media":219,"comment_status":"open","ping_status":"open","sticky":false,"template":"","format":"standard","meta":{"footnotes":""},"categories":[21],"tags":[],"class_list":["post-218","post","type-post","status-publish","format-standard","has-post-thumbnail","hentry","category-allgemein","has-featured-image"],"amp_enabled":true,"_links":{"self":[{"href":"https:\/\/kulturweit.blog\/svenjainriga\/wp-json\/wp\/v2\/posts\/218"}],"collection":[{"href":"https:\/\/kulturweit.blog\/svenjainriga\/wp-json\/wp\/v2\/posts"}],"about":[{"href":"https:\/\/kulturweit.blog\/svenjainriga\/wp-json\/wp\/v2\/types\/post"}],"author":[{"embeddable":true,"href":"https:\/\/kulturweit.blog\/svenjainriga\/wp-json\/wp\/v2\/users\/871"}],"replies":[{"embeddable":true,"href":"https:\/\/kulturweit.blog\/svenjainriga\/wp-json\/wp\/v2\/comments?post=218"}],"version-history":[{"count":0,"href":"https:\/\/kulturweit.blog\/svenjainriga\/wp-json\/wp\/v2\/posts\/218\/revisions"}],"wp:featuredmedia":[{"embeddable":true,"href":"https:\/\/kulturweit.blog\/svenjainriga\/wp-json\/wp\/v2\/media\/219"}],"wp:attachment":[{"href":"https:\/\/kulturweit.blog\/svenjainriga\/wp-json\/wp\/v2\/media?parent=218"}],"wp:term":[{"taxonomy":"category","embeddable":true,"href":"https:\/\/kulturweit.blog\/svenjainriga\/wp-json\/wp\/v2\/categories?post=218"},{"taxonomy":"post_tag","embeddable":true,"href":"https:\/\/kulturweit.blog\/svenjainriga\/wp-json\/wp\/v2\/tags?post=218"}],"curies":[{"name":"wp","href":"https:\/\/api.w.org\/{rel}","templated":true}]}}