{"id":206,"date":"2012-11-21T20:05:29","date_gmt":"2012-11-21T19:05:29","guid":{"rendered":"https:\/\/kulturweit.blog\/svenjainriga\/?p=206"},"modified":"2012-11-21T20:05:29","modified_gmt":"2012-11-21T19:05:29","slug":"nationalfeiertag","status":"publish","type":"post","link":"https:\/\/kulturweit.blog\/svenjainriga\/2012\/11\/21\/nationalfeiertag\/","title":{"rendered":"Nationalfeiertag"},"content":{"rendered":"<p>Riga gleicht einem Meer von rot-wei\u00df-roten Flaggen \u2013 die lettischen Farben. Bereits seit Tagen herrscht Ausnahmezustand in der lettischen Hauptstadt. Das j\u00e4hrliche Lichterfest hatte schon von Beginn der Woche an den tr\u00fcben Herbst durch Kerzenlichter und Beleuchtungstechnologien in der Stadt vertrieben. Am 18. November selbst str\u00f6men die Menschen dann zu Tausend Richtung Freiheitsstatue in die Innenstadt. Heute ist der \u00f6ffentliche Nahverkehr in der ganzen Stadt kostenfrei. An den Verkehrsmitteln drehen sich kleine Lettlandflaggen im Wind. Die T\u00fcren in den Bussen gehen nur noch mit M\u00fche zu. Jeder Stehplatz wird gen\u00fctzt. Vom muffigen Bus geht es in die K\u00e4lte. Die Temperaturen sind wieder gesunken. Die im Mittelpunkt stehende Freiheitsstatue durchst\u00f6\u00dft eine wei\u00dfe Nebelwand. An ihrem Sockel befindet sich eine gro\u00dfe B\u00fchne und auch eine Rede des Pr\u00e4sidenten wird hier auf gro\u00dfen Leinw\u00e4nden \u00fcbertragen. Der gr\u00fcne Parkg\u00fcrtel um die Altstadt ist mit Kerzenlichtern \u00fcbers\u00e4ht. Auf dem umschlie\u00dfenden Fluss treiben kleine Boote.<\/p>\n<p>Als ich die mich durch die Menschenmenge entlang der vielen kleinen Verkaufsst\u00e4nde hindurch schl\u00e4ngle, wandelt sich der Nieselregen zu kleinen Schneeflocken. Aus allen Winkeln der Stadt sind traditionelle lettische Lieder zu h\u00f6ren. Es kommt ein Gef\u00fchl von Weihnachtsstimmung auf. Wahrscheinlich weil es so festlich wirkt, wenn die Menschen zu Tausend zusammenkommen um die Nationalhymne gemeinsam in den Nachthimmel zu singen. Ich habe in Riga noch nie so viele Menschen auf einmal gesehen. Menschen, jeden Alters sind auf den Stra\u00dfen. Kinder kauen an Lebkuchenfiguren und die Menschen tanzen auf der Stra\u00dfe, um sich warm zu halten. Ich entdecke einen Pulk von Menschen, die sich um einen K\u00fcnstler herum versammelt haben, welcher mit Feuer jongliert. Spontan erinnert mich das Szenario an \u201eBamberg zaubert\u201c. Nur, dass hier Riga und deren Bev\u00f6lkerung bezaubern.<\/p>\n<p>Um 21Uhr eilt die Menge zum gro\u00dfen Fluss Daugava. Hier findet ein gro\u00dfes Feuerwerk statt, welches sich im schwarzen Wasser des Flusses spiegelt. Ein sch\u00f6ner Abschluss des von Lichtern gepr\u00e4gten Festes &#8211; das Fest der lettischen Unabh\u00e4ngigkeit. Und weil in Lettland, der Nationalfeiertag, der auf einen Sonntag f\u00e4llt, nicht weniger Freude bringen soll, gibt es daf\u00fcr am Montag danach frei.<\/p>\n","protected":false},"excerpt":{"rendered":"<p>Riga gleicht einem Meer von rot-wei\u00df-roten Flaggen \u2013 die lettischen Farben. Bereits seit Tagen herrscht Ausnahmezustand in der lettischen Hauptstadt. Das j\u00e4hrliche Lichterfest hatte schon von Beginn der Woche an den tr\u00fcben Herbst durch Kerzenlichter und Beleuchtungstechnologien in der Stadt &hellip; <a href=\"https:\/\/kulturweit.blog\/svenjainriga\/2012\/11\/21\/nationalfeiertag\/\">Weiterlesen <span class=\"meta-nav\">&rarr;<\/span><\/a><\/p>\n","protected":false},"author":871,"featured_media":0,"comment_status":"open","ping_status":"open","sticky":false,"template":"","format":"standard","meta":{"footnotes":""},"categories":[21,48714],"tags":[],"class_list":["post-206","post","type-post","status-publish","format-standard","hentry","category-allgemein","category-lettland"],"amp_enabled":true,"_links":{"self":[{"href":"https:\/\/kulturweit.blog\/svenjainriga\/wp-json\/wp\/v2\/posts\/206"}],"collection":[{"href":"https:\/\/kulturweit.blog\/svenjainriga\/wp-json\/wp\/v2\/posts"}],"about":[{"href":"https:\/\/kulturweit.blog\/svenjainriga\/wp-json\/wp\/v2\/types\/post"}],"author":[{"embeddable":true,"href":"https:\/\/kulturweit.blog\/svenjainriga\/wp-json\/wp\/v2\/users\/871"}],"replies":[{"embeddable":true,"href":"https:\/\/kulturweit.blog\/svenjainriga\/wp-json\/wp\/v2\/comments?post=206"}],"version-history":[{"count":0,"href":"https:\/\/kulturweit.blog\/svenjainriga\/wp-json\/wp\/v2\/posts\/206\/revisions"}],"wp:attachment":[{"href":"https:\/\/kulturweit.blog\/svenjainriga\/wp-json\/wp\/v2\/media?parent=206"}],"wp:term":[{"taxonomy":"category","embeddable":true,"href":"https:\/\/kulturweit.blog\/svenjainriga\/wp-json\/wp\/v2\/categories?post=206"},{"taxonomy":"post_tag","embeddable":true,"href":"https:\/\/kulturweit.blog\/svenjainriga\/wp-json\/wp\/v2\/tags?post=206"}],"curies":[{"name":"wp","href":"https:\/\/api.w.org\/{rel}","templated":true}]}}