{"id":190,"date":"2012-11-18T17:18:00","date_gmt":"2012-11-18T16:18:00","guid":{"rendered":"https:\/\/kulturweit.blog\/svenjainriga\/?p=190"},"modified":"2012-11-18T17:20:59","modified_gmt":"2012-11-18T16:20:59","slug":"perspektivwechsel","status":"publish","type":"post","link":"https:\/\/kulturweit.blog\/svenjainriga\/2012\/11\/18\/perspektivwechsel\/","title":{"rendered":"Perspektivwechsel"},"content":{"rendered":"<p>Riga &#8211; Warschau &#8211; Breslau &#8211; Dobkow &#8211; Breslau -Warschau &#8211; Riga<\/p>\n<p>Zwei N\u00e4chte im Hostel erwarten uns in Warschau, bevor wir von dort mit dem Zug weiter nach Breslau und Richtung Zwischenseminar fahren wollen.<\/p>\n<p>Von oben denken wir, dass Warschau doch wirklich grau und h\u00e4sslich ist. Unten f\u00e4llt uns dann aber erstmal auf, dass alles super modern erscheint. Irgendwie dr\u00e4ngt sich der Gedanke auf &#8222;Zur\u00fcck im Westen&#8220; &#8211; eine Sache der Perspektive also. Wir haben das Gl\u00fcck, dass uns unsere couchsurfing-Bekanntschaft abholen will und direkt auch zum Hostel bringen will &#8211; wie nett ist das denn! Wojziech hat uns gleich auch schon ein 3-Tagesbusticket besorgt (etwa tausend potentielle Verwirrungsquellen werden uns aus dem Weg ger\u00e4umt! \ud83d\ude42 ). Er zeigt uns den Weg zum Hostel, als wir allerdings die Hausnummern abklappern, ist die gesuchte Nummer eine wei\u00dfe Villa in einem schicken Viertel. Unser Begleiter geht voraus, \u00f6ffnet die T\u00fcr und geht hinein. Ich bin bis zum Schluss \u00fcberzeugt, dass er gerade in ein Privathaus hinein gelaufen ist; kein Schild nichts(das mit dem Schild passiert uns allerdings auch in unserem Hostel in Breslau). Ich bin auch noch nicht restlich \u00fcberzeugt, als Wojziech uns in den Gang hinein winkt. Wir stehen mitten in einem Wohnzimmer. Eine Frau mit einem Baby auf dem Schoss reicht uns einen karierten Block und wir sollen unseren Namen drauf schreiben. Oke, das Hostel ist also ziemlich famili\u00e4r. Als wir um 16Uhr uns auf den Weg in die Innenstadt machen, ist es schon dunkel. Es f\u00fchlt sich an, als w\u00fcrde uns Wojziech alles zeigen. Und mir f\u00e4ngt Warschau an zu gefallen. Auch wenn es nicht wirklich in die Kategorie &#8222;\u00e4sthetisch&#8220; hinein f\u00e4llt. Freaky sind die vielen &#8222;Demos&#8220; zum Gedenken an den Flugzeugabsturz bei dem der polnische Pr\u00e4sident\u00a0Kaczynski ums Leben kam. Viele Menschen sind \u00fcberzeugt, dass es sich nicht um einen Unfall handelte und nun finden am jeden 10. jedes Monats Demonstrationen dazu statt. Woyzech verheimlicht nicht, dass er nicht viel davon h\u00e4lt. Er erkl\u00e4rt sarkastisch, dass es in Polen ja keine Armut, keine Obdachlosigkeit, an sich keine anderen Probleme g\u00e4be, gegen die man sich stattdessen stark machen k\u00f6nne. Nachdem wir die Stadt bereits etwas auf uns haben wirken lassen, gehen wir in ein Restaurant mit polnischer K\u00fcche. Die anderen drei essen Piroggi. Ich bin aber so erk\u00e4ltet, dass ich es f\u00fcr eine ziemlich geniale Idee halte, nur eine H\u00fchnersuppe(nach polnischen Rezept) zu essen. Danach zeigt uns Wojziech weiterhin gef\u00fchlt Alles. Um Mitternacht sind wir dann schlie\u00dflich im\u00a0ersehnten Bett.<\/p>\n<p><img loading=\"lazy\" decoding=\"async\" class=\"alignnone size-medium wp-image-192\" style=\"border-style: initial;border-color: initial\" src=\"https:\/\/kulturweit.blog\/svenjainriga\/files\/2012\/11\/DSCN1883-300x225.jpg\" alt=\"\" width=\"300\" height=\"225\" srcset=\"https:\/\/kulturweit.blog\/svenjainriga\/files\/2012\/11\/DSCN1883-300x225.jpg 300w, https:\/\/kulturweit.blog\/svenjainriga\/files\/2012\/11\/DSCN1883.jpg 1024w\" sizes=\"(max-width: 300px) 100vw, 300px\" \/><\/p>\n<p>Am n\u00e4chsten Tag sind wir wieder mit Wojziech verabredet (es ist einfach nur genial, dass es uns alles zeigt). Obwohl er selbst noch nie da war, hat er uns versprochen mit uns gemeinsam zum offiziellen Paradeteil des polnischen Nationalfeiertages(11.11) zu gehen. Davor genie\u00dfen wir aber noch einen Panoramablick \u00fcber Warschau vom Kulturpalast aus.<\/p>\n<p><a href=\"https:\/\/kulturweit.blog\/svenjainriga\/files\/2012\/11\/DSCN1916.jpg\"><img loading=\"lazy\" decoding=\"async\" class=\"alignnone size-medium wp-image-193\" src=\"https:\/\/kulturweit.blog\/svenjainriga\/files\/2012\/11\/DSCN1916-300x225.jpg\" alt=\"\" width=\"300\" height=\"225\" srcset=\"https:\/\/kulturweit.blog\/svenjainriga\/files\/2012\/11\/DSCN1916-300x225.jpg 300w, https:\/\/kulturweit.blog\/svenjainriga\/files\/2012\/11\/DSCN1916.jpg 1024w\" sizes=\"(max-width: 300px) 100vw, 300px\" \/><\/a><a href=\"https:\/\/kulturweit.blog\/svenjainriga\/files\/2012\/11\/DSCN1909.jpg\"><img loading=\"lazy\" decoding=\"async\" class=\"alignnone size-medium wp-image-194\" src=\"https:\/\/kulturweit.blog\/svenjainriga\/files\/2012\/11\/DSCN1909-300x225.jpg\" alt=\"\" width=\"300\" height=\"225\" srcset=\"https:\/\/kulturweit.blog\/svenjainriga\/files\/2012\/11\/DSCN1909-300x225.jpg 300w, https:\/\/kulturweit.blog\/svenjainriga\/files\/2012\/11\/DSCN1909.jpg 1024w\" sizes=\"(max-width: 300px) 100vw, 300px\" \/><\/a><\/p>\n<p>Wojziech hat uns bereits vorgewarnt. Letztes Jahr gab es am Nationalfeiertag viele Ausschreitungen. Er erz\u00e4hlt uns, dass aus dem ganzen Land Stra\u00dfenk\u00e4mpfer zu diesem Zweck angereist sind. Wir sind froh, dass wir ihn bei uns haben, als wir uns dem Stadtkern n\u00e4hern. Ziemlich bald halten wir es f\u00fcr klug, \u00fcberhaupt kein Wort Deutsch mehr zu verlieren. Die Stimmung ist seltsam und schlie\u00dflich wird am Unabh\u00e4ngigkeitstag die Entwaffnung der deutschen Truppen gefeiert. Wir und tausende andere Menschen(so ziemlich jeder mit einer Polenflagge in der Hand) schauen der offiziellen Milit\u00e4rparade zu. Auch historische Soldaten aus dem 1. und 2. Weltkrieg sind immer wieder zu sehen. Parolen werden gerufen, Kanonensch\u00fcsse abgefeuert. Ich finde es extrem seltsam. Und freue mich, dass man sich &#8222;sowas&#8220;(~Patriotismus) in Deutschland nicht &#8222;traut&#8220;. Der Pr\u00e4sident spricht. Wir verschwinden Richtung Nationalmuseum(das ist heute kostenlos). Wieder Milit\u00e4r, diesmal eine Milit\u00e4rausstellung. Uns ist das zuwider. Wir pr\u00e4ferieren die Gem\u00e4ldegalerie. \u00a0Als wir sp\u00e4ter in einer B\u00e4ckerei(sooo wie B\u00e4ckereien sein sollten!) sitzen, l\u00e4uft auch noch ein Demozug an uns vorbei. Wojziech erkl\u00e4rt, dass die Demos am 11. alle keine wirklichen Forderungen haben. Solch Ausschreitungen wie im Jahr davor gibt es dieses Jahr nicht, aber auf den Fernsehern in den Stra\u00dfencafes werden die einen oder anderen &#8222;leuchtenden&#8220; Bilder gezeigt.<\/p>\n<p><a href=\"https:\/\/kulturweit.blog\/svenjainriga\/files\/2012\/11\/DSCN1941.jpg\"><img loading=\"lazy\" decoding=\"async\" class=\"alignnone size-medium wp-image-195\" src=\"https:\/\/kulturweit.blog\/svenjainriga\/files\/2012\/11\/DSCN1941-300x225.jpg\" alt=\"\" width=\"300\" height=\"225\" srcset=\"https:\/\/kulturweit.blog\/svenjainriga\/files\/2012\/11\/DSCN1941-300x225.jpg 300w, https:\/\/kulturweit.blog\/svenjainriga\/files\/2012\/11\/DSCN1941.jpg 1024w\" sizes=\"(max-width: 300px) 100vw, 300px\" \/><\/a><a href=\"https:\/\/kulturweit.blog\/svenjainriga\/files\/2012\/11\/DSCN1952.jpg\"><img loading=\"lazy\" decoding=\"async\" class=\"alignnone size-medium wp-image-196\" src=\"https:\/\/kulturweit.blog\/svenjainriga\/files\/2012\/11\/DSCN1952-300x225.jpg\" alt=\"\" width=\"300\" height=\"225\" srcset=\"https:\/\/kulturweit.blog\/svenjainriga\/files\/2012\/11\/DSCN1952-300x225.jpg 300w, https:\/\/kulturweit.blog\/svenjainriga\/files\/2012\/11\/DSCN1952.jpg 1024w\" sizes=\"(max-width: 300px) 100vw, 300px\" \/><\/a><\/p>\n<p>Am n\u00e4chsten Tag geht es mit dem &#8222;Schnellzug&#8220; nach Breslau &#8211; 7h und der Zug f\u00e4hrt nicht selten um die 30km\/h. Ich vermisse deutsche ICEs(obwohl die DB b\u00f6se ist!!). In Breslau wollen wir nach einer weiteren erschwerten Hostelsuche nur noch schlafen. Das Hostel allerdings ist super s\u00fc\u00df und wir sind die ersten G\u00e4ste \u00fcberhaupt je.<\/p>\n<p><a href=\"https:\/\/kulturweit.blog\/svenjainriga\/files\/2012\/11\/DSCN1980.jpg\"><img loading=\"lazy\" decoding=\"async\" class=\"alignnone size-medium wp-image-197\" src=\"https:\/\/kulturweit.blog\/svenjainriga\/files\/2012\/11\/DSCN1980-300x225.jpg\" alt=\"\" width=\"300\" height=\"225\" srcset=\"https:\/\/kulturweit.blog\/svenjainriga\/files\/2012\/11\/DSCN1980-300x225.jpg 300w, https:\/\/kulturweit.blog\/svenjainriga\/files\/2012\/11\/DSCN1980.jpg 1024w\" sizes=\"(max-width: 300px) 100vw, 300px\" \/><\/a><\/p>\n<p>Nach einem Vormittag in Breslau geht es zur Bussammelstelle von kulturweit. Nach 1,5h Busfahrt sind wir in \u00a0Dobkow(das zum sch\u00f6nsten Dorf Unterschlesiens gew\u00e4hlten Dorf) und auch mitten in der polnischen Provinz. Ich finde es toll, nicht zuletzte, weil ich seit einem viertel Jahr zum ersten Mal wieder etwas wie Berge um mich herum habe. \ud83d\ude00<\/p>\n<p>Das Zwischenseminar ist dann irgendwie ziemlich cool. Vor allem gem\u00fctlich(unser Seminarraum ist ein Kaminzimmer), mit gutem Essen und auch so ganz konstruktiv. Besonders war auch noch unser Ausflug zur Begegnungsst\u00e4tte in Kreisau, wo wir eine F\u00fchrung \u00fcber das Gel\u00e4nde und zu dem historischen Hintergrund der Widerstandsgruppe &#8222;Kreisauer Kreis&#8220; erhielten.<\/p>\n<p>Mit Zwischenstopp in Warschau waren wir dann 8 Tage sp\u00e4ter also wieder im fast 1000km entfernten Riga. So nah an Deutschland war ich schon l\u00e4nger nicht mehr. Breslau ist ja mal so viel n\u00e4her bei Berlin als bei Riga. Aber mir hat die Reise in den Westen getaugt und vor allem habe ich auch mein pers\u00f6nlich gestecktes Ziel erreicht: weiter an meinem zuvor sehr sehr einseitigen Polenbild malen. Bei der Einreise noch mit der Hoffnung, dass mir danach Polen etwas lieber wird, habe ich das Land (wie ich es irgendwie dann doch erwartet hatte) jetzt in mein Herz geschlossen. \ud83d\ude09<\/p>\n<p>&nbsp;<\/p>\n<p>&#8222;Sowjetische Geschenke&#8220;:<\/p>\n<p>in Warschau:<\/p>\n<p><a href=\"https:\/\/kulturweit.blog\/svenjainriga\/files\/2012\/11\/DSCN1900.jpg\"><img loading=\"lazy\" decoding=\"async\" class=\"alignnone size-medium wp-image-198\" src=\"https:\/\/kulturweit.blog\/svenjainriga\/files\/2012\/11\/DSCN1900-300x225.jpg\" alt=\"\" width=\"300\" height=\"225\" srcset=\"https:\/\/kulturweit.blog\/svenjainriga\/files\/2012\/11\/DSCN1900-300x225.jpg 300w, https:\/\/kulturweit.blog\/svenjainriga\/files\/2012\/11\/DSCN1900.jpg 1024w\" sizes=\"(max-width: 300px) 100vw, 300px\" \/><\/a><\/p>\n<p>in Riga:<\/p>\n<p><img loading=\"lazy\" decoding=\"async\" class=\"alignnone size-medium wp-image-199\" src=\"https:\/\/kulturweit.blog\/svenjainriga\/files\/2012\/11\/DSCN1475-225x300.jpg\" alt=\"\" width=\"225\" height=\"300\" srcset=\"https:\/\/kulturweit.blog\/svenjainriga\/files\/2012\/11\/DSCN1475-225x300.jpg 225w, https:\/\/kulturweit.blog\/svenjainriga\/files\/2012\/11\/DSCN1475.jpg 768w\" sizes=\"(max-width: 225px) 100vw, 225px\" \/><\/p>\n<p>(sehen sich bei gleichen Lichtverh\u00e4ltnissen zum Verwechseln \u00e4hnlich)<\/p>\n<p>&nbsp;<\/p>\n","protected":false},"excerpt":{"rendered":"<p>Riga &#8211; Warschau &#8211; Breslau &#8211; Dobkow &#8211; Breslau -Warschau &#8211; Riga Zwei N\u00e4chte im Hostel erwarten uns in Warschau, bevor wir von dort mit dem Zug weiter nach Breslau und Richtung Zwischenseminar fahren wollen. Von oben denken wir, dass &hellip; <a href=\"https:\/\/kulturweit.blog\/svenjainriga\/2012\/11\/18\/perspektivwechsel\/\">Weiterlesen <span class=\"meta-nav\">&rarr;<\/span><\/a><\/p>\n","protected":false},"author":871,"featured_media":202,"comment_status":"open","ping_status":"open","sticky":false,"template":"","format":"standard","meta":{"footnotes":""},"categories":[21],"tags":[],"class_list":["post-190","post","type-post","status-publish","format-standard","has-post-thumbnail","hentry","category-allgemein","has-featured-image"],"amp_enabled":true,"_links":{"self":[{"href":"https:\/\/kulturweit.blog\/svenjainriga\/wp-json\/wp\/v2\/posts\/190"}],"collection":[{"href":"https:\/\/kulturweit.blog\/svenjainriga\/wp-json\/wp\/v2\/posts"}],"about":[{"href":"https:\/\/kulturweit.blog\/svenjainriga\/wp-json\/wp\/v2\/types\/post"}],"author":[{"embeddable":true,"href":"https:\/\/kulturweit.blog\/svenjainriga\/wp-json\/wp\/v2\/users\/871"}],"replies":[{"embeddable":true,"href":"https:\/\/kulturweit.blog\/svenjainriga\/wp-json\/wp\/v2\/comments?post=190"}],"version-history":[{"count":1,"href":"https:\/\/kulturweit.blog\/svenjainriga\/wp-json\/wp\/v2\/posts\/190\/revisions"}],"predecessor-version":[{"id":205,"href":"https:\/\/kulturweit.blog\/svenjainriga\/wp-json\/wp\/v2\/posts\/190\/revisions\/205"}],"wp:featuredmedia":[{"embeddable":true,"href":"https:\/\/kulturweit.blog\/svenjainriga\/wp-json\/wp\/v2\/media\/202"}],"wp:attachment":[{"href":"https:\/\/kulturweit.blog\/svenjainriga\/wp-json\/wp\/v2\/media?parent=190"}],"wp:term":[{"taxonomy":"category","embeddable":true,"href":"https:\/\/kulturweit.blog\/svenjainriga\/wp-json\/wp\/v2\/categories?post=190"},{"taxonomy":"post_tag","embeddable":true,"href":"https:\/\/kulturweit.blog\/svenjainriga\/wp-json\/wp\/v2\/tags?post=190"}],"curies":[{"name":"wp","href":"https:\/\/api.w.org\/{rel}","templated":true}]}}