{"id":164,"date":"2012-10-06T12:11:33","date_gmt":"2012-10-06T10:11:33","guid":{"rendered":"https:\/\/kulturweit.blog\/svenjainriga\/?p=164"},"modified":"2012-10-06T12:12:13","modified_gmt":"2012-10-06T10:12:13","slug":"5-10-lehrertag","status":"publish","type":"post","link":"https:\/\/kulturweit.blog\/svenjainriga\/2012\/10\/06\/5-10-lehrertag\/","title":{"rendered":"5.10. Lehrertag"},"content":{"rendered":"<p>Auch in Lettland wurde am 5.Oktober der internationale Lehrertag gefeiert. An meiner Schule wird der Lehrertag immer von den 12.Kl\u00e4sslern geplant. Um mir das Ganze anzuschauen, bin ich extra eine Stunde fr\u00fcher aufgestanden, um vor meinem Sprachkurs noch zu meiner Schule nach Jugla zu flitzen. Gleich am Eingang hing ein gro\u00dfes Banner, das die Lehrer willkommen hie\u00df. An den T\u00fcren standen auch schon zwei Sch\u00fcler in Anzug, die die T\u00fcren aufhielten und einen begr\u00fc\u00dften. Im Eingangsbereich konnte man vor der Kulisse eines Spielsalons Fotos machen, w\u00e4hrend man mit &#8222;Geld&#8220; um sich warf. Vor dem gro\u00dfen Saal wurden schlie\u00dflich alle Lehrerinnen und Lehrer(und auch ich) in Gruppen eingeteilt und in diesen Gruppen sa\u00df man dann zusammen. Erst haben Sch\u00fclerinnen und Sch\u00fcler der 12. etwas gesungen, dann wurde &#8222;Unterricht&#8220; in Form eines Quizes und mit Sch\u00fclern als Lehrer abgehalten. Auch ein Film von dem &#8222;typischen Tag&#8220; eines Lehrer wurde gezeigt und die Anwesenden haben viel gelacht. Bevor es dann Kaffee und Kuchen gab, wurde noch einmal ein Dankesch\u00f6nlied an die Lehrer gesungen. \u00dcberhaupt haben die Lehrer den ganzen Tag \u00fcber Blumen und Geschenke von den Sch\u00fclern erhalten.<\/p>\n","protected":false},"excerpt":{"rendered":"<p>Auch in Lettland wurde am 5.Oktober der internationale Lehrertag gefeiert. An meiner Schule wird der Lehrertag immer von den 12.Kl\u00e4sslern geplant. Um mir das Ganze anzuschauen, bin ich extra eine Stunde fr\u00fcher aufgestanden, um vor meinem Sprachkurs noch zu meiner &hellip; <a href=\"https:\/\/kulturweit.blog\/svenjainriga\/2012\/10\/06\/5-10-lehrertag\/\">Weiterlesen <span class=\"meta-nav\">&rarr;<\/span><\/a><\/p>\n","protected":false},"author":871,"featured_media":0,"comment_status":"open","ping_status":"open","sticky":false,"template":"","format":"standard","meta":{"footnotes":""},"categories":[21],"tags":[],"class_list":["post-164","post","type-post","status-publish","format-standard","hentry","category-allgemein"],"amp_enabled":true,"_links":{"self":[{"href":"https:\/\/kulturweit.blog\/svenjainriga\/wp-json\/wp\/v2\/posts\/164"}],"collection":[{"href":"https:\/\/kulturweit.blog\/svenjainriga\/wp-json\/wp\/v2\/posts"}],"about":[{"href":"https:\/\/kulturweit.blog\/svenjainriga\/wp-json\/wp\/v2\/types\/post"}],"author":[{"embeddable":true,"href":"https:\/\/kulturweit.blog\/svenjainriga\/wp-json\/wp\/v2\/users\/871"}],"replies":[{"embeddable":true,"href":"https:\/\/kulturweit.blog\/svenjainriga\/wp-json\/wp\/v2\/comments?post=164"}],"version-history":[{"count":0,"href":"https:\/\/kulturweit.blog\/svenjainriga\/wp-json\/wp\/v2\/posts\/164\/revisions"}],"wp:attachment":[{"href":"https:\/\/kulturweit.blog\/svenjainriga\/wp-json\/wp\/v2\/media?parent=164"}],"wp:term":[{"taxonomy":"category","embeddable":true,"href":"https:\/\/kulturweit.blog\/svenjainriga\/wp-json\/wp\/v2\/categories?post=164"},{"taxonomy":"post_tag","embeddable":true,"href":"https:\/\/kulturweit.blog\/svenjainriga\/wp-json\/wp\/v2\/tags?post=164"}],"curies":[{"name":"wp","href":"https:\/\/api.w.org\/{rel}","templated":true}]}}