{"id":153,"date":"2012-09-25T17:10:14","date_gmt":"2012-09-25T15:10:14","guid":{"rendered":"https:\/\/kulturweit.blog\/svenjainriga\/?p=153"},"modified":"2012-09-30T13:48:20","modified_gmt":"2012-09-30T11:48:20","slug":"deutsche-botschaft","status":"publish","type":"post","link":"https:\/\/kulturweit.blog\/svenjainriga\/2012\/09\/25\/deutsche-botschaft\/","title":{"rendered":"Deutsche Botschaft"},"content":{"rendered":"<p>Heute war ich zum zweiten Mal in der deutschen Botschaft und es werden wohl noch einige weitere Begegnungen folgen.\u00a0Aber zuvor hatte ich heute Vormittag meinen ersten Workshop zu Deutschland im Englischunterricht im Rahmen der European Language Days.\u00a0Ich habe mit einer 7.Klasse ein Quiz \u00fcber Deutschland gemacht. Dass der Workshop auf englisch stattgefunden hat, hat es f\u00fcr mich nicht unbedingt einfacher gemacht, aber im Endeffekt hat alles geklappt und es hat sich gut angef\u00fchlt. Nicht zuletzt weil die Sch\u00fcler sehr lieb waren, mir Schokolade geschenkt haben, nach der Stunde weitere Fragen gestellt haben und sogar Fotos mit mir machen wollten. Sch\u00f6n sch\u00f6n!<\/p>\n<p>&nbsp;<\/p>\n<p>Danach waren Felix und ich dann eben noch 2h in der Botschaft, weil wir uns nochmal offiziell vorstellen sollten und wir in Zukunft auch einige Veranstaltungen\/Schulbesuche mit der Botschaft zusammen machen werden. Interessant fand ich eine Aussage der Kulturzust\u00e4ndigen, dass es in Lettland ein ganz anderes Bild von Deutschland gibt, als das Lettlandbild in Deutschland. F\u00fcr die Letten sei Deutschland ganz nah und viele waren schon mal da oder wollen sp\u00e4ter sogar mal dort leben\/studieren\/arbeiten, w\u00e4hrend in Deutschland die wenigsten je in Lettland gewesen w\u00e4ren und das Land einem sehr weit weg vorkomme. Ich nehme es auch so wahr. Oft bin ich erstaunt, wie pr\u00e4sent Deutschland hier ist. Sie meinte auch, dass es in der EU jedoch sehr wichtig w\u00e4re, auf selber Augenh\u00f6he zu sein bzw zu kommen. Dem kann ich zustimmen, ich halte es f\u00fcr positiv, dass Deutschland hier so pr\u00e4sent ist, aber ich f\u00e4nde es noch viel viel positiver, wenn Lettland gleicherma\u00dfen pr\u00e4sent in Deutschland w\u00e4re.<\/p>\n","protected":false},"excerpt":{"rendered":"<p>Heute war ich zum zweiten Mal in der deutschen Botschaft und es werden wohl noch einige weitere Begegnungen folgen.\u00a0Aber zuvor hatte ich heute Vormittag meinen ersten Workshop zu Deutschland im Englischunterricht im Rahmen der European Language Days.\u00a0Ich habe mit einer &hellip; <a href=\"https:\/\/kulturweit.blog\/svenjainriga\/2012\/09\/25\/deutsche-botschaft\/\">Weiterlesen <span class=\"meta-nav\">&rarr;<\/span><\/a><\/p>\n","protected":false},"author":871,"featured_media":156,"comment_status":"open","ping_status":"open","sticky":false,"template":"","format":"standard","meta":{"footnotes":""},"categories":[21],"tags":[],"class_list":["post-153","post","type-post","status-publish","format-standard","has-post-thumbnail","hentry","category-allgemein","has-featured-image"],"amp_enabled":true,"_links":{"self":[{"href":"https:\/\/kulturweit.blog\/svenjainriga\/wp-json\/wp\/v2\/posts\/153"}],"collection":[{"href":"https:\/\/kulturweit.blog\/svenjainriga\/wp-json\/wp\/v2\/posts"}],"about":[{"href":"https:\/\/kulturweit.blog\/svenjainriga\/wp-json\/wp\/v2\/types\/post"}],"author":[{"embeddable":true,"href":"https:\/\/kulturweit.blog\/svenjainriga\/wp-json\/wp\/v2\/users\/871"}],"replies":[{"embeddable":true,"href":"https:\/\/kulturweit.blog\/svenjainriga\/wp-json\/wp\/v2\/comments?post=153"}],"version-history":[{"count":0,"href":"https:\/\/kulturweit.blog\/svenjainriga\/wp-json\/wp\/v2\/posts\/153\/revisions"}],"wp:featuredmedia":[{"embeddable":true,"href":"https:\/\/kulturweit.blog\/svenjainriga\/wp-json\/wp\/v2\/media\/156"}],"wp:attachment":[{"href":"https:\/\/kulturweit.blog\/svenjainriga\/wp-json\/wp\/v2\/media?parent=153"}],"wp:term":[{"taxonomy":"category","embeddable":true,"href":"https:\/\/kulturweit.blog\/svenjainriga\/wp-json\/wp\/v2\/categories?post=153"},{"taxonomy":"post_tag","embeddable":true,"href":"https:\/\/kulturweit.blog\/svenjainriga\/wp-json\/wp\/v2\/tags?post=153"}],"curies":[{"name":"wp","href":"https:\/\/api.w.org\/{rel}","templated":true}]}}