{"id":150,"date":"2012-09-24T22:10:20","date_gmt":"2012-09-24T20:10:20","guid":{"rendered":"https:\/\/kulturweit.blog\/svenjainriga\/?p=150"},"modified":"2012-09-24T22:10:20","modified_gmt":"2012-09-24T20:10:20","slug":"lebensrealitat-ausland","status":"publish","type":"post","link":"https:\/\/kulturweit.blog\/svenjainriga\/2012\/09\/24\/lebensrealitat-ausland\/","title":{"rendered":"Lebensrealit\u00e4t Ausland"},"content":{"rendered":"<p>Klingt mein Blog, als w\u00fcrde ich \u00fcber meinen verl\u00e4ngerten Lettlandurlaub schreiben? Vielleicht ja; aber wenn dann bedingt dadurch, dass ich nur einen Bruchteil kommuniziere. Leben im Ausland ist kein verl\u00e4ngerter Urlaub, der sich aus pausenlos aufeinanderfolgenden Spannungsmomenten zusammensetzt. Leben im Ausland hei\u00dft zu allererst, dass alles im Alltag ein Tick schwerer ist, als man es gew\u00f6hnt ist. Es hei\u00dft aber nat\u00fcrlich auch, vieles Neues und Au\u00dfergew\u00f6hnliches zu sehen, zu bestaunen und es schlie\u00dflich allm\u00e4hlich als nicht mehr erw\u00e4hnenswert zu betrachten. Ich schreibe kaum dar\u00fcber, was hier anders ist, was gleich ist, wie ich es bereits kenne, weil all meine Eindr\u00fccke nur kleine Puzzleteile sind, die zu einem Gesamtbild geh\u00f6ren, dass ich nicht jetzt und wahrscheinlich auch nicht sp\u00e4ter ganz erfassen werden kann. In Lettland leben hei\u00dft f\u00fcr mich, sich ein Zuhause aufzubauen in einem Umfeld, dass ich erst kennen lernen muss und aufnehmen will. Aber in einem anderen Land zu leben hei\u00dft auch, viel vermissen, viel zweifeln und gerade deswegen fange ich an, manch Zur\u00fcckgelassenem und Neuem und Altem ganz anderen Wert beizumessen; vieles neu \u00fcberdenken. In einer neuen Umgebung, fern von der &#8222;Heimat&#8220; zu sein, kann sich anf\u00fchlen als befinde man, als befinde ich mich in einem leeren Raum. Ein leerer Raum ist in erster Linie etwas kahles, kaltes, ungem\u00fctliches, einsames, aber weil das so ist, ist es zugleich die beste Voraussetzung den Raum f\u00fcllen zu wollen. Ich gestalte hier jeden Tag weiter an meinem Raum. Das ist sch\u00f6n und macht Freude, aber es w\u00e4re eine Illusion anzunehmen, dass ich es nicht auch aus Furcht vor dem leeren Raum machen w\u00fcrde. Im Ausland leben ist gepr\u00e4gt von Extremen. Ist ein Gebirge von Emotionen. Aber keins, das man durchgleitet, sondern wie \u00fcberall an jedem Ort der Welt muss man Schritt f\u00fcr Schritt mit schwerem Gep\u00e4ck und schmerzenden F\u00fc\u00dfen hindurchwandern. Und wie an jedem anderen Ort auch wird es leichter und sch\u00f6ner, wenn man diesen Weg nicht alleine gehen muss. \ud83d\ude09<\/p>\n","protected":false},"excerpt":{"rendered":"<p>Klingt mein Blog, als w\u00fcrde ich \u00fcber meinen verl\u00e4ngerten Lettlandurlaub schreiben? Vielleicht ja; aber wenn dann bedingt dadurch, dass ich nur einen Bruchteil kommuniziere. Leben im Ausland ist kein verl\u00e4ngerter Urlaub, der sich aus pausenlos aufeinanderfolgenden Spannungsmomenten zusammensetzt. Leben im &hellip; <a href=\"https:\/\/kulturweit.blog\/svenjainriga\/2012\/09\/24\/lebensrealitat-ausland\/\">Weiterlesen <span class=\"meta-nav\">&rarr;<\/span><\/a><\/p>\n","protected":false},"author":871,"featured_media":0,"comment_status":"open","ping_status":"open","sticky":false,"template":"","format":"standard","meta":{"footnotes":""},"categories":[21],"tags":[],"class_list":["post-150","post","type-post","status-publish","format-standard","hentry","category-allgemein"],"amp_enabled":true,"_links":{"self":[{"href":"https:\/\/kulturweit.blog\/svenjainriga\/wp-json\/wp\/v2\/posts\/150"}],"collection":[{"href":"https:\/\/kulturweit.blog\/svenjainriga\/wp-json\/wp\/v2\/posts"}],"about":[{"href":"https:\/\/kulturweit.blog\/svenjainriga\/wp-json\/wp\/v2\/types\/post"}],"author":[{"embeddable":true,"href":"https:\/\/kulturweit.blog\/svenjainriga\/wp-json\/wp\/v2\/users\/871"}],"replies":[{"embeddable":true,"href":"https:\/\/kulturweit.blog\/svenjainriga\/wp-json\/wp\/v2\/comments?post=150"}],"version-history":[{"count":0,"href":"https:\/\/kulturweit.blog\/svenjainriga\/wp-json\/wp\/v2\/posts\/150\/revisions"}],"wp:attachment":[{"href":"https:\/\/kulturweit.blog\/svenjainriga\/wp-json\/wp\/v2\/media?parent=150"}],"wp:term":[{"taxonomy":"category","embeddable":true,"href":"https:\/\/kulturweit.blog\/svenjainriga\/wp-json\/wp\/v2\/categories?post=150"},{"taxonomy":"post_tag","embeddable":true,"href":"https:\/\/kulturweit.blog\/svenjainriga\/wp-json\/wp\/v2\/tags?post=150"}],"curies":[{"name":"wp","href":"https:\/\/api.w.org\/{rel}","templated":true}]}}