{"id":135,"date":"2012-09-23T22:51:22","date_gmt":"2012-09-23T20:51:22","guid":{"rendered":"https:\/\/kulturweit.blog\/svenjainriga\/?p=135"},"modified":"2012-09-23T22:53:20","modified_gmt":"2012-09-23T20:53:20","slug":"drei-couchsurferfahrungen-in-36h-und-ein-oktoberfest","status":"publish","type":"post","link":"https:\/\/kulturweit.blog\/svenjainriga\/2012\/09\/23\/drei-couchsurferfahrungen-in-36h-und-ein-oktoberfest\/","title":{"rendered":"drei Couchsurferfahrungen in 36h und ein Oktoberfest"},"content":{"rendered":"<p>Das Wochenende war ereignisreich. Angefangen hat es mit meinem Besuch am Freitag bei der deutschen Botschaft. Ich habe den deutschen Lehrer von meiner Schule begleitet zur feierlichen DSD1-\u00dcbergabe an Sch\u00fcler von zwei lettischen Schulen. Erstmals hatten Sch\u00fcler das deutsche Sprachdiplom 1 absolviert und bekamen es am vergangenen Freitag in der deutschen Botschaft \u00fcbergeben. Auch die deutsche Botschafterin und ein Unterstaatssekret\u00e4r des lettischen Kultusministeriums waren anwesend. Nach einem festlichen Rahmen mit einem super Chor wurde bei einem kleinen Buffet noch Smalltalk betrieben. Interessante Erfahrung! Aber bereits am Dienstag habe ich\u00a0einen weiteren Termin in der Botschaft. \ud83d\ude09<\/p>\n<p>Am Abend kamen dann Sabrina, eine Kulturweitfreiwillige aus Vilnius, die spontan eine Nacht bei uns unterkam und ein berliner Couchsurfer, der auf dem Weg nach Helsinki war, zu uns zum gemeinsamen Kochen und Bier trinken.<\/p>\n<p><img loading=\"lazy\" decoding=\"async\" class=\"wp-image-137 alignnone\" style=\"border-style: initial;border-color: initial\" src=\"https:\/\/kulturweit.blog\/svenjainriga\/files\/2012\/09\/DSCN1324.jpg\" alt=\"\" width=\"368\" height=\"277\" srcset=\"https:\/\/kulturweit.blog\/svenjainriga\/files\/2012\/09\/DSCN1324.jpg 1024w, https:\/\/kulturweit.blog\/svenjainriga\/files\/2012\/09\/DSCN1324-300x225.jpg 300w\" sizes=\"(max-width: 368px) 100vw, 368px\" \/><\/p>\n<p>Am Samstag ging es dann \u00a0zum Oktoberfest, organisiert vom\u00a0deutsch-baltischen Kulturverein, nach Ventspils. Claudia hatte dort einen Auftrag vom Goethe-Institut zu erf\u00fcllen und Jule und ich hatten beschlossen, sie zu begleiten mit der Absicht die Stadt Ventspils, ganz im Westen von Lettland, kennen zulernen. Nach einer vier st\u00fcndigen Busfahrt kamen wir in der kleinen Hafenstadt an und mussten erstmal feststellen, dass es dort um einiges k\u00e4lter als in Riga war. Etwas verfroren erreichten wir das Bierzelt auf dem Marktplatz, in\u00a0dem mit vielen Deutschlandflaggen, bayerischer Volksmusik, Bier, Kinderschokolade und Schmalzbrot eine &#8222;deutsche Tradition&#8220; nachgestellt wurde. Ist ja nicht so, dass wir alle drei je auf dem original Oktoberfest gewesen w\u00e4ren oder dass wir uns gar mit dieser bayerischen Tradition identifizieren k\u00f6nnten. Ich als Fr\u00e4nkin kam zumindest regional dem noch am n\u00e4hsten, aber eben nur regional. Wir fanden es auf jeden Fall nicht sooo cool. Das Deutschlandbild, das bei solchen Veranstaltungen reproduziert wird, ist einseitig, veraltet und unreflektiert. Ich frage mich auch, ob es legitim ist, das Oktoberfest als eine deutsche Tradition in einer lettischen Stadt zu feiern, w\u00e4hrend auf einem\u00a0Marktstand unmittelbar nahe des Bierzeltes zwischen altem Krempel russische\/deutsche Soldatenabzeichen aus dem 2.Weltkrieg verkauft werden, unter denen sich Hakenkreuzabzeichen &#8222;Mit Hitler in Coburg&#8220; und andere finden lassen. Diese Entdeckung war\u00a0nicht\u00a0besonders \u00fcberraschend f\u00fcr mich, aber einigerma\u00dfen verst\u00f6rend und f\u00fchrte zu Ablehnung der ganzen Veranstaltung.<\/p>\n<div>\n<p>Viel sch\u00f6ner war es dagegen, dass wir uns mit zwei lettischen Studentinnen \u00fcber couchsurfing zum Tee trinken verabredet hatten. Nach interessanten Gespr\u00e4chen und einigen Insidertipps zogen wir daraufhin weiter zu unserer couchsurfing-Unterkunft. Und die war mit einer solchen Gastfreundlichkeit verbunden, dass wir es kaum glauben konnten. Ein Ehepaar, welches mit seinen f\u00fcnf Kindern von Riga nach Ventspils gezogen waren, stellten uns for free im anliegenden Haus eine komplette, wundersch\u00f6ne, h\u00f6lzerne Ferienwohnung zur Verf\u00fcgung &#8211; \u00fcbrigens nur wenige Meter vom Meer entfernt. Einfach nur toll! Wir haben uns pudelwohl gef\u00fchlt, haben einen n\u00e4chtlichen Spaziergang entlang der D\u00fcnen der Ostseek\u00fcste gemacht und haben am Sonntag noch ein bisschen Ventspils entdeckt.<\/p>\n<p style=\"text-align: center\">Ein Wochenende voller negativer und extrem positiver Momente &#8211; anstrengend, aber wertvoll!<\/p>\n<p><a href=\"https:\/\/kulturweit.blog\/svenjainriga\/files\/2012\/09\/DSCN1353.jpg\"><img loading=\"lazy\" decoding=\"async\" class=\"alignnone size-medium wp-image-139\" src=\"https:\/\/kulturweit.blog\/svenjainriga\/files\/2012\/09\/DSCN1353-300x225.jpg\" alt=\"\" width=\"300\" height=\"225\" srcset=\"https:\/\/kulturweit.blog\/svenjainriga\/files\/2012\/09\/DSCN1353-300x225.jpg 300w, https:\/\/kulturweit.blog\/svenjainriga\/files\/2012\/09\/DSCN1353.jpg 1024w\" sizes=\"(max-width: 300px) 100vw, 300px\" \/><\/a><img loading=\"lazy\" decoding=\"async\" class=\"aligncenter size-medium wp-image-141\" src=\"https:\/\/kulturweit.blog\/svenjainriga\/files\/2012\/09\/DSCN1348-300x225.jpg\" alt=\"\" width=\"300\" height=\"225\" srcset=\"https:\/\/kulturweit.blog\/svenjainriga\/files\/2012\/09\/DSCN1348-300x225.jpg 300w, https:\/\/kulturweit.blog\/svenjainriga\/files\/2012\/09\/DSCN1348.jpg 1024w\" sizes=\"(max-width: 300px) 100vw, 300px\" \/><a href=\"https:\/\/kulturweit.blog\/svenjainriga\/files\/2012\/09\/DSCN1403.jpg\"><img loading=\"lazy\" decoding=\"async\" class=\"alignright size-medium wp-image-140\" src=\"https:\/\/kulturweit.blog\/svenjainriga\/files\/2012\/09\/DSCN1403-300x225.jpg\" alt=\"\" width=\"300\" height=\"225\" srcset=\"https:\/\/kulturweit.blog\/svenjainriga\/files\/2012\/09\/DSCN1403-300x225.jpg 300w, https:\/\/kulturweit.blog\/svenjainriga\/files\/2012\/09\/DSCN1403.jpg 1024w\" sizes=\"(max-width: 300px) 100vw, 300px\" \/><\/a><\/p>\n<\/div>\n<div><\/div>\n","protected":false},"excerpt":{"rendered":"<p>Das Wochenende war ereignisreich. Angefangen hat es mit meinem Besuch am Freitag bei der deutschen Botschaft. Ich habe den deutschen Lehrer von meiner Schule begleitet zur feierlichen DSD1-\u00dcbergabe an Sch\u00fcler von zwei lettischen Schulen. Erstmals hatten Sch\u00fcler das deutsche Sprachdiplom &hellip; <a href=\"https:\/\/kulturweit.blog\/svenjainriga\/2012\/09\/23\/drei-couchsurferfahrungen-in-36h-und-ein-oktoberfest\/\">Weiterlesen <span class=\"meta-nav\">&rarr;<\/span><\/a><\/p>\n","protected":false},"author":871,"featured_media":145,"comment_status":"open","ping_status":"open","sticky":false,"template":"","format":"standard","meta":{"footnotes":""},"categories":[21,341,48714],"tags":[],"class_list":["post-135","post","type-post","status-publish","format-standard","has-post-thumbnail","hentry","category-allgemein","category-ausflug","category-lettland","has-featured-image"],"amp_enabled":true,"_links":{"self":[{"href":"https:\/\/kulturweit.blog\/svenjainriga\/wp-json\/wp\/v2\/posts\/135"}],"collection":[{"href":"https:\/\/kulturweit.blog\/svenjainriga\/wp-json\/wp\/v2\/posts"}],"about":[{"href":"https:\/\/kulturweit.blog\/svenjainriga\/wp-json\/wp\/v2\/types\/post"}],"author":[{"embeddable":true,"href":"https:\/\/kulturweit.blog\/svenjainriga\/wp-json\/wp\/v2\/users\/871"}],"replies":[{"embeddable":true,"href":"https:\/\/kulturweit.blog\/svenjainriga\/wp-json\/wp\/v2\/comments?post=135"}],"version-history":[{"count":0,"href":"https:\/\/kulturweit.blog\/svenjainriga\/wp-json\/wp\/v2\/posts\/135\/revisions"}],"wp:featuredmedia":[{"embeddable":true,"href":"https:\/\/kulturweit.blog\/svenjainriga\/wp-json\/wp\/v2\/media\/145"}],"wp:attachment":[{"href":"https:\/\/kulturweit.blog\/svenjainriga\/wp-json\/wp\/v2\/media?parent=135"}],"wp:term":[{"taxonomy":"category","embeddable":true,"href":"https:\/\/kulturweit.blog\/svenjainriga\/wp-json\/wp\/v2\/categories?post=135"},{"taxonomy":"post_tag","embeddable":true,"href":"https:\/\/kulturweit.blog\/svenjainriga\/wp-json\/wp\/v2\/tags?post=135"}],"curies":[{"name":"wp","href":"https:\/\/api.w.org\/{rel}","templated":true}]}}