{"id":127,"date":"2012-09-20T22:40:31","date_gmt":"2012-09-20T20:40:31","guid":{"rendered":"https:\/\/kulturweit.blog\/svenjainriga\/?p=127"},"modified":"2012-09-20T22:40:31","modified_gmt":"2012-09-20T20:40:31","slug":"riga-ist-wunderschon-riga-ist-manchmal-alles-andere-als-schon-riga-ist-vielfaltig-2","status":"publish","type":"post","link":"https:\/\/kulturweit.blog\/svenjainriga\/2012\/09\/20\/riga-ist-wunderschon-riga-ist-manchmal-alles-andere-als-schon-riga-ist-vielfaltig-2\/","title":{"rendered":"Riga ist wundersch\u00f6n. Riga ist manchmal alles andere als sch\u00f6n. Riga ist vielf\u00e4ltig. #2"},"content":{"rendered":"<p>Wundersch\u00f6ner Jugendstil in Rigas Altstadt<\/p>\n<p>&nbsp;<\/p>\n<p><a href=\"https:\/\/kulturweit.blog\/svenjainriga\/files\/2012\/09\/DSCN1303.jpg\"><img loading=\"lazy\" decoding=\"async\" class=\"alignnone size-full wp-image-128\" src=\"https:\/\/kulturweit.blog\/svenjainriga\/files\/2012\/09\/DSCN1303.jpg\" alt=\"\" width=\"1024\" height=\"768\" srcset=\"https:\/\/kulturweit.blog\/svenjainriga\/files\/2012\/09\/DSCN1303.jpg 1024w, https:\/\/kulturweit.blog\/svenjainriga\/files\/2012\/09\/DSCN1303-300x225.jpg 300w\" sizes=\"(max-width: 1024px) 100vw, 1024px\" \/><\/a><a href=\"https:\/\/kulturweit.blog\/svenjainriga\/files\/2012\/09\/DSCN1316.jpg\"><img loading=\"lazy\" decoding=\"async\" class=\"alignnone size-full wp-image-129\" src=\"https:\/\/kulturweit.blog\/svenjainriga\/files\/2012\/09\/DSCN1316.jpg\" alt=\"\" width=\"1024\" height=\"768\" srcset=\"https:\/\/kulturweit.blog\/svenjainriga\/files\/2012\/09\/DSCN1316.jpg 1024w, https:\/\/kulturweit.blog\/svenjainriga\/files\/2012\/09\/DSCN1316-300x225.jpg 300w\" sizes=\"(max-width: 1024px) 100vw, 1024px\" \/><\/a><a href=\"https:\/\/kulturweit.blog\/svenjainriga\/files\/2012\/09\/DSCN1315.jpg\"><img loading=\"lazy\" decoding=\"async\" class=\"alignnone size-full wp-image-130\" src=\"https:\/\/kulturweit.blog\/svenjainriga\/files\/2012\/09\/DSCN1315.jpg\" alt=\"\" width=\"768\" height=\"1024\" srcset=\"https:\/\/kulturweit.blog\/svenjainriga\/files\/2012\/09\/DSCN1315.jpg 768w, https:\/\/kulturweit.blog\/svenjainriga\/files\/2012\/09\/DSCN1315-225x300.jpg 225w\" sizes=\"(max-width: 768px) 100vw, 768px\" \/><\/a><a href=\"https:\/\/kulturweit.blog\/svenjainriga\/files\/2012\/09\/DSCN1306.jpg\"><img loading=\"lazy\" decoding=\"async\" class=\"alignnone size-full wp-image-131\" src=\"https:\/\/kulturweit.blog\/svenjainriga\/files\/2012\/09\/DSCN1306.jpg\" alt=\"\" width=\"768\" height=\"1024\" srcset=\"https:\/\/kulturweit.blog\/svenjainriga\/files\/2012\/09\/DSCN1306.jpg 768w, https:\/\/kulturweit.blog\/svenjainriga\/files\/2012\/09\/DSCN1306-225x300.jpg 225w\" sizes=\"(max-width: 768px) 100vw, 768px\" \/><\/a><a href=\"https:\/\/kulturweit.blog\/svenjainriga\/files\/2012\/09\/DSCN1312.jpg\"><img loading=\"lazy\" decoding=\"async\" class=\"alignnone size-full wp-image-132\" src=\"https:\/\/kulturweit.blog\/svenjainriga\/files\/2012\/09\/DSCN1312.jpg\" alt=\"\" width=\"768\" height=\"1024\" srcset=\"https:\/\/kulturweit.blog\/svenjainriga\/files\/2012\/09\/DSCN1312.jpg 768w, https:\/\/kulturweit.blog\/svenjainriga\/files\/2012\/09\/DSCN1312-225x300.jpg 225w\" sizes=\"(max-width: 768px) 100vw, 768px\" \/><\/a><\/p>\n","protected":false},"excerpt":{"rendered":"<p>Wundersch\u00f6ner Jugendstil in Rigas Altstadt &nbsp;<\/p>\n","protected":false},"author":871,"featured_media":132,"comment_status":"open","ping_status":"open","sticky":false,"template":"","format":"image","meta":{"footnotes":""},"categories":[48714],"tags":[],"class_list":["post-127","post","type-post","status-publish","format-image","has-post-thumbnail","hentry","category-lettland","post_format-post-format-image","has-featured-image"],"amp_enabled":true,"_links":{"self":[{"href":"https:\/\/kulturweit.blog\/svenjainriga\/wp-json\/wp\/v2\/posts\/127"}],"collection":[{"href":"https:\/\/kulturweit.blog\/svenjainriga\/wp-json\/wp\/v2\/posts"}],"about":[{"href":"https:\/\/kulturweit.blog\/svenjainriga\/wp-json\/wp\/v2\/types\/post"}],"author":[{"embeddable":true,"href":"https:\/\/kulturweit.blog\/svenjainriga\/wp-json\/wp\/v2\/users\/871"}],"replies":[{"embeddable":true,"href":"https:\/\/kulturweit.blog\/svenjainriga\/wp-json\/wp\/v2\/comments?post=127"}],"version-history":[{"count":0,"href":"https:\/\/kulturweit.blog\/svenjainriga\/wp-json\/wp\/v2\/posts\/127\/revisions"}],"wp:featuredmedia":[{"embeddable":true,"href":"https:\/\/kulturweit.blog\/svenjainriga\/wp-json\/wp\/v2\/media\/132"}],"wp:attachment":[{"href":"https:\/\/kulturweit.blog\/svenjainriga\/wp-json\/wp\/v2\/media?parent=127"}],"wp:term":[{"taxonomy":"category","embeddable":true,"href":"https:\/\/kulturweit.blog\/svenjainriga\/wp-json\/wp\/v2\/categories?post=127"},{"taxonomy":"post_tag","embeddable":true,"href":"https:\/\/kulturweit.blog\/svenjainriga\/wp-json\/wp\/v2\/tags?post=127"}],"curies":[{"name":"wp","href":"https:\/\/api.w.org\/{rel}","templated":true}]}}