{"id":784,"date":"2015-07-26T02:28:29","date_gmt":"2015-07-26T00:28:29","guid":{"rendered":"https:\/\/kulturweit.blog\/projekte\/?p=784"},"modified":"2015-07-26T17:54:35","modified_gmt":"2015-07-26T15:54:35","slug":"ausbildung-zum-therapiepferd","status":"publish","type":"post","link":"https:\/\/kulturweit.blog\/projekte\/2015\/07\/26\/ausbildung-zum-therapiepferd\/","title":{"rendered":"Ausbildung zum Therapiepferd"},"content":{"rendered":"<p><img loading=\"lazy\" decoding=\"async\" width=\"584\" height=\"438\" src=\"https:\/\/kulturweit.blog\/projekte\/files\/2015\/07\/FotorCreated-640x480.jpg\" class=\"size-large alignnone wp-image-785\" alt=\"FotorCreated\" srcset=\"https:\/\/kulturweit.blog\/projekte\/files\/2015\/07\/FotorCreated-640x480.jpg 640w, https:\/\/kulturweit.blog\/projekte\/files\/2015\/07\/FotorCreated-300x225.jpg 300w, https:\/\/kulturweit.blog\/projekte\/files\/2015\/07\/FotorCreated-400x300.jpg 400w, https:\/\/kulturweit.blog\/projekte\/files\/2015\/07\/FotorCreated.jpg 1024w\" sizes=\"(max-width: 584px) 100vw, 584px\" \/><\/p>\n<p>W\u00e4hrend meinem Freiwilligendienst in Quito am Liceo Fernandez Madrid hatte ich oft die Nachmittage frei, weshalb ich die Augen nach weiteren M\u00f6glichkeiten f\u00fcr ehrenamtliches Engagement offen gehalten habe. Wie gerufen kam mir da die Organisation &#8222;Angeles en 4 patas&#8220;, die behinderten Kindern in Quito therapeutisches Reiten und Hundetherapie erm\u00f6glicht. Die \u201eAngeles\u201c, das sind 16 Pferde und 19 Hunde, die im Parque Metropolitano in Quito zuhause sind. Da ich mein ganzes Leben lang reite, haben mir die Pferde, genau wie die Hunde sehr gefehlt. <br \/>\nIn dieser Organisation durfte ich sofort voll mitarbeiten, und konnte in meiner Freizeit immer dorthin. Nach einiger Zeit bat die Chefin mich, ihre schwierigen Pferde zu reiten, die nicht f\u00fcr die Therapie eingesetzt werden k\u00f6nnen. Als das immer besser klappte, entstand in mir die Hoffnung, diese vermeintlich ungeeigneten Pferde zu Therapiepferden auszubilden, denn von den 16 Pferden werden meist nur 6 f\u00fcr die Therapie genutzt, was f\u00fcr diese 6 Pferde wenig Abwechslung und an manchen Tagen \u00dcberlastung bedeutet, und so versuchte ich die Pferde auf diese wichtige Aufgabe vorzubereiten.<br \/>\nIch war mindestens 3 mal in der Woche im Park, um bei den Therapien auszuhelfen, wenn Not am Mann war, und um mit 7 unterschiedlichen Pferden zu arbeiten. Pferde sind hochsensible Wesen, gerade deswegen sind sie so wunderbar geeignet f\u00fcr die Arbeit mit behinderten Kindern. Allerdings sind sie vor allem einfach Tiere, Fluchttiere, was bedeutet dass sie immer Unberechenbarkeit und Fluchtreflex in Gefahrensituationen in sich tragen. Um ein Pferd zum Therapiepferd auszubilden, braucht man normalerweise mindestens 1 Jahr t\u00e4gliche Arbeit. Die Pferde m\u00fcssen bestimmte Charaktereigenschaften mit sich bringen, sowie stets auch au\u00dferhalb der Therapie an der Hand und in der Bahn gearbeitet werden. Das konnte ich nat\u00fcrlich mit meinem f\u00fcnfmonatigen Aufenthalt nicht bewerkstelligen, genauso wie es mir an \u00dcbungsmaterial gefehlt hat. In Ecuador gibt es die Hippotherapie noch nicht so lange, die Standards sind noch nicht ganz etabliert, weshalb ich den Mitarbeitern noch ein paar Vorschl\u00e4ge machen und vielleicht ein paar hilfreiche Tipps geben konnte.<br \/>\nDer Erfolg meines Projekts zeigt sich f\u00fcr mich darin, dass nach 4 Monaten nun konstant 2 Pferde mehr eingesetzt werden, was eine gro\u00dfe Entlastung f\u00fcr die Anderen bedeutet. Es erfordert nat\u00fcrlich st\u00e4ndig weitere Arbeit mit den Pferden, und es ist auch nicht gesagt dass das auf Dauer mit allen Pferden und Reitern klappt, aber die M\u00f6glichkeit besteht, weshalb ich mich sehr f\u00fcr die Kinder und Pferde freue.<br \/>\nDieses Projekt hat mir nicht nur den perfekten Ausgleich zu meiner Arbeit an der Schule erm\u00f6glicht, sondern mich menschlich unheimlich bereichert und mich wahnsinnig viel lernen lassen. Ich bin sehr dankbar f\u00fcr das Vertrauen, das mir unvoreingenommen entgegengebracht wurde, und f\u00fcr die M\u00f6glichkeit, so viele sch\u00f6ne Erinnerungen und menschliche Begegnungen mit nach Hause nehmen zu d\u00fcrfen.<\/p>\n<p><a href=\"\"><\/a><br \/>\n<a href=\"\"><\/a><br \/>\n<a href=\"\"><\/a><\/p>\n","protected":false},"excerpt":{"rendered":"<p>W\u00e4hrend meinem Freiwilligendienst in Quito am Liceo Fernandez Madrid hatte ich oft die Nachmittage frei, weshalb ich die Augen nach weiteren M\u00f6glichkeiten f\u00fcr ehrenamtliches Engagement offen gehalten habe. Wie gerufen kam mir da die Organisation &#8222;Angeles en 4 patas&#8220;, die &hellip; <a href=\"https:\/\/kulturweit.blog\/projekte\/2015\/07\/26\/ausbildung-zum-therapiepferd\/\">Weiterlesen <span class=\"meta-nav\">&rarr;<\/span><\/a><\/p>\n","protected":false},"author":1638,"featured_media":785,"comment_status":"open","ping_status":"open","sticky":false,"template":"","format":"standard","meta":{"footnotes":""},"categories":[83810],"tags":[62,94087,79916,61069,94088],"class_list":["post-784","post","type-post","status-publish","format-standard","has-post-thumbnail","hentry","category-ausreise-februar-2015","tag-ecuador","tag-hippotherapia","tag-pferde","tag-quito","tag-therapeutisches-reiten","projektart-langzeit-freiwilligenprojekt"],"amp_enabled":true,"_links":{"self":[{"href":"https:\/\/kulturweit.blog\/projekte\/wp-json\/wp\/v2\/posts\/784"}],"collection":[{"href":"https:\/\/kulturweit.blog\/projekte\/wp-json\/wp\/v2\/posts"}],"about":[{"href":"https:\/\/kulturweit.blog\/projekte\/wp-json\/wp\/v2\/types\/post"}],"author":[{"embeddable":true,"href":"https:\/\/kulturweit.blog\/projekte\/wp-json\/wp\/v2\/users\/1638"}],"replies":[{"embeddable":true,"href":"https:\/\/kulturweit.blog\/projekte\/wp-json\/wp\/v2\/comments?post=784"}],"version-history":[{"count":0,"href":"https:\/\/kulturweit.blog\/projekte\/wp-json\/wp\/v2\/posts\/784\/revisions"}],"wp:featuredmedia":[{"embeddable":true,"href":"https:\/\/kulturweit.blog\/projekte\/wp-json\/wp\/v2\/media\/785"}],"wp:attachment":[{"href":"https:\/\/kulturweit.blog\/projekte\/wp-json\/wp\/v2\/media?parent=784"}],"wp:term":[{"taxonomy":"category","embeddable":true,"href":"https:\/\/kulturweit.blog\/projekte\/wp-json\/wp\/v2\/categories?post=784"},{"taxonomy":"post_tag","embeddable":true,"href":"https:\/\/kulturweit.blog\/projekte\/wp-json\/wp\/v2\/tags?post=784"}],"curies":[{"name":"wp","href":"https:\/\/api.w.org\/{rel}","templated":true}]}}