{"id":774,"date":"2015-03-13T10:36:58","date_gmt":"2015-03-13T09:36:58","guid":{"rendered":"https:\/\/kulturweit.blog\/projekte\/?p=774"},"modified":"2015-03-13T10:37:22","modified_gmt":"2015-03-13T09:37:22","slug":"die-schoenste-zeit-in-einer-sich-veraendernden-welt","status":"publish","type":"post","link":"https:\/\/kulturweit.blog\/projekte\/2015\/03\/13\/die-schoenste-zeit-in-einer-sich-veraendernden-welt\/","title":{"rendered":"Die sch\u00f6nste Zeit in einer sich ver\u00e4ndernden Welt"},"content":{"rendered":"<p><img loading=\"lazy\" decoding=\"async\" class=\"size-large alignnone wp-image-775\" src=\"https:\/\/kulturweit.blog\/projekte\/files\/2015\/03\/IMG_8721-640x427.jpg\" alt=\"Die Sch\u00f6nste Zeit in einer sich ver\u00e4ndernden Welt\" width=\"584\" height=\"390\" srcset=\"https:\/\/kulturweit.blog\/projekte\/files\/2015\/03\/IMG_8721-640x427.jpg 640w, https:\/\/kulturweit.blog\/projekte\/files\/2015\/03\/IMG_8721-300x200.jpg 300w, https:\/\/kulturweit.blog\/projekte\/files\/2015\/03\/IMG_8721-750x500.jpg 750w, https:\/\/kulturweit.blog\/projekte\/files\/2015\/03\/IMG_8721-1300x867.jpg 1300w, https:\/\/kulturweit.blog\/projekte\/files\/2015\/03\/IMG_8721-450x300.jpg 450w\" sizes=\"(max-width: 584px) 100vw, 584px\" \/><\/p>\n<p>Es ist ein Film\/Musikprojekt, dass die Menschen genauer hervorheben soll, die trotz schwerer Entscheidungen und t\u00e4glicher harter Arbeit die sch\u00f6nen Dinge des Lebens sch\u00e4tzen und gl\u00fccklich sind.<br \/>\nDas prim\u00e4re Ziel bestand darin herauszufinden, ob wir die sch\u00f6nen Dinge des Lebens in unserer mit Schnelligkeit und Neuerungen \u00fcberh\u00e4uften Welt \u00fcberhaupt noch wahrnehmen. Zusammen mit Sch\u00fclern einer chinesischen Mittelschule ist dazu separat ein kleines Musikprojekt entstanden, das sich inhaltlich ebenfalls mit den Themen Gl\u00fcck und der sch\u00f6nsten Zeit im Leben auseinandersetzt.<\/p>\n<p>https:\/\/www.youtube.com\/watch?v=TgGQKeVAoPc<\/p>\n","protected":false},"excerpt":{"rendered":"<p>Es ist ein Film\/Musikprojekt, dass die Menschen genauer hervorheben soll, die trotz schwerer Entscheidungen und t\u00e4glicher harter Arbeit die sch\u00f6nen Dinge des Lebens sch\u00e4tzen und gl\u00fccklich sind. Das prim\u00e4re Ziel bestand darin herauszufinden, ob wir die sch\u00f6nen Dinge des Lebens &hellip; <a href=\"https:\/\/kulturweit.blog\/projekte\/2015\/03\/13\/die-schoenste-zeit-in-einer-sich-veraendernden-welt\/\">Weiterlesen <span class=\"meta-nav\">&rarr;<\/span><\/a><\/p>\n","protected":false},"author":1405,"featured_media":775,"comment_status":"open","ping_status":"open","sticky":false,"template":"","format":"standard","meta":{"footnotes":""},"categories":[83809],"tags":[88218,67,80944,77275,88217,585,771,86659,577,386,94071,94069],"class_list":["post-774","post","type-post","status-publish","format-standard","has-post-thumbnail","hentry","category-ausreise-august-2014","tag-bosse","tag-china","tag-emotionen","tag-freude","tag-gesang","tag-gesellschaft","tag-glueck","tag-meinungen","tag-menschen","tag-musik","tag-oeffentlichkeit","tag-perspektiven","projektart-langzeit-freiwilligenprojekt"],"amp_enabled":true,"_links":{"self":[{"href":"https:\/\/kulturweit.blog\/projekte\/wp-json\/wp\/v2\/posts\/774"}],"collection":[{"href":"https:\/\/kulturweit.blog\/projekte\/wp-json\/wp\/v2\/posts"}],"about":[{"href":"https:\/\/kulturweit.blog\/projekte\/wp-json\/wp\/v2\/types\/post"}],"author":[{"embeddable":true,"href":"https:\/\/kulturweit.blog\/projekte\/wp-json\/wp\/v2\/users\/1405"}],"replies":[{"embeddable":true,"href":"https:\/\/kulturweit.blog\/projekte\/wp-json\/wp\/v2\/comments?post=774"}],"version-history":[{"count":0,"href":"https:\/\/kulturweit.blog\/projekte\/wp-json\/wp\/v2\/posts\/774\/revisions"}],"wp:featuredmedia":[{"embeddable":true,"href":"https:\/\/kulturweit.blog\/projekte\/wp-json\/wp\/v2\/media\/775"}],"wp:attachment":[{"href":"https:\/\/kulturweit.blog\/projekte\/wp-json\/wp\/v2\/media?parent=774"}],"wp:term":[{"taxonomy":"category","embeddable":true,"href":"https:\/\/kulturweit.blog\/projekte\/wp-json\/wp\/v2\/categories?post=774"},{"taxonomy":"post_tag","embeddable":true,"href":"https:\/\/kulturweit.blog\/projekte\/wp-json\/wp\/v2\/tags?post=774"}],"curies":[{"name":"wp","href":"https:\/\/api.w.org\/{rel}","templated":true}]}}