{"id":756,"date":"2014-07-10T11:44:49","date_gmt":"2014-07-10T09:44:49","guid":{"rendered":"https:\/\/kulturweit.blog\/projekte\/?p=756"},"modified":"2014-07-10T13:37:55","modified_gmt":"2014-07-10T11:37:55","slug":"schreiben-macht-gluecklich","status":"publish","type":"post","link":"https:\/\/kulturweit.blog\/projekte\/2014\/07\/10\/schreiben-macht-gluecklich\/","title":{"rendered":"Schreiben macht GL\u00dcCKlich"},"content":{"rendered":"<p><img loading=\"lazy\" decoding=\"async\" width=\"584\" height=\"438\" src=\"https:\/\/kulturweit.blog\/projekte\/files\/2014\/07\/IMG_1410-640x480.jpg\" class=\"size-large alignnone wp-image-757\" alt=\"Foto: Theresa Jacobi\" srcset=\"https:\/\/kulturweit.blog\/projekte\/files\/2014\/07\/IMG_1410-640x480.jpg 640w, https:\/\/kulturweit.blog\/projekte\/files\/2014\/07\/IMG_1410-300x225.jpg 300w, https:\/\/kulturweit.blog\/projekte\/files\/2014\/07\/IMG_1410-399x300.jpg 399w\" sizes=\"(max-width: 584px) 100vw, 584px\" \/><\/p>\n<p>Beim Projekt &#8222;Schreiben macht GL\u00dcCKlich&#8220; handelt es sich um ein Gemeinschaftsprojekt der GI-PASCH-Freiwilligen in der Slowakei. In einem Wochenendseminar haben wir mit Sch\u00fclern der Gymnasien in Doln\u00fd Kub\u00edn und Nov\u00e1 Ba\u0148a die M\u00f6glichkeiten der Online-Sch\u00fclerzeitung KLICK erarbeitet und journalistisches Schreiben ge\u00fcbt. Alles rund um das Thema \u201eGl\u00fcck\u201c.<\/p>\n<p><a href=\"https:\/\/kulturweit.blog\/projekte\/files\/gravity_forms\/1-a0d87699e26a8b0463fc804ada5f1b2a\/2014\/07\/KLICK-Redaktionstreffen_Bericht.pdf\">https:\/\/kulturweit.blog\/projekte\/files\/gravity_forms\/1-a0d87699e26a8b0463fc804ada5f1b2a\/2014\/07\/KLICK-Redaktionstreffen_Bericht.pdf<\/a><br \/>\n<a href=\"\"><\/a><br \/>\n<a href=\"\"><\/a><\/p>\n","protected":false},"excerpt":{"rendered":"<p>Beim Projekt &#8222;Schreiben macht GL\u00dcCKlich&#8220; handelt es sich um ein Gemeinschaftsprojekt der GI-PASCH-Freiwilligen in der Slowakei. In einem Wochenendseminar haben wir mit Sch\u00fclern der Gymnasien in Doln\u00fd Kub\u00edn und Nov\u00e1 Ba\u0148a die M\u00f6glichkeiten der Online-Sch\u00fclerzeitung KLICK erarbeitet und journalistisches Schreiben &hellip; <a href=\"https:\/\/kulturweit.blog\/projekte\/2014\/07\/10\/schreiben-macht-gluecklich\/\">Weiterlesen <span class=\"meta-nav\">&rarr;<\/span><\/a><\/p>\n","protected":false},"author":1156,"featured_media":757,"comment_status":"open","ping_status":"open","sticky":false,"template":"","format":"standard","meta":{"footnotes":""},"categories":[52903],"tags":[83801,771,83802,35792,83803],"class_list":["post-756","post","type-post","status-publish","format-standard","has-post-thumbnail","hentry","category-ausreise-september-2013","tag-gi-pasch","tag-glueck","tag-klick","tag-schreiben","tag-schuelerzeitung","projektart-langzeit-freiwilligenprojekt"],"amp_enabled":true,"_links":{"self":[{"href":"https:\/\/kulturweit.blog\/projekte\/wp-json\/wp\/v2\/posts\/756"}],"collection":[{"href":"https:\/\/kulturweit.blog\/projekte\/wp-json\/wp\/v2\/posts"}],"about":[{"href":"https:\/\/kulturweit.blog\/projekte\/wp-json\/wp\/v2\/types\/post"}],"author":[{"embeddable":true,"href":"https:\/\/kulturweit.blog\/projekte\/wp-json\/wp\/v2\/users\/1156"}],"replies":[{"embeddable":true,"href":"https:\/\/kulturweit.blog\/projekte\/wp-json\/wp\/v2\/comments?post=756"}],"version-history":[{"count":0,"href":"https:\/\/kulturweit.blog\/projekte\/wp-json\/wp\/v2\/posts\/756\/revisions"}],"wp:featuredmedia":[{"embeddable":true,"href":"https:\/\/kulturweit.blog\/projekte\/wp-json\/wp\/v2\/media\/757"}],"wp:attachment":[{"href":"https:\/\/kulturweit.blog\/projekte\/wp-json\/wp\/v2\/media?parent=756"}],"wp:term":[{"taxonomy":"category","embeddable":true,"href":"https:\/\/kulturweit.blog\/projekte\/wp-json\/wp\/v2\/categories?post=756"},{"taxonomy":"post_tag","embeddable":true,"href":"https:\/\/kulturweit.blog\/projekte\/wp-json\/wp\/v2\/tags?post=756"}],"curies":[{"name":"wp","href":"https:\/\/api.w.org\/{rel}","templated":true}]}}