{"id":753,"date":"2014-05-15T09:14:48","date_gmt":"2014-05-15T07:14:48","guid":{"rendered":"https:\/\/kulturweit.blog\/projekte\/?p=753"},"modified":"2014-05-15T11:27:57","modified_gmt":"2014-05-15T09:27:57","slug":"blick-auf-den-teller-food-around-the-world","status":"publish","type":"post","link":"https:\/\/kulturweit.blog\/projekte\/2014\/05\/15\/blick-auf-den-teller-food-around-the-world\/","title":{"rendered":"&#8222;Blick auf den Teller&#8220; \/ Food around the world"},"content":{"rendered":"<p><img loading=\"lazy\" decoding=\"async\" width=\"584\" height=\"257\" src=\"https:\/\/kulturweit.blog\/projekte\/files\/2014\/05\/Unbenannt-640x282.png\" class=\"size-large alignnone wp-image-754\" alt=\"Unbenannt\" srcset=\"https:\/\/kulturweit.blog\/projekte\/files\/2014\/05\/Unbenannt-640x282.png 640w, https:\/\/kulturweit.blog\/projekte\/files\/2014\/05\/Unbenannt-300x132.png 300w, https:\/\/kulturweit.blog\/projekte\/files\/2014\/05\/Unbenannt-500x220.png 500w, https:\/\/kulturweit.blog\/projekte\/files\/2014\/05\/Unbenannt.png 1348w\" sizes=\"(max-width: 584px) 100vw, 584px\" \/><\/p>\n<p>Ich habe meinen 6 monatigen Freiwilligendienst im Goethe Institut \/ Bereich PASCH in Hanoi, Vietnam gemacht. Das Projekt an sich ist recht simpel und nicht ganz uneigenn\u00fctzig. Da ich pers\u00f6nlich wahnsinnig gerne koche und dabei immer wieder gerne neue Rezepte ausprobiere, kam mir im Laufe der Zeit die Idee, einen Blog zu erstellen, auf dem alle Kulturweitfreiwilligen Rezepte hochladen k\u00f6nnen, welche Sie w\u00e4hrend ihres Freiwilligendienstes kennengelernt haben. Dar\u00fcber hinaus k\u00f6nnen auf dem Blog auch einfach nur Bilder, Tischspr\u00fcche und sonstige Informationen rund ums Thema &#8222;Essen&#8220; gepostet werden. Bisher haben sich etwa 10 Personen am Projekt beteiligt &#8211; es w\u00e4re aber toll, wenn es noch mehr werden, sodass mit der Zeit eine gr\u00f6\u00dfere Sammlung an Rezepten entsteht. Das Projekt l\u00e4sst sich zudem auch optimal in den Deutschunterricht integrieren, da Rezepte auch gemeinsam mit den Sch\u00fclerInnen erstellt und anschlie\u00dfend (am besten mit einem Foto) hochgeladen werden k\u00f6nnten. Es kann \u00fcbrigens auch sehr witzig sein, Tischspr\u00fcche gemeinsamen mit den Sch\u00fclerInnen ins Deutsche zu \u00fcbersetzen. <\/p>\n<p><a href=\"\"><\/a><br \/>\n<a href=\"\"><\/a><br \/>\n<a href=\"\"><\/a><\/p>\n","protected":false},"excerpt":{"rendered":"<p>Ich habe meinen 6 monatigen Freiwilligendienst im Goethe Institut \/ Bereich PASCH in Hanoi, Vietnam gemacht. Das Projekt an sich ist recht simpel und nicht ganz uneigenn\u00fctzig. Da ich pers\u00f6nlich wahnsinnig gerne koche und dabei immer wieder gerne neue Rezepte &hellip; <a href=\"https:\/\/kulturweit.blog\/projekte\/2014\/05\/15\/blick-auf-den-teller-food-around-the-world\/\">Weiterlesen <span class=\"meta-nav\">&rarr;<\/span><\/a><\/p>\n","protected":false},"author":1172,"featured_media":754,"comment_status":"open","ping_status":"open","sticky":false,"template":"","format":"standard","meta":{"footnotes":""},"categories":[52903],"tags":[36,224,300,6934,77682],"class_list":["post-753","post","type-post","status-publish","format-standard","has-post-thumbnail","hentry","category-ausreise-september-2013","tag-blog","tag-deutsch-lernen","tag-essen","tag-kochen","tag-rezepte","projektart-langzeit-freiwilligenprojekt"],"amp_enabled":true,"_links":{"self":[{"href":"https:\/\/kulturweit.blog\/projekte\/wp-json\/wp\/v2\/posts\/753"}],"collection":[{"href":"https:\/\/kulturweit.blog\/projekte\/wp-json\/wp\/v2\/posts"}],"about":[{"href":"https:\/\/kulturweit.blog\/projekte\/wp-json\/wp\/v2\/types\/post"}],"author":[{"embeddable":true,"href":"https:\/\/kulturweit.blog\/projekte\/wp-json\/wp\/v2\/users\/1172"}],"replies":[{"embeddable":true,"href":"https:\/\/kulturweit.blog\/projekte\/wp-json\/wp\/v2\/comments?post=753"}],"version-history":[{"count":0,"href":"https:\/\/kulturweit.blog\/projekte\/wp-json\/wp\/v2\/posts\/753\/revisions"}],"wp:featuredmedia":[{"embeddable":true,"href":"https:\/\/kulturweit.blog\/projekte\/wp-json\/wp\/v2\/media\/754"}],"wp:attachment":[{"href":"https:\/\/kulturweit.blog\/projekte\/wp-json\/wp\/v2\/media?parent=753"}],"wp:term":[{"taxonomy":"category","embeddable":true,"href":"https:\/\/kulturweit.blog\/projekte\/wp-json\/wp\/v2\/categories?post=753"},{"taxonomy":"post_tag","embeddable":true,"href":"https:\/\/kulturweit.blog\/projekte\/wp-json\/wp\/v2\/tags?post=753"}],"curies":[{"name":"wp","href":"https:\/\/api.w.org\/{rel}","templated":true}]}}