{"id":742,"date":"2014-02-19T17:46:52","date_gmt":"2014-02-19T16:46:52","guid":{"rendered":"https:\/\/kulturweit.blog\/projekte\/?p=742"},"modified":"2014-02-20T17:48:17","modified_gmt":"2014-02-20T16:48:17","slug":"aleman-sin-fronteras-deutsch-ohne-grenzen","status":"publish","type":"post","link":"https:\/\/kulturweit.blog\/projekte\/2014\/02\/19\/aleman-sin-fronteras-deutsch-ohne-grenzen\/","title":{"rendered":"\u00bbAlem\u00e1n sin fronteras\u00ab &#8211; Deutsch ohne Grenzen"},"content":{"rendered":"<p><img loading=\"lazy\" decoding=\"async\" class=\"size-large alignnone wp-image-743\" alt=\"Flyer zum Thema &quot;Deutschland&quot;\" src=\"https:\/\/kulturweit.blog\/projekte\/files\/2014\/02\/Alem\u00e1n_sin_fronteras_Marcel_Seger-7-640x426.jpg\" width=\"584\" height=\"388\" srcset=\"https:\/\/kulturweit.blog\/projekte\/files\/2014\/02\/Alem\u00e1n_sin_fronteras_Marcel_Seger-7-640x426.jpg 640w, https:\/\/kulturweit.blog\/projekte\/files\/2014\/02\/Alem\u00e1n_sin_fronteras_Marcel_Seger-7-300x200.jpg 300w, https:\/\/kulturweit.blog\/projekte\/files\/2014\/02\/Alem\u00e1n_sin_fronteras_Marcel_Seger-7-450x300.jpg 450w\" sizes=\"(max-width: 584px) 100vw, 584px\" \/><\/p>\n<p>Das Projekt<br \/>\nDie Idee des Projektes ist es, das Interesse an Deutschland und an der deutschen Sprache allen, Jung und Alt, zug\u00e4nglich zu machen, auf kostenloser Basis. Dreimal w\u00f6chentlich boten wir, zwei Kulturweit-Freiwillige und zwei Studenten aus Lima, Deutschunterricht an einer \u00f6ffentlichen Schule an. Das Projekt lebt von Freiwilligen. Der Gedanke des uneingeschr\u00e4nkten Zugangs zu Sprachunterricht ist die Quintessenz \u2013 die F\u00f6rderung der Chancengleichheit ist das \u00fcbergeordnete Ziel.<\/p>\n<p>Die Idee<br \/>\nDen Leitgedanken der PASCH-Initiative, Deutschunterricht an Schulen zu f\u00f6rdern, wollten wir erweitern und an die \u00d6ffentlichkeit hinaustragen. Unser Ziel war es, die deutsche Sprache einer breiteren Masse, insbesondere Sch\u00fclern und Sch\u00fclerinnen von \u00f6ffentlichen Schulen, zug\u00e4nglich zu machen \u2013 basierend auf dem Non-Profit Gedanken. Dabei soll das Projekt konstant am Leben erhalten werden: Jede(r) Freiwillige, der unterrichtet hat, ist f\u00fcr die Nachfolge neuer Freiwillige verantwortlich. Nach einer gewissen Zeit schlie\u00dft sich der Kreis, sodass diejenigen, die zun\u00e4chst unterrichtet wurden, ihre erlernten Kenntnisse an nachfolgende Interessierte weitergeben k\u00f6nnen. Noch bis August wird das Projekt von der \u00bbkulturweit\u00ab-Freiwilligen Kathrin Hansen weitergef\u00fchrt.<\/p>\n<p>Highlights<br \/>\nDie Dankbarkeit, die uns die Sch\u00fcler\/innen f\u00fcr unser ehrenamtliches Engagement entgegen gebracht haben, war besonders herzlich. Mit welch einer Motivation sie die deutsche Sprache erlernen wollten, hat uns auch in unserem Vorhaben best\u00e4rkt. Im weiteren Verlauf des Projektes hoffen wir vom Goethe-Institut Lima ein Stipendium f\u00fcr einen \u00fcberdurchschnittlich guten Sch\u00fcler zugesagt zu bekommen. Dies w\u00fcrde das Projekt in besonderer Weise abrunden.<\/p>\n<p>Herausforderungen<br \/>\nDie ersten Wochen des Projektes waren besonders schwierig f\u00fcr uns, da niemand zum ersten angek\u00fcndigten Termin des Sommerkurses erschien. Das Problem war schlichtweg die Zeit, die zwischen der Infoveranstaltung und dem Beginn des Kurses verstrichen war. Die L\u00f6sung des Problems war jedoch simpel: mehr Werbung war der Schl\u00fcssel zum Erfolg. Wir nutzten herk\u00f6mmliche Methoden wie Flugbl\u00e4tter, sowie soziale Medien wie Facebook (\u00bbAlem\u00e1n sin fronteras\u00ab). Mit einer einw\u00f6chigen Versp\u00e4tung konnte das Projekt dann schlie\u00dflich mit neun Teilnehmer\/innen beginnen. Eine weitere Herausforderung war es, f\u00fcr die Teilnehmerinnen und Teilnehmer bestimmte Regeln, zum Beispiel zum Thema Versp\u00e4tungen und Anwesenheitspflicht, aufzustellen. Dies sollte gleich zu Beginn geschehen. Auch das Erstellen eines detaillierten Projekt- bzw. Unterrichtsplans ist von gro\u00dfer Wichtigkeit f\u00fcr das Gelingen des Projekts.<\/p>\n<p>Hilfreiche Tipps<br \/>\nAufgeben sollte die allerletzte Option sein! Trotz anf\u00e4nglicher Schwierigkeiten hat sich unser Projekt zu einem Erfolg entwickelt. Jegliche Anstrengungen zahlen sich meist aus!<br \/>\nBei der Projektdurchf\u00fchrung ist es ebenso wichtig, die kulturellen Unterschiede zu ber\u00fccksichtigen und nicht gleich am Anfang alle Gewohnheiten auf einmal \u00e4ndern zu wollen. Um m\u00f6glichst viele Menschen zu erreichen, ist \u00d6ffentlichkeitsarbeit auch hier das A und O.<\/p>\n<p>Abschlie\u00dfende Bemerkungen \/ Sonstiges<br \/>\nAuf Facebook haben wir eine Fanseite mit weiteren Bildern \/ Informationen erstellt (\u00bbAlem\u00e1n sin fronteras\u00ab (Deutsch ohne Grenzen) nennt sich die Seite).<\/p>\n<ul>\n<li><a style=\"font-style: normal;\" href=\"https:\/\/kulturweit.blog\/projekte\/files\/gravity_forms\/1-a0d87699e26a8b0463fc804ada5f1b2a\/2014\/02\/Plakat-D\u00eda-de-la-cultura-alem\u00e1n.pdf\">Plakat-D\u00eda-de-la-cultura-alem\u00e1n.pdf<\/a><\/li>\n<li><a style=\"font-style: normal;\" href=\"https:\/\/kulturweit.blog\/projekte\/files\/gravity_forms\/1-a0d87699e26a8b0463fc804ada5f1b2a\/2014\/02\/Fichas.pdf\">Fichas.pdf<\/a><\/li>\n<li><a style=\"font-style: normal;\" href=\"https:\/\/kulturweit.blog\/projekte\/files\/gravity_forms\/1-a0d87699e26a8b0463fc804ada5f1b2a\/2014\/02\/Fichas.pdf\">Cerrificado.pdf<\/a><\/li>\n<\/ul>\n","protected":false},"excerpt":{"rendered":"<p>Das Projekt Die Idee des Projektes ist es, das Interesse an Deutschland und an der deutschen Sprache allen, Jung und Alt, zug\u00e4nglich zu machen, auf kostenloser Basis. Dreimal w\u00f6chentlich boten wir, zwei Kulturweit-Freiwillige und zwei Studenten aus Lima, Deutschunterricht an &hellip; <a href=\"https:\/\/kulturweit.blog\/projekte\/2014\/02\/19\/aleman-sin-fronteras-deutsch-ohne-grenzen\/\">Weiterlesen <span class=\"meta-nav\">&rarr;<\/span><\/a><\/p>\n","protected":false},"author":1252,"featured_media":743,"comment_status":"open","ping_status":"open","sticky":false,"template":"","format":"standard","meta":{"footnotes":""},"categories":[52903],"tags":[71906,71907,52897],"class_list":["post-742","post","type-post","status-publish","format-standard","has-post-thumbnail","hentry","category-ausreise-september-2013","tag-ausreise-herbst-2013","tag-deutsch-ohne-grenzen","tag-freiwilligenprojekt","projektart-langzeit-freiwilligenprojekt"],"amp_enabled":true,"_links":{"self":[{"href":"https:\/\/kulturweit.blog\/projekte\/wp-json\/wp\/v2\/posts\/742"}],"collection":[{"href":"https:\/\/kulturweit.blog\/projekte\/wp-json\/wp\/v2\/posts"}],"about":[{"href":"https:\/\/kulturweit.blog\/projekte\/wp-json\/wp\/v2\/types\/post"}],"author":[{"embeddable":true,"href":"https:\/\/kulturweit.blog\/projekte\/wp-json\/wp\/v2\/users\/1252"}],"replies":[{"embeddable":true,"href":"https:\/\/kulturweit.blog\/projekte\/wp-json\/wp\/v2\/comments?post=742"}],"version-history":[{"count":0,"href":"https:\/\/kulturweit.blog\/projekte\/wp-json\/wp\/v2\/posts\/742\/revisions"}],"wp:featuredmedia":[{"embeddable":true,"href":"https:\/\/kulturweit.blog\/projekte\/wp-json\/wp\/v2\/media\/743"}],"wp:attachment":[{"href":"https:\/\/kulturweit.blog\/projekte\/wp-json\/wp\/v2\/media?parent=742"}],"wp:term":[{"taxonomy":"category","embeddable":true,"href":"https:\/\/kulturweit.blog\/projekte\/wp-json\/wp\/v2\/categories?post=742"},{"taxonomy":"post_tag","embeddable":true,"href":"https:\/\/kulturweit.blog\/projekte\/wp-json\/wp\/v2\/tags?post=742"}],"curies":[{"name":"wp","href":"https:\/\/api.w.org\/{rel}","templated":true}]}}