{"id":736,"date":"2013-08-24T15:53:53","date_gmt":"2013-08-24T13:53:53","guid":{"rendered":"https:\/\/kulturweit.blog\/projekte\/?p=736"},"modified":"2013-08-24T15:53:53","modified_gmt":"2013-08-24T13:53:53","slug":"la-paz-eine-einfuehrung-in-bildern","status":"publish","type":"post","link":"https:\/\/kulturweit.blog\/projekte\/2013\/08\/24\/la-paz-eine-einfuehrung-in-bildern\/","title":{"rendered":"La Paz &#8211; Eine Einf\u00fchrung in Bildern"},"content":{"rendered":"<p>Bevor ich nach La Paz in Bolivien ausgereist bin, hatte ich 100 Fragen \u00fcber die Stadt, das Land und das Leben der Menschen vor Ort. Aber nur wenige, denen ich sie h\u00e4tte stellen k\u00f6nnen. Ich googelte und fand unz\u00e4hlige Informationen \u00fcber die Stadt, aber vor allem schlechte. Geschichten, die ich von Bekannten h\u00f6rte, machten mich auch nicht neugieriger. An was f\u00fcr einen Ort w\u00fcrde ich da blo\u00df fahren? Einen tollen Ort, wie sich nach nur wenigen Tagen herausstellte. La Paz ist wunderbar &#8211; aber das musste ich mir erst erk\u00e4mpfen.<\/p>\n<p>&nbsp;<\/p>\n<p>F\u00fcr mein Projekt habe ich mir als Vorgabe gesetzt, anderen Freiwilligen, die nach mir kommen, den Einstieg in diese Stadt leichter zu machen, als ich es empfunden habe. Ihr sollt es mal besser haben, und so. In einem Bildband mit hoffentlich hilfreichen Tipps und Empfehlungen habe ich Informationen und die sch\u00f6nsten Bilder von La Paz gesammelt.<\/p>\n<p>&nbsp;<\/p>\n<p>Hier kann man sich das Projekt angucken:<br \/>\n<iframe loading=\"lazy\" src=\"\/\/e.issuu.com\/embed.html#0\/4577511\" height=\"525\" width=\"100%\" allowfullscreen=\"\" frameborder=\"0\"><\/iframe><\/p>\n<p>&nbsp;<\/p>\n","protected":false},"excerpt":{"rendered":"<p>Bevor ich nach La Paz in Bolivien ausgereist bin, hatte ich 100 Fragen \u00fcber die Stadt, das Land und das Leben der Menschen vor Ort. Aber nur wenige, denen ich sie h\u00e4tte stellen k\u00f6nnen. Ich googelte und fand unz\u00e4hlige Informationen &hellip; <a href=\"https:\/\/kulturweit.blog\/projekte\/2013\/08\/24\/la-paz-eine-einfuehrung-in-bildern\/\">Weiterlesen <span class=\"meta-nav\">&rarr;<\/span><\/a><\/p>\n","protected":false},"author":1238,"featured_media":0,"comment_status":"open","ping_status":"open","sticky":false,"template":"","format":"standard","meta":{"footnotes":""},"categories":[52902],"tags":[],"class_list":["post-736","post","type-post","status-publish","format-standard","hentry","category-ausreise-marz-2013","projektart-langzeit-freiwilligenprojekt"],"amp_enabled":true,"_links":{"self":[{"href":"https:\/\/kulturweit.blog\/projekte\/wp-json\/wp\/v2\/posts\/736"}],"collection":[{"href":"https:\/\/kulturweit.blog\/projekte\/wp-json\/wp\/v2\/posts"}],"about":[{"href":"https:\/\/kulturweit.blog\/projekte\/wp-json\/wp\/v2\/types\/post"}],"author":[{"embeddable":true,"href":"https:\/\/kulturweit.blog\/projekte\/wp-json\/wp\/v2\/users\/1238"}],"replies":[{"embeddable":true,"href":"https:\/\/kulturweit.blog\/projekte\/wp-json\/wp\/v2\/comments?post=736"}],"version-history":[{"count":0,"href":"https:\/\/kulturweit.blog\/projekte\/wp-json\/wp\/v2\/posts\/736\/revisions"}],"wp:attachment":[{"href":"https:\/\/kulturweit.blog\/projekte\/wp-json\/wp\/v2\/media?parent=736"}],"wp:term":[{"taxonomy":"category","embeddable":true,"href":"https:\/\/kulturweit.blog\/projekte\/wp-json\/wp\/v2\/categories?post=736"},{"taxonomy":"post_tag","embeddable":true,"href":"https:\/\/kulturweit.blog\/projekte\/wp-json\/wp\/v2\/tags?post=736"}],"curies":[{"name":"wp","href":"https:\/\/api.w.org\/{rel}","templated":true}]}}