{"id":726,"date":"2013-08-10T11:56:04","date_gmt":"2013-08-10T09:56:04","guid":{"rendered":"https:\/\/kulturweit.blog\/projekte\/?p=726"},"modified":"2013-08-10T11:56:04","modified_gmt":"2013-08-10T09:56:04","slug":"umweltschutz-ist-hip","status":"publish","type":"post","link":"https:\/\/kulturweit.blog\/projekte\/2013\/08\/10\/umweltschutz-ist-hip\/","title":{"rendered":"Umweltschutz ist hip"},"content":{"rendered":"<p><img loading=\"lazy\" decoding=\"async\" class=\"size-large alignnone wp-image-727\" alt=\"Udo Umwelt - Das Maskottchen f\u00fcr Umweltprojekte verschiedener L\u00e4nder (meist unter dem Projektnamen &quot;Nosotros y la basura&quot;).\" src=\"https:\/\/kulturweit.blog\/projekte\/files\/2013\/08\/Umweltudo-im-Bl\u00fctenmeer-426x640.jpg\" width=\"426\" height=\"640\" srcset=\"https:\/\/kulturweit.blog\/projekte\/files\/2013\/08\/Umweltudo-im-Bl\u00fctenmeer-426x640.jpg 426w, https:\/\/kulturweit.blog\/projekte\/files\/2013\/08\/Umweltudo-im-Bl\u00fctenmeer-200x300.jpg 200w, https:\/\/kulturweit.blog\/projekte\/files\/2013\/08\/Umweltudo-im-Bl\u00fctenmeer.jpg 1200w\" sizes=\"(max-width: 426px) 100vw, 426px\" \/><\/p>\n<p>Bei dem Projekt handelte es sich um ein Umweltschutzprojekt im Rahmen des Deutsch-Unterrichts an den Preparatorias 1,3 und 4 in Pachuca. In Zusammenarbeit mit weiteren Pasch-Schulen in anderen Einsatzl\u00e4ndern (z.B. Costa Rica und Panama) sollten mehrere Umweltprojekte entstehen, die v.a. die M\u00fcllproblematik thematisieren. Dazu wurde der Film &#8222;Nosotros y la basura&#8220; eines ehemaligen Weltw\u00e4rtsfreiwilligen gezeigt, um die Sch\u00fcler auf die Thematik einzustimmen. Anschliessend wurden Stationen mit verschiedenen Aktivit\u00e4ten angeboten, die noch genauer erl\u00e4utert werden.<\/p>\n<p>&nbsp;<\/p>\n<p>I) Planung und Organisation:<\/p>\n<p>Das Projekt bedurfte eine l\u00e4ngere Planungs- und Vorbereitungsphase, weil die verschiedenen Stationen didaktisiert werden mussten. (Vokabellisten, Bilderkl\u00e4rungen, Vorbereitung von Beispielen etc.)<\/p>\n<p>Die Sch\u00fcler wurden vorher gefragt, ob sie Interesse an einem weiteren Recycling-Projekt h\u00e4tten (sie hatten bereits Geldbeutel aus Tetrapak hergestellt). Es wurde eine Veranstaltung in der &#8222;Ich mache Deutsch&#8220;-Facebook-Gruppe der Prepas erstellt, 9 Sch\u00fcler meldeten sich an. Das Projekt wurde auf einen Nachmittag in der Ferienzeit gelegt.<\/p>\n<p>&nbsp;<\/p>\n<p>II) Durchf\u00fchrung und Verlauf<\/p>\n<p>&nbsp;<\/p>\n<p>a) Verschiedene Stationen:<\/p>\n<p>&nbsp;<\/p>\n<p>Das Projekt war in verschiedene Stationen aufgegliedert, so dass die Sch\u00fcler frei nach ihren individuellen Interessen w\u00e4hlen konnten:<\/p>\n<p>&nbsp;<\/p>\n<p>1. Rap und Musik<\/p>\n<p>Die Sch\u00fcler h\u00f6ren einen Rap und machen selbst ein Lied oder einen Rap zum Thema Umwelt. Als Hilfestellung stehen ihnen ein Rap-Raster, eine Vokabelliste mit sich reimenden W\u00f6rtern und verschiedene Loops und Beats zur Verf\u00fcgung. Ebenso besteht die M\u00f6glichkeit, Musikinstrumente aus Abfall zu basteln.<\/p>\n<p>2. Umweltudo<\/p>\n<p>Die Sch\u00fcler basteln ein Maskottchen f\u00fcr eine Facebook-Seite zum Thema Umwelt. Daf\u00fcr \u00fcberlegen sie sich, welche Eigenschaften und Pers\u00f6nlichkeit Umwelt-Udo hat. Sie machen evtl. einen Stop-Motion Film dazu.<\/p>\n<p>3. Upcycling<\/p>\n<p>Die Sch\u00fcler basteln Geldb\u00f6rsen, Skizzenb\u00fccher, Teelichthalter, Taschen und Schmuck aus Abfallmaterialien. Dazu stehen ihnen Anleitungen und die verschiedenen mitgebrachten Upcyclingbeispiele zur Verf\u00fcgung.<\/p>\n<p>4. Pasch-Wettbewerb<\/p>\n<p>Die Sch\u00fcler machen ein Foto zum Thema Umweltproblematik in Mexiko. Sie nehmen damit an einem Wettbewerb der Initiative \u201ePasch \u2013 Schulen f\u00fcr die Zukunft\u201c teil.<\/p>\n<p>5. Freie Wahl<\/p>\n<p>Die Sch\u00fcler haben freie Wahl. Sie k\u00f6nnen machen, was sie wollen. Denkbar sind z.B. noch eine Zeitungsgruppe, eine Theatergruppe, eine Filmgruppe. &#8230;<\/p>\n<p>&nbsp;<\/p>\n<p>b) Schwierigkeiten und Erfolge:<\/p>\n<p>Von den 9 angemeldeten Sch\u00fclern kamen leider nur zwei Sch\u00fclerinnen und ein Freund ohne Deutschkenntnisse. Nach der langen Vorbereitungszeit war dies etwas ern\u00fcchternd. Zun\u00e4chst sahen wir gemeinsam den Film &#8222;Nosotros y la basura&#8220;. Aufgrund der geringen Sch\u00fclerzahl entschieden sich die Sch\u00fcler dann gemeinsam zun\u00e4chst an einer Station zu arbeiten und sie w\u00e4hlten die Station &#8222;Wir basteln Umwelt Udo&#8220; aus. Sie hatten sehr viel Spass daran, verschiedene Adjektive zur Beschreibung von Comicfiguren zuzuordnen und sich Umwelt Udo vorzustellen. Ebenso waren sie begeistert von den verschiedenen Upcycling-Ideen und einer Sch\u00fclerin musste ich die Woche drauf, das H\u00e4keln erkl\u00e4ren.<\/p>\n<p>&nbsp;<\/p>\n<p>R\u00e9sum\u00e9:<\/p>\n<p>Ich glaube, dass es f\u00fcr die Sch\u00fcler besser gewesen w\u00e4r, wenn der Deutschnachmittag w\u00e4hrend der Schulzeit stattgefunden h\u00e4tte oder wenn man zumindest einen Teil des Projekts in den Deutschunterricht verlegt h\u00e4tte.<\/p>\n<p>Ich denke aber, dass ich die vorbereiteten Stationen sicherlich mal wieder verwenden kann. Vielleicht kann es ja auch jemand hier brauchen.<\/p>\n<p>&nbsp;<\/p>\n","protected":false},"excerpt":{"rendered":"<p>Bei dem Projekt handelte es sich um ein Umweltschutzprojekt im Rahmen des Deutsch-Unterrichts an den Preparatorias 1,3 und 4 in Pachuca. In Zusammenarbeit mit weiteren Pasch-Schulen in anderen Einsatzl\u00e4ndern (z.B. Costa Rica und Panama) sollten mehrere Umweltprojekte entstehen, die v.a. &hellip; <a href=\"https:\/\/kulturweit.blog\/projekte\/2013\/08\/10\/umweltschutz-ist-hip\/\">Weiterlesen <span class=\"meta-nav\">&rarr;<\/span><\/a><\/p>\n","protected":false},"author":1023,"featured_media":727,"comment_status":"open","ping_status":"open","sticky":false,"template":"","format":"standard","meta":{"footnotes":""},"categories":[52902],"tags":[52907,52906,52904,52905],"class_list":["post-726","post","type-post","status-publish","format-standard","has-post-thumbnail","hentry","category-ausreise-marz-2013","tag-deutsch-unterricht","tag-pasch-schulen","tag-umweltschutz","tag-upcycling","projektart-langzeit-freiwilligenprojekt"],"amp_enabled":true,"_links":{"self":[{"href":"https:\/\/kulturweit.blog\/projekte\/wp-json\/wp\/v2\/posts\/726"}],"collection":[{"href":"https:\/\/kulturweit.blog\/projekte\/wp-json\/wp\/v2\/posts"}],"about":[{"href":"https:\/\/kulturweit.blog\/projekte\/wp-json\/wp\/v2\/types\/post"}],"author":[{"embeddable":true,"href":"https:\/\/kulturweit.blog\/projekte\/wp-json\/wp\/v2\/users\/1023"}],"replies":[{"embeddable":true,"href":"https:\/\/kulturweit.blog\/projekte\/wp-json\/wp\/v2\/comments?post=726"}],"version-history":[{"count":0,"href":"https:\/\/kulturweit.blog\/projekte\/wp-json\/wp\/v2\/posts\/726\/revisions"}],"wp:featuredmedia":[{"embeddable":true,"href":"https:\/\/kulturweit.blog\/projekte\/wp-json\/wp\/v2\/media\/727"}],"wp:attachment":[{"href":"https:\/\/kulturweit.blog\/projekte\/wp-json\/wp\/v2\/media?parent=726"}],"wp:term":[{"taxonomy":"category","embeddable":true,"href":"https:\/\/kulturweit.blog\/projekte\/wp-json\/wp\/v2\/categories?post=726"},{"taxonomy":"post_tag","embeddable":true,"href":"https:\/\/kulturweit.blog\/projekte\/wp-json\/wp\/v2\/tags?post=726"}],"curies":[{"name":"wp","href":"https:\/\/api.w.org\/{rel}","templated":true}]}}