{"id":578,"date":"2012-07-11T05:08:24","date_gmt":"2012-07-11T03:08:24","guid":{"rendered":"https:\/\/kulturweit.blog\/projekte\/die-bremer-stadtmusikanten\/"},"modified":"2012-07-11T19:37:54","modified_gmt":"2012-07-11T17:37:54","slug":"die-bremer-stadtmusikanten","status":"publish","type":"post","link":"https:\/\/kulturweit.blog\/projekte\/2012\/07\/11\/die-bremer-stadtmusikanten\/","title":{"rendered":"Die Bremer Stadtmusikanten"},"content":{"rendered":"<p><iframe loading=\"lazy\" title=\"Die Bremer Stadtmusikanten rechtlich korrekt\" src=\"https:\/\/player.vimeo.com\/video\/45549588?dnt=1&amp;app_id=122963\" width=\"584\" height=\"438\" frameborder=\"0\" allow=\"autoplay; fullscreen; picture-in-picture; clipboard-write\"><\/iframe><\/p>\n<p style=\"text-align: justify\">In zweieinhalb Monaten Arbeit habe ich mit meinen Sch\u00fclern anl\u00e4sslich des Grimm-Jahres 2012 \u201eDie Bremer Stadtmusikanten\u201c als modernes Theaterst\u00fcck am 22. Juni inszeniert. Das gr\u00f6\u00dfte St\u00fcck Arbeit war nat\u00fcrlich, die deutschen Dialoge auswendig zu lernen. Im Endergebnis sind diese Schwierigkeiten unvermeidbar sichtbar, aber insgesamt haben die Kids einen wirklich guten Job gemacht. Besonders loben m\u00f6chte ich die vier Hauptdarsteller Ricardo, Abi, No\u00eb und Jorge. Gute Unterhaltung!<\/p>\n<p>Aus rechtlichen Gr\u00fcnden mussten die musikalischen Einlagen leider herausgeschnitten werden.<\/p>\n","protected":false},"excerpt":{"rendered":"<p>In zweieinhalb Monaten Arbeit habe ich mit meinen Sch\u00fclern anl\u00e4sslich des Grimm-Jahres 2012 \u201eDie Bremer Stadtmusikanten\u201c als modernes Theaterst\u00fcck am 22. Juni inszeniert. Das gr\u00f6\u00dfte St\u00fcck Arbeit war nat\u00fcrlich, die deutschen Dialoge auswendig zu lernen. Im Endergebnis sind diese Schwierigkeiten &hellip; <a href=\"https:\/\/kulturweit.blog\/projekte\/2012\/07\/11\/die-bremer-stadtmusikanten\/\">Weiterlesen <span class=\"meta-nav\">&rarr;<\/span><\/a><\/p>\n","protected":false},"author":765,"featured_media":0,"comment_status":"open","ping_status":"open","sticky":false,"template":"","format":"standard","meta":{"footnotes":""},"categories":[43695],"tags":[35774,44218,753,830,44220],"class_list":["post-578","post","type-post","status-publish","format-standard","hentry","category-ausreise-februar-2012","tag-grimm","tag-marchen","tag-theater","tag-tiere","tag-unterhaltung"],"amp_enabled":true,"_links":{"self":[{"href":"https:\/\/kulturweit.blog\/projekte\/wp-json\/wp\/v2\/posts\/578"}],"collection":[{"href":"https:\/\/kulturweit.blog\/projekte\/wp-json\/wp\/v2\/posts"}],"about":[{"href":"https:\/\/kulturweit.blog\/projekte\/wp-json\/wp\/v2\/types\/post"}],"author":[{"embeddable":true,"href":"https:\/\/kulturweit.blog\/projekte\/wp-json\/wp\/v2\/users\/765"}],"replies":[{"embeddable":true,"href":"https:\/\/kulturweit.blog\/projekte\/wp-json\/wp\/v2\/comments?post=578"}],"version-history":[{"count":0,"href":"https:\/\/kulturweit.blog\/projekte\/wp-json\/wp\/v2\/posts\/578\/revisions"}],"wp:attachment":[{"href":"https:\/\/kulturweit.blog\/projekte\/wp-json\/wp\/v2\/media?parent=578"}],"wp:term":[{"taxonomy":"category","embeddable":true,"href":"https:\/\/kulturweit.blog\/projekte\/wp-json\/wp\/v2\/categories?post=578"},{"taxonomy":"post_tag","embeddable":true,"href":"https:\/\/kulturweit.blog\/projekte\/wp-json\/wp\/v2\/tags?post=578"}],"curies":[{"name":"wp","href":"https:\/\/api.w.org\/{rel}","templated":true}]}}