{"id":136,"date":"2011-09-18T13:01:43","date_gmt":"2011-09-18T11:01:43","guid":{"rendered":"https:\/\/kulturweit.blog\/projekte\/?p=136"},"modified":"2012-06-15T13:06:09","modified_gmt":"2012-06-15T11:06:09","slug":"deutschland-mag-pdf-download","status":"publish","type":"post","link":"https:\/\/kulturweit.blog\/projekte\/2011\/09\/18\/deutschland-mag-pdf-download\/","title":{"rendered":"&#8222;Deutschland mag&#8230;&#8220; PDF-Download"},"content":{"rendered":"<p style=\"text-align: left;\">Nach viele Stunden Arbeit ist auch nun das &#8222;Deutschland mag&#8230;&#8220;-Projekt in der entscheidenden Endphase. Eine erste Rohfassung ist nun f\u00fcr euch hier zum <a title=\"Deutschland mag... als PDF\" href=\"https:\/\/kulturweit.blog\/projekte\/files\/2011\/09\/Deutschland-mag.pdf\">Downloaden<\/a> bereit.<\/p>\n<p style=\"text-align: center;\"><a href=\"https:\/\/kulturweit.blog\/projekte\/files\/2011\/09\/Deutschland-mag.jpg\"><img loading=\"lazy\" decoding=\"async\" class=\"size-medium wp-image-138 aligncenter\" src=\"https:\/\/kulturweit.blog\/projekte\/files\/2011\/09\/Deutschland-mag-212x300.jpg\" alt=\"\" width=\"212\" height=\"300\" srcset=\"https:\/\/kulturweit.blog\/projekte\/files\/2011\/09\/Deutschland-mag-212x300.jpg 212w, https:\/\/kulturweit.blog\/projekte\/files\/2011\/09\/Deutschland-mag-452x640.jpg 452w, https:\/\/kulturweit.blog\/projekte\/files\/2011\/09\/Deutschland-mag.jpg 1240w\" sizes=\"(max-width: 212px) 100vw, 212px\" \/><\/a><\/p>\n<p>Was war noch mal &#8222;Deutschland mag&#8230;&#8220;?<\/p>\n<p>Genau so wenig, wie es &#8222;das&#8220; Russland, &#8222;das&#8220; China oder &#8222;das&#8220; Ruanda gibt, gibt es auch nicht &#8222;das&#8220; Deutschland. In Deutschland leben 80 Millionen Menschen und genau so viele unterschiedliche Ansichten, Meinungen und Vorlieben gibt es. Eine bunte Auswahl haben 14 \u00bbkulturweit\u00ab-Freiwillige w\u00e4hrend ihrer Vorbereitung auf den Auslandseinsatz zusammengestellt. Mithilfe von vielen weiteren Menschen ist daraus ein kleiner Querschnitt durch unser facettenreiches Land entstanden. Dieses Buch ist f\u00fcr die Freiwilligen in ihren Einsatzstellen gedacht. Ob es als Ansichtsexemplar benutzt wird, zur Erkl\u00e4rung hilft oder im Unterricht Verwendung findet: Das Vervielf\u00e4ltigen und Weitergeben der folgenden Artikel, Rezepte &amp; Gedichte ist ausdr\u00fccklich erw\u00fcnscht! Viel Spa\u00df beim Lesen w\u00fcnscht Kati\u2019s Homezone!<\/p>\n","protected":false},"excerpt":{"rendered":"<p>Nach viele Stunden Arbeit ist auch nun das &#8222;Deutschland mag&#8230;&#8220;-Projekt in der entscheidenden Endphase. Eine erste Rohfassung ist nun f\u00fcr euch hier zum Downloaden bereit. Was war noch mal &#8222;Deutschland mag&#8230;&#8220;? Genau so wenig, wie es &#8222;das&#8220; Russland, &#8222;das&#8220; China &hellip; <a href=\"https:\/\/kulturweit.blog\/projekte\/2011\/09\/18\/deutschland-mag-pdf-download\/\">Weiterlesen <span class=\"meta-nav\">&rarr;<\/span><\/a><\/p>\n","protected":false},"author":636,"featured_media":138,"comment_status":"open","ping_status":"open","sticky":false,"template":"","format":"standard","meta":{"footnotes":""},"categories":[43067],"tags":[28655,672],"class_list":["post-136","post","type-post","status-publish","format-standard","has-post-thumbnail","hentry","category-ausreise-september-2011","tag-deutschland-mag","tag-projekt"],"amp_enabled":true,"_links":{"self":[{"href":"https:\/\/kulturweit.blog\/projekte\/wp-json\/wp\/v2\/posts\/136"}],"collection":[{"href":"https:\/\/kulturweit.blog\/projekte\/wp-json\/wp\/v2\/posts"}],"about":[{"href":"https:\/\/kulturweit.blog\/projekte\/wp-json\/wp\/v2\/types\/post"}],"author":[{"embeddable":true,"href":"https:\/\/kulturweit.blog\/projekte\/wp-json\/wp\/v2\/users\/636"}],"replies":[{"embeddable":true,"href":"https:\/\/kulturweit.blog\/projekte\/wp-json\/wp\/v2\/comments?post=136"}],"version-history":[{"count":1,"href":"https:\/\/kulturweit.blog\/projekte\/wp-json\/wp\/v2\/posts\/136\/revisions"}],"predecessor-version":[{"id":144,"href":"https:\/\/kulturweit.blog\/projekte\/wp-json\/wp\/v2\/posts\/136\/revisions\/144"}],"wp:featuredmedia":[{"embeddable":true,"href":"https:\/\/kulturweit.blog\/projekte\/wp-json\/wp\/v2\/media\/138"}],"wp:attachment":[{"href":"https:\/\/kulturweit.blog\/projekte\/wp-json\/wp\/v2\/media?parent=136"}],"wp:term":[{"taxonomy":"category","embeddable":true,"href":"https:\/\/kulturweit.blog\/projekte\/wp-json\/wp\/v2\/categories?post=136"},{"taxonomy":"post_tag","embeddable":true,"href":"https:\/\/kulturweit.blog\/projekte\/wp-json\/wp\/v2\/tags?post=136"}],"curies":[{"name":"wp","href":"https:\/\/api.w.org\/{rel}","templated":true}]}}