{"id":71,"date":"2021-01-11T11:17:35","date_gmt":"2021-01-11T10:17:35","guid":{"rendered":"https:\/\/kulturweit.blog\/picknickmitbaeren\/?p=71"},"modified":"2021-01-11T14:52:05","modified_gmt":"2021-01-11T13:52:05","slug":"picnic-in-cursul-de-limba-romana","status":"publish","type":"post","link":"https:\/\/kulturweit.blog\/picknickmitbaeren\/2021\/01\/11\/picnic-in-cursul-de-limba-romana\/","title":{"rendered":"Picnic \u00een cursul de limba rom\u00e2n\u0103"},"content":{"rendered":"<p><em>,,Okay, pay attention!&#8220;<\/em><\/p>\n<p>Schon wenige Minuten nachdem unser Sprachkurs begonnen hat, die erste Nachfrage von seitens der Sch\u00fcler und diese energische (Lieblings-)Aufforderung unseres Lehrers nun aufzupassen.<\/p>\n<p>Unser Kurs, aus Johanna, mir und einer Hand voll Hobby-Linguisten im gehobenen Rentenalter bestehend, k\u00f6nnte wohl kaum diverser sein. Nicht nur was den Humor der einzelnen Teilnehmer angeht, sondern auch im Bezug auf ihre Herkunft.<\/p>\n<p>Unser Lehrer, der es sich zur Aufgabe gemacht hat, Jojo und mich alle schwierigen W\u00f6rter vorlesen zu lassen, um daraufhin seinen Lieblingssatz anzubringen, probiert nun schon seit zwei Monaten uns rum\u00e4nisch auf englisch zu vermitteln. Naja meistens zumindest. Durch ein goldiges franz\u00f6sisches Paar wird unser Unterricht regelm\u00e4\u00dfig trilingual erweitert und daraufhin noch von einem weiteren Teilnehmer, Roland, auf deutsch erg\u00e4nzt.<\/p>\n<p>Dieser scheint davon auszugehen, dass Johanna und und ich neben rum\u00e4nisch wohl auch nicht so fit in den anderen Wahlsprachen sind und probiert uns die rum\u00e4nische Grammatik anhand von holprigen Wortwitzen zu erkl\u00e4ren.<\/p>\n<p>Der beste bisher: Cafe<strong>aua<\/strong>, da der bestimmte Artikel an die Nomen angeh\u00e4ngt werden muss und man sich, wie in diesem Fall, ja nur an einem bestimmten Kaffee verbrennen kann, wenn er hei\u00df ist. Soweit die Theorie. Roland, der seinen Zoom-Hintergrund jede Stunde wechselt und wahlweise aus den Bergen, von den Bahamas oder den Pyramiden von Gizeh an unseren Besprechungen teilnimmt, hat seine helle Freude daran und bringt diesen Witz dementsprechend regelm\u00e4\u00dfig im Kurs.<\/p>\n<p>Erweitert wird unsere Gruppe noch von einem Niederl\u00e4nder und einer Britin, die scheinbar beide auch (schon l\u00e4nger) in Brasov wohnen, dadurch aber auch einen Vorsprung in Vokabular und Aussprache haben.<\/p>\n<p>Dank der Vielf\u00e4ltigkeit dieser Gruppe ist es auch nicht schlimm, wenn wir mal ein wenig abdriften, da jeder von uns etwas zu den Kursthemen beitragen kann und es immer viel zu lachen gibt.<\/p>\n<p>Dadurch gestalten sich die Stunden jedes Mal sehr abwechslungsreich und reichen von der v\u00f6lligen Verwirrung durch die Konjugation aller existierenden Verben, hin zum Lesen von sch\u00f6nen Texten \u00fcber die touristischen Highlights Siebenb\u00fcrgens. Wenn es dann mal schwer zu verfolgen ist, vers\u00fc\u00dfen Jojo und ich uns den Unterricht wortw\u00f6rtlich, mit einem ausgedehnten Brunch oder Dinner und helfen uns anschlie\u00dfend gegenseitig die Grammatik zu verinnerlichen.<\/p>\n<p>Aber ich darf mich garnicht beschweren. Online-Unterricht ist wirklich schwer, habe ich in den letzten Wochen gelernt. Wenn man aus der Lehrerposition eine Frage stellt und nur die ausgestellten Mikrofone zur\u00fcck echoen oder die Sch\u00fcler verst\u00e4ndlicherweise, nach Wochen des Unterrichts per Meet nur noch eine schwindende Menge an Motivation aufbringen k\u00f6nnen&#8230;<\/p>\n<p>Doch da gibt es auch immer wieder Highlights. Zum Beispiel, als ich in der Vorweihnachtszeit <em>H\u00e4nsel und Gretel<\/em> mit einer Klasse gelesen habe; die Gruppe vollst\u00e4ndig aufgebl\u00fcht ist und wir einen ausf\u00fchrlichen Austausch \u00fcber traditionelle M\u00e4rchen in Deutschland und Rum\u00e4nien hatten. In einer weiteren Stunde; an die ich mich noch sehr gut erinnern kann, habe ich mit einer kleinen Gruppe \u00fcber Apps und die Verbreitung von Fake-News gesprochen habe. Die Sch\u00fcler haben anhand von verschiedenen Beispielartikeln versucht zu differenzieren, welche Schlagzeilen fake und welche real waren. Die aus solchen Stunden resultierenden Gedanken und Diskussionsideen, machen mir jedes Mal wieder unheimlich viel Spa\u00df zu moderieren und zu verfolgen!<\/p>\n<div id=\"attachment_73\" style=\"width: 310px\" class=\"wp-caption alignnone\"><a href=\"https:\/\/kulturweit.blog\/picknickmitbaeren\/files\/2020\/12\/Screenshot-2020-12-30-142542.png\"><img loading=\"lazy\" decoding=\"async\" aria-describedby=\"caption-attachment-73\" class=\"wp-image-73 size-medium\" src=\"https:\/\/kulturweit.blog\/picknickmitbaeren\/files\/2020\/12\/Screenshot-2020-12-30-142542-300x158.png\" alt=\"\" width=\"300\" height=\"158\" srcset=\"https:\/\/kulturweit.blog\/picknickmitbaeren\/files\/2020\/12\/Screenshot-2020-12-30-142542-300x158.png 300w, https:\/\/kulturweit.blog\/picknickmitbaeren\/files\/2020\/12\/Screenshot-2020-12-30-142542-768x404.png 768w, https:\/\/kulturweit.blog\/picknickmitbaeren\/files\/2020\/12\/Screenshot-2020-12-30-142542-624x328.png 624w, https:\/\/kulturweit.blog\/picknickmitbaeren\/files\/2020\/12\/Screenshot-2020-12-30-142542.png 1024w\" sizes=\"(max-width: 300px) 100vw, 300px\" \/><\/a><p id=\"caption-attachment-73\" class=\"wp-caption-text\">&#8211; https:\/\/www.suedkurier.de\/ueberregional\/politik\/Die-erfolgreichsten-Fake-News-Wir-zeigen-Ihnen-was-hinter-den-bekanntesten-Falschnachrichten-steckt;art410924,9713663 &#8211; https:\/\/de.style.yahoo.com\/kurios-wahr-skurrile-kurznachrichten-aller-slideshow-wp-131053804.html\u00a0 So hat dann eine Folie die wir besprochen haben; beispeilsweise ausgesehen und neben dem Inhaltlichen auch Fragen zur technischen Ausgestaltung der Artikel aufgeworfen.<\/p><\/div>\n<p>Insgesamt waren die ersten Dezemberwochen in Rum\u00e4nien auch noch sehr sch\u00f6n und Bra\u0219ov hat sich wirklich von der aller sch\u00f6nsten Seite gezeigt!<\/p>\n<div id=\"attachment_74\" style=\"width: 310px\" class=\"wp-caption aligncenter\"><a href=\"https:\/\/kulturweit.blog\/picknickmitbaeren\/files\/2020\/12\/IMG_20201209_124421.jpg\"><img loading=\"lazy\" decoding=\"async\" aria-describedby=\"caption-attachment-74\" class=\"wp-image-74 size-medium\" src=\"https:\/\/kulturweit.blog\/picknickmitbaeren\/files\/2020\/12\/IMG_20201209_124421-300x145.jpg\" alt=\"\" width=\"300\" height=\"145\" srcset=\"https:\/\/kulturweit.blog\/picknickmitbaeren\/files\/2020\/12\/IMG_20201209_124421-300x145.jpg 300w, https:\/\/kulturweit.blog\/picknickmitbaeren\/files\/2020\/12\/IMG_20201209_124421-768x372.jpg 768w, https:\/\/kulturweit.blog\/picknickmitbaeren\/files\/2020\/12\/IMG_20201209_124421-624x302.jpg 624w, https:\/\/kulturweit.blog\/picknickmitbaeren\/files\/2020\/12\/IMG_20201209_124421.jpg 1024w\" sizes=\"(max-width: 300px) 100vw, 300px\" \/><\/a><p id=\"caption-attachment-74\" class=\"wp-caption-text\">Der Marktplatz von Brasov mit erster Weihnachtlicher Dekoration&#8230;<\/p><\/div>\n<div id=\"attachment_76\" style=\"width: 310px\" class=\"wp-caption alignnone\"><a href=\"https:\/\/kulturweit.blog\/picknickmitbaeren\/files\/2020\/12\/20201209_222256.jpg\"><img loading=\"lazy\" decoding=\"async\" aria-describedby=\"caption-attachment-76\" class=\"wp-image-76 size-medium\" src=\"https:\/\/kulturweit.blog\/picknickmitbaeren\/files\/2020\/12\/20201209_222256-300x400.jpg\" alt=\"\" width=\"300\" height=\"400\" srcset=\"https:\/\/kulturweit.blog\/picknickmitbaeren\/files\/2020\/12\/20201209_222256-300x400.jpg 300w, https:\/\/kulturweit.blog\/picknickmitbaeren\/files\/2020\/12\/20201209_222256-624x832.jpg 624w, https:\/\/kulturweit.blog\/picknickmitbaeren\/files\/2020\/12\/20201209_222256.jpg 768w\" sizes=\"(max-width: 300px) 100vw, 300px\" \/><\/a><p id=\"caption-attachment-76\" class=\"wp-caption-text\">&#8230; und die davon abgehenden Stra\u00dfen bei Nacht.<\/p><\/div>\n<div id=\"attachment_75\" style=\"width: 310px\" class=\"wp-caption alignnone\"><a href=\"https:\/\/kulturweit.blog\/picknickmitbaeren\/files\/2020\/12\/Snapchat-1327948585.jpg\"><img loading=\"lazy\" decoding=\"async\" aria-describedby=\"caption-attachment-75\" class=\"wp-image-75 size-medium\" src=\"https:\/\/kulturweit.blog\/picknickmitbaeren\/files\/2020\/12\/Snapchat-1327948585-300x533.jpg\" alt=\"\" width=\"300\" height=\"533\" srcset=\"https:\/\/kulturweit.blog\/picknickmitbaeren\/files\/2020\/12\/Snapchat-1327948585-300x533.jpg 300w, https:\/\/kulturweit.blog\/picknickmitbaeren\/files\/2020\/12\/Snapchat-1327948585.jpg 576w\" sizes=\"(max-width: 300px) 100vw, 300px\" \/><\/a><p id=\"caption-attachment-75\" class=\"wp-caption-text\">Die Strada-Sforii ist mit einer Breite von etwas \u00fcber einem Meter als Europas engste Gasse deklariert. Zumindest wenn man aus der hiesigen Perspektive sieht.<\/p><\/div>\n<p>Wir haben unsere Zeit hier wieder f\u00fcr viele ausgedehnte Spazierg\u00e4nge, Wanderungen und entspannte WG Nachmittage genutzt. Stutzig gemacht hat uns blo\u00df der Morgen, nach den nationalen Wahlen &#8211; am 6ten Dezember &#8211; als unser Haus kurioserweise von einem Ei erwischt wurde. Woher das kleine Geschoss gekommen sein soll, ist uns immer noch ein Mysterium, da ich f\u00fcr meinen Teil nicht dazu in der Lage w\u00e4re auf die entsprechende H\u00f6he und praktisch um die Ecke zu werfen, aber da das einmalig war, machen wir uns jetzt erstmal keine weiteren Gedanken dar\u00fcber&#8230;<\/p>\n<p>Nun ja, und dann war es auch schon bald so weit und wir haben Mitte Dezember unsere Koffer gepackt, um unser neues Zuhause vorerst zu verlassen und f\u00fcr einige Wochen ins Homeoffice nach Deutschland zur\u00fcckzukehren.<\/p>\n<p>Jetzt (09.01) sind wir wieder zur\u00fcck und motiviert, mit vollem Elan weiterhin die Zeit unseres FSJs zu gestalten!<\/p>\n","protected":false},"excerpt":{"rendered":"<p>,,Okay, pay attention!&#8220; Schon wenige Minuten nachdem unser Sprachkurs begonnen hat, die erste Nachfrage von seitens der Sch\u00fcler und diese energische (Lieblings-)Aufforderung unseres Lehrers nun aufzupassen. Unser Kurs, aus Johanna, mir und einer Hand voll Hobby-Linguisten im gehobenen Rentenalter bestehend, k\u00f6nnte wohl kaum diverser sein. Nicht nur was den Humor der einzelnen Teilnehmer angeht, sondern [&hellip;]<\/p>\n","protected":false},"author":2885,"featured_media":0,"comment_status":"open","ping_status":"open","sticky":false,"template":"","format":"standard","meta":{"footnotes":""},"categories":[21],"tags":[],"class_list":["post-71","post","type-post","status-publish","format-standard","hentry","category-allgemein"],"amp_enabled":true,"_links":{"self":[{"href":"https:\/\/kulturweit.blog\/picknickmitbaeren\/wp-json\/wp\/v2\/posts\/71"}],"collection":[{"href":"https:\/\/kulturweit.blog\/picknickmitbaeren\/wp-json\/wp\/v2\/posts"}],"about":[{"href":"https:\/\/kulturweit.blog\/picknickmitbaeren\/wp-json\/wp\/v2\/types\/post"}],"author":[{"embeddable":true,"href":"https:\/\/kulturweit.blog\/picknickmitbaeren\/wp-json\/wp\/v2\/users\/2885"}],"replies":[{"embeddable":true,"href":"https:\/\/kulturweit.blog\/picknickmitbaeren\/wp-json\/wp\/v2\/comments?post=71"}],"version-history":[{"count":3,"href":"https:\/\/kulturweit.blog\/picknickmitbaeren\/wp-json\/wp\/v2\/posts\/71\/revisions"}],"predecessor-version":[{"id":89,"href":"https:\/\/kulturweit.blog\/picknickmitbaeren\/wp-json\/wp\/v2\/posts\/71\/revisions\/89"}],"wp:attachment":[{"href":"https:\/\/kulturweit.blog\/picknickmitbaeren\/wp-json\/wp\/v2\/media?parent=71"}],"wp:term":[{"taxonomy":"category","embeddable":true,"href":"https:\/\/kulturweit.blog\/picknickmitbaeren\/wp-json\/wp\/v2\/categories?post=71"},{"taxonomy":"post_tag","embeddable":true,"href":"https:\/\/kulturweit.blog\/picknickmitbaeren\/wp-json\/wp\/v2\/tags?post=71"}],"curies":[{"name":"wp","href":"https:\/\/api.w.org\/{rel}","templated":true}]}}