{"id":586,"date":"2024-11-22T03:53:51","date_gmt":"2024-11-22T02:53:51","guid":{"rendered":"https:\/\/kulturweit.blog\/picknickmitbaeren\/?p=586"},"modified":"2024-11-22T03:53:51","modified_gmt":"2024-11-22T02:53:51","slug":"zuhause-zieht-hin-und-wieder-um","status":"publish","type":"post","link":"https:\/\/kulturweit.blog\/picknickmitbaeren\/2024\/11\/22\/zuhause-zieht-hin-und-wieder-um\/","title":{"rendered":"Zuhause zieht hin und wieder um"},"content":{"rendered":"<p>Donnerstag 18.07.2024. Fast wie eine kleine Zeitreise spielt sich der Tag heute ab. Ich sitze v\u00f6llig \u00fcberm\u00fcdet an einem Busbahnhof irgendwo zwischen Paris und Frankfurt. Das <em>Irgendwo<\/em> ist Br\u00fcssel. Warum man da umsteigen muss, um in die Olympia-Hochburg-2024 zu gelangen bleibt mir immer noch ein R\u00e4tsel, genauso wie die Tatsache, dass die komplette Fahrt \u00fcber 13 Stunden dauert.<br \/>\nDas Szenario gleicht sehr meiner Art zu reisen vor drei Jahren. In Rum\u00e4nien, drum herum und seitdem weiterhin. Mit einem viel zu schweren Rucksack auf dem R\u00fccken und neben (in meinen Augen!) guten Snacks, sprudelnden Abenteuergeist im Bauch. Quasi alles gleich? Irgendwie schon und gleichzeitig so gar nicht. Seit dem FSJ mit Kulturweit ist ziemlich viel passiert. Sich selbst treu bleibend, ist man ja immer noch der gleiche Mensch und trotzdem v\u00f6llig gewandelt. Gewachsen, gestrahlt, hin und wieder geschrumpft und auch einfach mal f\u00e4lschlicherweise der Mottenlampe hinterher. Seit der Zeit in Brasov hat sich meine Welt ziemlich auf den Kopf gestellt. Meine Ziele und W\u00fcnsche wurden an manchen Stellen von der Realit\u00e4t \u00fcberrumpelt, haben an anderen einfach Vollgas gegeben. Die Mischung aus beidem hat mich jedenfalls um zw\u00f6lf Uhr nachts an den frankfurter Busbahnhof, in einen quietschgr\u00fcnen, randvollen Reisebus gebracht, mit zwei Urgestalten an Busfahrern, auf dem Weg nach Br\u00fcssel.<\/p>\n<p>Eigentlich liegt meine Wahlheimat Innsbruck noch einen Tick weiter s\u00fcdlich. Hier wurde nach einem Jahr Studium auch meine Bewerbung f\u00fcr die Zeit im Ausland angenommen. Die Bewerbung f\u00fcr die weite Welt war f\u00fcr mich eine logische Konsequenz aus Geographie und europ\u00e4ischer Ethnologie, um meine Horizonte auf die Probe zu stellen.<br \/>\nAlso zur\u00fcck nach Br\u00fcssel:<br \/>\nDer Abenteuergeist in meinem Bauch ger\u00e4t ein bisschen ins Stocken, freudiges Sprudeln verwandelt sich in Gedankenspiralen und sackt ab. Innsbruck, mein Zuhause, erneut aufgeben? Alles aufgebaute, vertraute, geliebte erstmal zur\u00fccklassen? Tief durchatmen und nach dem 807er Bus suchen. Umstieg nach Paris.<\/p>\n<p>Als ich vor einigen Wochen erfahren habe, dass mein Semester in Valdivia klappen w\u00fcrde, bin ich kaum noch zur\u00fcck in mein H\u00e4uschen gekommen, vor lauter Vorfreude. Mein Spanisch wieder rauspoliert traf ich ein paar Vorkehrungen. Anreise? Puh schwierig. Containerschiff? M\u00f6glich, nur die vielen Wochen Vorlauf werden unm\u00f6glich. Segelschiff? Nicht bezahlbar. Zug? Leider zig Kilometer Atlantik im Weg. Was jetzt klingt wie eine Rechtfertigung, ist auch eine. Vor allem vor mir selbst. Die f\u00fcr mich beste Variante: einen einzigen durchgehenden Flug, die restlichen Strecken auf dem Landweg. Scheinbar, meine Recherchen haben ergeben, dass Flugzeuge wohl mit Abstand am meisten Kerosin bei Start und Landung verbrauchen. Sobald die Reiseh\u00f6he erreicht ist, geht die Rechnung zwar nicht auf null, ist aber einfach weniger relevant.<\/p>\n<p>Von allen europ\u00e4ischen L\u00e4ndern bieten in meinem Zeitraum allerdings nur Fluggesellschaften von Paris oder Madrid direkte Verbindungen an. Madrid mit Zug oder Bus ist ein fieser Ritt. Bestimmt eine traumhafte Strecke, doch etwas zu weit um nicht mal Zeit dort zu verbringen. Paris? Viel besser! Olympische Spiele 2024? Mist. Okay aber egal wird schon gehen.<\/p>\n<p>Bei der Ankunft in der Hauptstadt Frankreichs tummeln sich \u00fcberall in den t\u00fcrkisenen Leibchen der Spiele angezogene Menschen und scheinen wichtige Dinge zu tun, AthletInnen zu begr\u00fc\u00dfen und Wege zu weisen. Auch einfach witzig zu beobachten und ohne Komplikationen f\u00fcr mich. Bis zu diesem Punkt.<\/p>\n<p>&nbsp;<\/p>\n<p>Nach gerade mal 11 Stunden Umstiegszeit zum Flug nach Santiago de Chile, in der ich jeden Gang des Terminals drei Mal abspaziert und alle Plakate, Produkte und Ecken inspiziert hatte, begann das Boarding.<br \/>\nMega spannend mal wieder in einem startenden Flugzeug zu sitzen. Unser Flug der Letzte des Tages und wir verlassen das glitzernde Paris. V\u00f6llig gefesselt folge ich der Welt unter uns. Als wir Frankreich und Spanien hinter uns lassen, wirft der Mond einen langen Lichtkegel auf den Ozean, macht Boote, Schiffe und gro\u00dfe Wasserfl\u00e4chen sichtbar, taucht alles in ein mystisches Licht. Ich will hier wirklich nichts romantisieren, aber ich war extrem begeistert. Nach neun Stunden Flug durch die Nacht, \u00fcberqueren wir Sinop sowie dunkle Peripherie Brasiliens. H\u00f6fe und kleine Orte wirken in der Dunkelheit wie auseinander getriebene Boote im Meer, als w\u00fcrden sich die Sterne auf der riesigen Fl\u00e4che spiegeln. Beim Passieren des bolivianischen Hochlandes erscheinen mir die Lichter n\u00e4her als zuvor, alles ist ein wenig dunkler, der Horizont beginnt sich langsam in einem schwachen rot einzuf\u00e4rben. Allm\u00e4hlich holt uns die Sonne wieder ein, als sich der Kurs nach S\u00fcden einstellt und wir uns der Hauptstadt Chiles n\u00e4hern.<\/p>\n<p><a href=\"https:\/\/kulturweit.blog\/picknickmitbaeren\/files\/2024\/11\/WhatsApp-Image-2024-11-21-at-23.31.40.jpeg\"><img loading=\"lazy\" decoding=\"async\" class=\"alignnone size-medium wp-image-605\" src=\"https:\/\/kulturweit.blog\/picknickmitbaeren\/files\/2024\/11\/WhatsApp-Image-2024-11-21-at-23.31.40-300x400.jpeg\" alt=\"\" width=\"300\" height=\"400\" srcset=\"https:\/\/kulturweit.blog\/picknickmitbaeren\/files\/2024\/11\/WhatsApp-Image-2024-11-21-at-23.31.40-300x400.jpeg 300w, https:\/\/kulturweit.blog\/picknickmitbaeren\/files\/2024\/11\/WhatsApp-Image-2024-11-21-at-23.31.40-624x832.jpeg 624w, https:\/\/kulturweit.blog\/picknickmitbaeren\/files\/2024\/11\/WhatsApp-Image-2024-11-21-at-23.31.40.jpeg 768w\" sizes=\"(max-width: 300px) 100vw, 300px\" \/><\/a><\/p>\n<p>Noch knapp zwei Stunden. Dann hei\u00dft es erstmal wieder ankommen. Ich bin sehr aufgeregt, was die kommende Zeit bringen wird. Nach ein paar Tagen in Santiago plane ich nach Valdivia runterzufahren und mein neues Zuhause f\u00fcr die kommenden f\u00fcnf Monate kennen zu lernen. Ende Juli startet auch schon das Semester an der Universidad Austral de Chile.<\/p>\n<p><a href=\"https:\/\/kulturweit.blog\/picknickmitbaeren\/files\/2024\/11\/WhatsApp-Image-2024-11-21-at-23.31.401.jpeg\"><img loading=\"lazy\" decoding=\"async\" class=\"alignnone size-medium wp-image-603\" src=\"https:\/\/kulturweit.blog\/picknickmitbaeren\/files\/2024\/11\/WhatsApp-Image-2024-11-21-at-23.31.401-300x225.jpeg\" alt=\"\" width=\"300\" height=\"225\" srcset=\"https:\/\/kulturweit.blog\/picknickmitbaeren\/files\/2024\/11\/WhatsApp-Image-2024-11-21-at-23.31.401-300x225.jpeg 300w, https:\/\/kulturweit.blog\/picknickmitbaeren\/files\/2024\/11\/WhatsApp-Image-2024-11-21-at-23.31.401-768x576.jpeg 768w, https:\/\/kulturweit.blog\/picknickmitbaeren\/files\/2024\/11\/WhatsApp-Image-2024-11-21-at-23.31.401-624x468.jpeg 624w, https:\/\/kulturweit.blog\/picknickmitbaeren\/files\/2024\/11\/WhatsApp-Image-2024-11-21-at-23.31.401.jpeg 1024w\" sizes=\"(max-width: 300px) 100vw, 300px\" \/><\/a><\/p>\n<p><a href=\"https:\/\/kulturweit.blog\/picknickmitbaeren\/files\/2024\/11\/WhatsApp-Image-2024-11-21-at-23.31.41.jpeg\"><img loading=\"lazy\" decoding=\"async\" class=\"alignnone size-medium wp-image-604\" src=\"https:\/\/kulturweit.blog\/picknickmitbaeren\/files\/2024\/11\/WhatsApp-Image-2024-11-21-at-23.31.41-300x400.jpeg\" alt=\"\" width=\"300\" height=\"400\" srcset=\"https:\/\/kulturweit.blog\/picknickmitbaeren\/files\/2024\/11\/WhatsApp-Image-2024-11-21-at-23.31.41-300x400.jpeg 300w, https:\/\/kulturweit.blog\/picknickmitbaeren\/files\/2024\/11\/WhatsApp-Image-2024-11-21-at-23.31.41-624x832.jpeg 624w, https:\/\/kulturweit.blog\/picknickmitbaeren\/files\/2024\/11\/WhatsApp-Image-2024-11-21-at-23.31.41.jpeg 768w\" sizes=\"(max-width: 300px) 100vw, 300px\" \/><\/a><\/p>\n<p>Den Blog nun weiterzuf\u00fchren, kommt vor allem daher, weil ich glaube, dass mich vor allem die Zeit mit Kulturweit hier hergebracht hat. Die Erfahrungen, scheinbar schwerelos ankommen zu k\u00f6nnen und die Verbundenheit zu Menschen, Orten und Realit\u00e4ten, unabh\u00e4ngig vom konkreten Ort. Mit der Erfahrung in Brasov wurde mein Wunsch nochmal l\u00e4ngere Zeit im Ausland leben zu k\u00f6nnen potenziert. Nun gut und hier bin ich nun. Seit einigen Monaten inzwischen in Chile angekommen und noch immer kann ich nicht ganz bereifen, was mir diese Zeit bereits alles geschenkt hat.<\/p>\n<p><a href=\"https:\/\/kulturweit.blog\/picknickmitbaeren\/files\/2024\/11\/WhatsApp-Image-2024-11-21-at-23.31.412.jpeg\"><img loading=\"lazy\" decoding=\"async\" class=\"alignnone size-medium wp-image-607\" src=\"https:\/\/kulturweit.blog\/picknickmitbaeren\/files\/2024\/11\/WhatsApp-Image-2024-11-21-at-23.31.412-300x225.jpeg\" alt=\"\" width=\"300\" height=\"225\" srcset=\"https:\/\/kulturweit.blog\/picknickmitbaeren\/files\/2024\/11\/WhatsApp-Image-2024-11-21-at-23.31.412-300x225.jpeg 300w, https:\/\/kulturweit.blog\/picknickmitbaeren\/files\/2024\/11\/WhatsApp-Image-2024-11-21-at-23.31.412-768x576.jpeg 768w, https:\/\/kulturweit.blog\/picknickmitbaeren\/files\/2024\/11\/WhatsApp-Image-2024-11-21-at-23.31.412-624x468.jpeg 624w, https:\/\/kulturweit.blog\/picknickmitbaeren\/files\/2024\/11\/WhatsApp-Image-2024-11-21-at-23.31.412.jpeg 1024w\" sizes=\"(max-width: 300px) 100vw, 300px\" \/><\/a><\/p>\n<p>Den originalen Text hatte ich tats\u00e4chlich noch im Flugzeug auf dem Weg nach Santiago verfasst. Danach wollte ich aber dennoch abwarten mit dem Hochladen, war mir irgendwie unsicher, ob ich den Blog weiterf\u00fchren m\u00f6chte. Doch jetzt f\u00fchlt es sich doch gut an, einige Erinnerungen und Erlebnisse hier festzuhalten und so meine Zeit aus Rum\u00e4nien, mit meiner Studienzeit in Chile verschmelzen lassen zu k\u00f6nnen, um sp\u00e4ter nochmal aus einem anderen Blickwinkel darauf zur\u00fcckschauen zu k\u00f6nnen.<\/p>\n<p><a href=\"https:\/\/kulturweit.blog\/picknickmitbaeren\/files\/2024\/11\/WhatsApp-Image-2024-11-21-at-23.31.411.jpeg\"><img loading=\"lazy\" decoding=\"async\" class=\"alignnone size-medium wp-image-606\" src=\"https:\/\/kulturweit.blog\/picknickmitbaeren\/files\/2024\/11\/WhatsApp-Image-2024-11-21-at-23.31.411-300x225.jpeg\" alt=\"\" width=\"300\" height=\"225\" srcset=\"https:\/\/kulturweit.blog\/picknickmitbaeren\/files\/2024\/11\/WhatsApp-Image-2024-11-21-at-23.31.411-300x225.jpeg 300w, https:\/\/kulturweit.blog\/picknickmitbaeren\/files\/2024\/11\/WhatsApp-Image-2024-11-21-at-23.31.411-768x576.jpeg 768w, https:\/\/kulturweit.blog\/picknickmitbaeren\/files\/2024\/11\/WhatsApp-Image-2024-11-21-at-23.31.411-624x468.jpeg 624w, https:\/\/kulturweit.blog\/picknickmitbaeren\/files\/2024\/11\/WhatsApp-Image-2024-11-21-at-23.31.411.jpeg 1024w\" sizes=\"(max-width: 300px) 100vw, 300px\" \/><\/a><\/p>\n<p>Also, auf ein neues und mit vielen Eindr\u00fccken aus Santiago de Chile, nach f\u00fcnf phantastischen Tagen des Ankommens, und Wartens auf meinen verloren gegangenen Koffer, auf das Verschwinden der M\u00fcdigkeit der Zeitumstellung, des Genie\u00dfens der K\u00fchle der Luft, der warmen Offenheit meiner Gastgeberin und der tausenden neuer Eindr\u00fccke.<\/p>\n<p>Die ersten Zeilen dieses neuen Abschnitts sind mindestens genauso konfus wie meine anf\u00e4nglichen Gedanken und Bedenken des Auslandssemesters, doch alles was kam und inzwischen auch noch kommen wird, hielt und h\u00e4lt mit jedem Tag neue \u00dcberraschungen und Geschenke bereit. Inzwischen auch das Gef\u00fchl ein weiteres Zuhause gefunden und fest in mein Herz geschlossen zu haben. Das zieht wohl zu gewissen Teilen immer mit mir um. Vielleicht auch eine beruhigende Erkenntnis.<\/p>\n","protected":false},"excerpt":{"rendered":"<p>Donnerstag 18.07.2024. Fast wie eine kleine Zeitreise spielt sich der Tag heute ab. Ich sitze v\u00f6llig \u00fcberm\u00fcdet an einem Busbahnhof irgendwo zwischen Paris und Frankfurt. Das Irgendwo ist Br\u00fcssel. Warum man da umsteigen muss, um in die Olympia-Hochburg-2024 zu gelangen bleibt mir immer noch ein R\u00e4tsel, genauso wie die Tatsache, dass die komplette Fahrt \u00fcber [&hellip;]<\/p>\n","protected":false},"author":2885,"featured_media":0,"comment_status":"open","ping_status":"open","sticky":false,"template":"","format":"standard","meta":{"footnotes":""},"categories":[576,21,563,579],"tags":[],"class_list":["post-586","post","type-post","status-publish","format-standard","hentry","category-kulturweitblog","category-allgemein","category-erlebnis","category-zuhause"],"amp_enabled":true,"_links":{"self":[{"href":"https:\/\/kulturweit.blog\/picknickmitbaeren\/wp-json\/wp\/v2\/posts\/586"}],"collection":[{"href":"https:\/\/kulturweit.blog\/picknickmitbaeren\/wp-json\/wp\/v2\/posts"}],"about":[{"href":"https:\/\/kulturweit.blog\/picknickmitbaeren\/wp-json\/wp\/v2\/types\/post"}],"author":[{"embeddable":true,"href":"https:\/\/kulturweit.blog\/picknickmitbaeren\/wp-json\/wp\/v2\/users\/2885"}],"replies":[{"embeddable":true,"href":"https:\/\/kulturweit.blog\/picknickmitbaeren\/wp-json\/wp\/v2\/comments?post=586"}],"version-history":[{"count":3,"href":"https:\/\/kulturweit.blog\/picknickmitbaeren\/wp-json\/wp\/v2\/posts\/586\/revisions"}],"predecessor-version":[{"id":609,"href":"https:\/\/kulturweit.blog\/picknickmitbaeren\/wp-json\/wp\/v2\/posts\/586\/revisions\/609"}],"wp:attachment":[{"href":"https:\/\/kulturweit.blog\/picknickmitbaeren\/wp-json\/wp\/v2\/media?parent=586"}],"wp:term":[{"taxonomy":"category","embeddable":true,"href":"https:\/\/kulturweit.blog\/picknickmitbaeren\/wp-json\/wp\/v2\/categories?post=586"},{"taxonomy":"post_tag","embeddable":true,"href":"https:\/\/kulturweit.blog\/picknickmitbaeren\/wp-json\/wp\/v2\/tags?post=586"}],"curies":[{"name":"wp","href":"https:\/\/api.w.org\/{rel}","templated":true}]}}