{"id":512,"date":"2021-08-23T15:09:38","date_gmt":"2021-08-23T13:09:38","guid":{"rendered":"https:\/\/kulturweit.blog\/picknickmitbaeren\/?p=512"},"modified":"2021-08-23T15:09:38","modified_gmt":"2021-08-23T13:09:38","slug":"mit-wanderstoecken-im-konzert","status":"publish","type":"post","link":"https:\/\/kulturweit.blog\/picknickmitbaeren\/2021\/08\/23\/mit-wanderstoecken-im-konzert\/","title":{"rendered":"Mit Wanderst\u00f6cken im Konzert"},"content":{"rendered":"<p>~ <em>19.06.2021-26.06.2021<\/em><\/p>\n<p>Das Gr\u00fcn der B\u00e4ume im Wald der Zinne ist so satt wie noch nie zuvor. Der Sommer scheint sich mit jedem Tag \u00fcbertreffen zu wollen und die nahezu zwei Wochen mit kontinuierlichem Regen haben wohl sehr dazu beigetragen.<\/p>\n<p>Perfekte Wanderbedingungen! Noch etwas schlammig, aber das wird mit jedem Tag weniger. Zu der \u00dcberzeugung kamen auch Nicole und Henning, als sie nach Bra\u0219ov reisten, um mit mir gemeinsam diverse Wanderungen zu planen. Zum Einlaufen erstmal wieder auf die Zinne. B\u00e4renwarnungen kommen inzwischen fast t\u00e4glich, wir sehen aber nur M\u00e4use, die Zuflucht vor den letzten gro\u00dfen Tropfen bei Schauern suchen. Der Blick auf die Umgegend und die Stadt wirkt durch die tiefh\u00e4ngenden, grauen Wolken fast schon mystisch. Der Abstieg ist rutschig, aber mit der n\u00f6tigen Portion Humor geht das schon.<\/p>\n<p>N\u00e4chster Tag und schon geht es h\u00f6her hinaus: Bra\u0219ov &#8211; Poiana Bra\u0219ov. Ca. 3,5h Fu\u00dfweg \u00fcber Wurzeln und B\u00e4che. Die gr\u00f6\u00dfte Gefahr geht auf der Strecke hier wohl nicht von wilden Tieren, sondern von Mountainbikern aus, die mit ihrer Geschwindigkeit Jagd auf Wanderer machen. Manche der d\u00fcnnen Trampelpfade hatten sich in tiefe Seen verwandelt, in denen eine handvoll Fr\u00f6sche ihre Runden drehten und erschrocken weg schwammen, als wir kn\u00f6cheltief einsanken. Hier und da sahen wir Wildschweinspuren und Tierexkremente, die wir Zoologen nicht zuordnen konnten und wollten. Unsere Recherche am Vorabend, zum optimalen Schutz vor B\u00e4renangriffen, hatte uns die Lust dazu ein bisschen genommen.<\/p>\n<p>Generell kann man sagen, dass alle potentiellen Schutzma\u00dfnahmen einem erstmal ein Gef\u00fchl von Sicherheit vermitteln sollen. Im Fall der F\u00e4lle kann man das B\u00e4rengl\u00f6ckchen zwar noch werfen, das h\u00e4lt einen 600kg Apparat dann aber auch nicht mehr vom Angriff ab. Unser ultimativer Schutz?<\/p>\n<p>Laute Diskussionen \u00fcber gesellschaftspolitische Themen und, ob die Menschheit nun vor der industriellen Revolution gl\u00fccklicher war. Das liegt wohl nicht so im Interessengebiet der Tiere. Doch wenn man sich im Wald befindet und genug L\u00e4rm macht, stehen die Chancen auch ziemlich schlecht, einem B\u00e4ren \u00fcber den Weg zu laufen, da sich dieser vorher schon davon macht und nur nicht \u00fcberrascht werden will. Trifft man doch mal einen an, wird in den allermeisten F\u00e4llen auch nichts passieren, weil der gegenseitige Respekt doch zu gro\u00df ist. An einer Kreuzung wird der Weg nach Poiana Bra\u0219ov ein bisschen un\u00fcbersichtlich, da auf einmal drei Wege abkreuzen und die Markierungen undeutlich werden. Immer geradeaus und dem blauen Dreieck folgen. Irgendwie sollte man ankommen. Zur Belohnung gibts in Poiana Lango\u0219- und K\u00fcrt\u00f6sst\u00e4nde.<\/p>\n<p><a href=\"https:\/\/kulturweit.blog\/picknickmitbaeren\/files\/2021\/08\/photo5269707521533261008.jpg\"><img loading=\"lazy\" decoding=\"async\" class=\"alignnone size-medium wp-image-552\" src=\"https:\/\/kulturweit.blog\/picknickmitbaeren\/files\/2021\/08\/photo5269707521533261008-300x400.jpg\" alt=\"\" width=\"300\" height=\"400\" srcset=\"https:\/\/kulturweit.blog\/picknickmitbaeren\/files\/2021\/08\/photo5269707521533261008-300x400.jpg 300w, https:\/\/kulturweit.blog\/picknickmitbaeren\/files\/2021\/08\/photo5269707521533261008-624x832.jpg 624w, https:\/\/kulturweit.blog\/picknickmitbaeren\/files\/2021\/08\/photo5269707521533261008.jpg 768w\" sizes=\"(max-width: 300px) 100vw, 300px\" \/><\/a><\/p>\n<p>DIe langsame Steigerung des Schwierigkeitsgrades motivierte uns dann dazu, eine fortgeschrittene Wanderung f\u00fcr Montag auszuw\u00e4hlen. Von Bu\u0219teni aus hoch auf 2,5t Meter zu der Gesteinsformation <em>Babel.<\/em> Zwar sind wir nicht die erfahrensten Wanderer, doch zugetraut hatten wir uns das alle male. Nur ein Wenig irritierend war es dann, als uns drei top ausgestattete Wanderer sagten, dass sie f\u00fcr sich eine leichtere Route ausgew\u00e4hlt hatten, da sie kein passendes Equipment f\u00fcr die richtige Tour hatten. Naja, wir dachten erstmal, dass wir schauen wollten, wie weit wir kommen w\u00fcrden und starteten die Tour.<\/p>\n<p>Zusammengenommen stellten wir den perfekten Wanderer. Zwei drittel gute Schuhe, Kappen, einen guten Rucksack und jeder Menge Wanderlieder auf den Lippen. Auf jede*n alleine gesehenn machten wir einfach das Beste daraus. Langsam kamen wir immer h\u00f6her und erklommen die stellenweise 80% Steigung mit gegenseitiger Unterst\u00fctzung. Je weiter wir kamen, umso mehr ver\u00e4nderte sich auch die Flora um uns herum. Es wurde k\u00e4lter und w\u00e4hrend wir im Tal noch einen dichten Nadelwald um uns herum hatten, wich dieser Farnen und B\u00fcschen in den Gipfeln. \u00dcberraschenderweise lagen noch riesige Schnee- und Eisfelder auf unserem Weg und wir mussten einige von ihnen\u00a0 sehr vorsichtig kreuzen, um unserem Weg folgen zu k\u00f6nnen. Ein anderer Wanderer aus Brasov kam uns f\u00fcr die letzten 300 H\u00f6henmeter zur Hilfe, als die schwierigsten Strecken noch bevor standen und er uns mit St\u00f6cken und Eispickel heil \u00fcber die Eisfelder brachte und wertvolle Tipps f\u00fcrs Alpine Wandern gab.<\/p>\n<div id=\"attachment_543\" style=\"width: 310px\" class=\"wp-caption alignnone\"><a href=\"https:\/\/kulturweit.blog\/picknickmitbaeren\/files\/2021\/07\/photo5456254194764854247.jpg\"><img loading=\"lazy\" decoding=\"async\" aria-describedby=\"caption-attachment-543\" class=\"wp-image-543 size-medium\" src=\"https:\/\/kulturweit.blog\/picknickmitbaeren\/files\/2021\/07\/photo5456254194764854247-300x225.jpg\" alt=\"\" width=\"300\" height=\"225\" srcset=\"https:\/\/kulturweit.blog\/picknickmitbaeren\/files\/2021\/07\/photo5456254194764854247-300x225.jpg 300w, https:\/\/kulturweit.blog\/picknickmitbaeren\/files\/2021\/07\/photo5456254194764854247-768x576.jpg 768w, https:\/\/kulturweit.blog\/picknickmitbaeren\/files\/2021\/07\/photo5456254194764854247-624x468.jpg 624w, https:\/\/kulturweit.blog\/picknickmitbaeren\/files\/2021\/07\/photo5456254194764854247.jpg 1024w\" sizes=\"(max-width: 300px) 100vw, 300px\" \/><\/a><p id=\"caption-attachment-543\" class=\"wp-caption-text\">Nicole, Henning und ich, als wir gl\u00fccklich am Bergplateau ankamen. Hinter und verl\u00e4uft die Schlucht, durch die man nach oben aufsteigen kann.<\/p><\/div>\n<p>Oben angekommen waren wir v\u00f6llig ersch\u00f6pft. Mein pers\u00f6nlicher Tipp an dieser Stelle: Informiere dich ganz genau, wann die Gondeln in einem Wandergebiet fahren. Egal,\u00a0 ob du planst damit zu fahren oder nicht. Wir\u00a0 hatten urspr\u00fcnglich auch \u00fcberlegt, die Strecke hoch und runter zu laufen, was ich f\u00fcr mich gesprochen, gegen Schluss auf keinen Fall mehr geschafft h\u00e4tte. Da hatten wir wir noch ein weiteres Mal unversch\u00e4mtes Gl\u00fcck, da die Gondel au\u00dferplanm\u00e4\u00dfig an diesem Tag fuhr, da Feiertag war und wir die letzte Abfahrt erreichten.<\/p>\n<p>Genau zu der Zeit zog der Himmel auch zu und wir waren froh im Trockenen der Bergstation warten zu k\u00f6nnen. Das Ticket f\u00fcr die Gondel war zwar nicht ganz g\u00fcnstig, doch die Fahrt war es wert. Mit ein Bisschen dem Gef\u00fchl in einer gro\u00dfen Achterbahn zu sein, fielen wir stellenweise f\u00f6rmlich ins Tal, aus dem wir gekommen waren.<\/p>\n<p>Doch f\u00fcr Wehmut blieb gar keine Zeit, da ich keine volle Woche sp\u00e4ter erneut im Bucegi war, diesmal mit Jojo und meiner Mutter, die zu Besuch war. Wir fuhren mit der Gondel bis zur Station von Babele und Wanderten einmal quer \u00fcber das Plateau, um zum Hero\u00b4s Cross zu kommen. Dabei handelt es sich um ein gigantisches metallenes Kreuz, das auf viele Kilometer Entfernung schon gut sichtbar ist und diesen Abschnitt der Karpaten markiert.<\/p>\n<p><a href=\"https:\/\/kulturweit.blog\/picknickmitbaeren\/files\/2021\/08\/photo5269707521533261000.jpg\"><img loading=\"lazy\" decoding=\"async\" class=\"alignnone size-medium wp-image-548\" src=\"https:\/\/kulturweit.blog\/picknickmitbaeren\/files\/2021\/08\/photo5269707521533261000-300x225.jpg\" alt=\"\" width=\"300\" height=\"225\" srcset=\"https:\/\/kulturweit.blog\/picknickmitbaeren\/files\/2021\/08\/photo5269707521533261000-300x225.jpg 300w, https:\/\/kulturweit.blog\/picknickmitbaeren\/files\/2021\/08\/photo5269707521533261000-768x576.jpg 768w, https:\/\/kulturweit.blog\/picknickmitbaeren\/files\/2021\/08\/photo5269707521533261000-624x468.jpg 624w, https:\/\/kulturweit.blog\/picknickmitbaeren\/files\/2021\/08\/photo5269707521533261000.jpg 1024w\" sizes=\"(max-width: 300px) 100vw, 300px\" \/><\/a><\/p>\n<p><a href=\"https:\/\/kulturweit.blog\/picknickmitbaeren\/files\/2021\/08\/photo5269707521533261002.jpg\"><img loading=\"lazy\" decoding=\"async\" class=\"alignnone size-medium wp-image-547\" src=\"https:\/\/kulturweit.blog\/picknickmitbaeren\/files\/2021\/08\/photo5269707521533261002-300x225.jpg\" alt=\"\" width=\"300\" height=\"225\" srcset=\"https:\/\/kulturweit.blog\/picknickmitbaeren\/files\/2021\/08\/photo5269707521533261002-300x225.jpg 300w, https:\/\/kulturweit.blog\/picknickmitbaeren\/files\/2021\/08\/photo5269707521533261002-768x576.jpg 768w, https:\/\/kulturweit.blog\/picknickmitbaeren\/files\/2021\/08\/photo5269707521533261002-624x468.jpg 624w, https:\/\/kulturweit.blog\/picknickmitbaeren\/files\/2021\/08\/photo5269707521533261002.jpg 1024w\" sizes=\"(max-width: 300px) 100vw, 300px\" \/><\/a><\/p>\n<p>Ohne einen aufziehenden Sturm hatten wir dieses Mal auch genug Zeit, um uns die Gesteinsformationen genauer anzusehen. Babele erinnert von einem\u00a0 bestimmten Winkel an die \u00e4gyptische Sphinx. Kein Wunder, denn nach einer Legende soll diese in Rum\u00e4nien auch das Original sein. Die \u00c4gypter kamen eines sch\u00f6nen Tages \u00fcber das schwarze Meer bis ins Innere des Landes zum Bucegi. Nachdem sie ihn erklommen hatten, fanden sie die geformten Felsen und lie\u00dfen sich dazu inspirieren, etwas vergleichbares in \u00c4gypten zu errichten, um die G\u00f6tter g\u00fctig zu stimmen. \u00dcber die Wahrhaftigkeit dieser Geschichte l\u00e4sst sich streiten&#8230;<\/p>\n<div id=\"attachment_551\" style=\"width: 310px\" class=\"wp-caption alignnone\"><a href=\"https:\/\/kulturweit.blog\/picknickmitbaeren\/files\/2021\/08\/photo5269707521533261006.jpg\"><img loading=\"lazy\" decoding=\"async\" aria-describedby=\"caption-attachment-551\" class=\"wp-image-551 size-medium\" src=\"https:\/\/kulturweit.blog\/picknickmitbaeren\/files\/2021\/08\/photo5269707521533261006-300x225.jpg\" alt=\"\" width=\"300\" height=\"225\" srcset=\"https:\/\/kulturweit.blog\/picknickmitbaeren\/files\/2021\/08\/photo5269707521533261006-300x225.jpg 300w, https:\/\/kulturweit.blog\/picknickmitbaeren\/files\/2021\/08\/photo5269707521533261006-768x576.jpg 768w, https:\/\/kulturweit.blog\/picknickmitbaeren\/files\/2021\/08\/photo5269707521533261006-624x468.jpg 624w, https:\/\/kulturweit.blog\/picknickmitbaeren\/files\/2021\/08\/photo5269707521533261006.jpg 1024w\" sizes=\"(max-width: 300px) 100vw, 300px\" \/><\/a><p id=\"caption-attachment-551\" class=\"wp-caption-text\">Das Profil der Sphinx ist hier schon ganz leicht zu erkennen, sogar die Augen kann man ganz gut sehen.<\/p><\/div>\n<p>Was gab es noch zu sehen?<\/p>\n<ul>\n<li>Ein energiespendender Pilz<\/li>\n<li>Konrad Adenauer\u00b4s Profil<\/li>\n<li>Kleine Ufo-Formationen<\/li>\n<\/ul>\n<p><a href=\"https:\/\/kulturweit.blog\/picknickmitbaeren\/files\/2021\/08\/photo5269707521533261003.jpg\"><img loading=\"lazy\" decoding=\"async\" class=\"alignnone size-medium wp-image-546\" src=\"https:\/\/kulturweit.blog\/picknickmitbaeren\/files\/2021\/08\/photo5269707521533261003-290x600.jpg\" alt=\"\" width=\"290\" height=\"600\" srcset=\"https:\/\/kulturweit.blog\/picknickmitbaeren\/files\/2021\/08\/photo5269707521533261003-290x600.jpg 290w, https:\/\/kulturweit.blog\/picknickmitbaeren\/files\/2021\/08\/photo5269707521533261003-495x1024.jpg 495w, https:\/\/kulturweit.blog\/picknickmitbaeren\/files\/2021\/08\/photo5269707521533261003.jpg 619w\" sizes=\"(max-width: 290px) 100vw, 290px\" \/><\/a><\/p>\n<p><a href=\"https:\/\/kulturweit.blog\/picknickmitbaeren\/files\/2021\/08\/photo5269707521533260998.jpg\"><img loading=\"lazy\" decoding=\"async\" class=\"alignnone size-medium wp-image-550\" src=\"https:\/\/kulturweit.blog\/picknickmitbaeren\/files\/2021\/08\/photo5269707521533260998-300x169.jpg\" alt=\"\" width=\"300\" height=\"169\" srcset=\"https:\/\/kulturweit.blog\/picknickmitbaeren\/files\/2021\/08\/photo5269707521533260998-300x169.jpg 300w, https:\/\/kulturweit.blog\/picknickmitbaeren\/files\/2021\/08\/photo5269707521533260998-768x432.jpg 768w, https:\/\/kulturweit.blog\/picknickmitbaeren\/files\/2021\/08\/photo5269707521533260998-624x351.jpg 624w, https:\/\/kulturweit.blog\/picknickmitbaeren\/files\/2021\/08\/photo5269707521533260998.jpg 1024w\" sizes=\"(max-width: 300px) 100vw, 300px\" \/><\/a><\/p>\n<p>Mit noch mehr Fantasie gibt es bestimmt noch einiges mehr zu entdecken. Bis zum Kreuz wandert man weitere 1,5-2h und wird zwischendurch mit dem umwerfenden Blick auf das Gebirge und die Wasserf\u00e4lle der Schluchten belohnt.<\/p>\n<p><a href=\"https:\/\/kulturweit.blog\/picknickmitbaeren\/files\/2021\/08\/photo5269707521533261005.jpg\"><img loading=\"lazy\" decoding=\"async\" class=\"alignnone size-medium wp-image-545\" src=\"https:\/\/kulturweit.blog\/picknickmitbaeren\/files\/2021\/08\/photo5269707521533261005-300x145.jpg\" alt=\"\" width=\"300\" height=\"145\" srcset=\"https:\/\/kulturweit.blog\/picknickmitbaeren\/files\/2021\/08\/photo5269707521533261005-300x145.jpg 300w, https:\/\/kulturweit.blog\/picknickmitbaeren\/files\/2021\/08\/photo5269707521533261005-1024x495.jpg 1024w, https:\/\/kulturweit.blog\/picknickmitbaeren\/files\/2021\/08\/photo5269707521533261005-768x371.jpg 768w, https:\/\/kulturweit.blog\/picknickmitbaeren\/files\/2021\/08\/photo5269707521533261005-624x302.jpg 624w, https:\/\/kulturweit.blog\/picknickmitbaeren\/files\/2021\/08\/photo5269707521533261005.jpg 1280w\" sizes=\"(max-width: 300px) 100vw, 300px\" \/><\/a><\/p>\n<p>Zur\u00fcck in Brasov sollte auch Kultur nicht zu kurz f\u00fcr uns kommen, weshalb wir uns Tickets f\u00fcr die gerade wieder er\u00f6ffnende Philharmonie geholt hatten. In einer rum\u00e4nisch-\u00f6sterreichischen Kooperation h\u00f6rten wir ausgew\u00e4hlte St\u00fccke von Beethoven und konnten es endlich mal wieder genie\u00dfen, in einem richtigen Konzert zu sein.<\/p>\n<p>Warum der Blog nun mit Wanderst\u00f6cken im Konzert hei\u00dft?<\/p>\n<p>Ich war noch so inspiriert, von unserem Helfer im Bucegi, dass ich mir selber Wanderst\u00f6cke zulegte. Leider war keine Zeit mehr, sie vor dem Konzert nach Hause zu bringen, wodurch wir die schnellen Klavierkl\u00e4nge einfach zusammen mit dem Paar Wanderst\u00f6cke zu unseren F\u00fc\u00dfen genossen.<\/p>\n<p>&nbsp;<\/p>\n","protected":false},"excerpt":{"rendered":"<p>~ 19.06.2021-26.06.2021 Das Gr\u00fcn der B\u00e4ume im Wald der Zinne ist so satt wie noch nie zuvor. Der Sommer scheint sich mit jedem Tag \u00fcbertreffen zu wollen und die nahezu zwei Wochen mit kontinuierlichem Regen haben wohl sehr dazu beigetragen. Perfekte Wanderbedingungen! Noch etwas schlammig, aber das wird mit jedem Tag weniger. Zu der \u00dcberzeugung [&hellip;]<\/p>\n","protected":false},"author":2885,"featured_media":0,"comment_status":"open","ping_status":"open","sticky":false,"template":"","format":"standard","meta":{"footnotes":""},"categories":[21],"tags":[],"class_list":["post-512","post","type-post","status-publish","format-standard","hentry","category-allgemein"],"amp_enabled":true,"_links":{"self":[{"href":"https:\/\/kulturweit.blog\/picknickmitbaeren\/wp-json\/wp\/v2\/posts\/512"}],"collection":[{"href":"https:\/\/kulturweit.blog\/picknickmitbaeren\/wp-json\/wp\/v2\/posts"}],"about":[{"href":"https:\/\/kulturweit.blog\/picknickmitbaeren\/wp-json\/wp\/v2\/types\/post"}],"author":[{"embeddable":true,"href":"https:\/\/kulturweit.blog\/picknickmitbaeren\/wp-json\/wp\/v2\/users\/2885"}],"replies":[{"embeddable":true,"href":"https:\/\/kulturweit.blog\/picknickmitbaeren\/wp-json\/wp\/v2\/comments?post=512"}],"version-history":[{"count":3,"href":"https:\/\/kulturweit.blog\/picknickmitbaeren\/wp-json\/wp\/v2\/posts\/512\/revisions"}],"predecessor-version":[{"id":556,"href":"https:\/\/kulturweit.blog\/picknickmitbaeren\/wp-json\/wp\/v2\/posts\/512\/revisions\/556"}],"wp:attachment":[{"href":"https:\/\/kulturweit.blog\/picknickmitbaeren\/wp-json\/wp\/v2\/media?parent=512"}],"wp:term":[{"taxonomy":"category","embeddable":true,"href":"https:\/\/kulturweit.blog\/picknickmitbaeren\/wp-json\/wp\/v2\/categories?post=512"},{"taxonomy":"post_tag","embeddable":true,"href":"https:\/\/kulturweit.blog\/picknickmitbaeren\/wp-json\/wp\/v2\/tags?post=512"}],"curies":[{"name":"wp","href":"https:\/\/api.w.org\/{rel}","templated":true}]}}