{"id":451,"date":"2021-06-27T20:11:24","date_gmt":"2021-06-27T18:11:24","guid":{"rendered":"https:\/\/kulturweit.blog\/picknickmitbaeren\/?p=451"},"modified":"2021-07-12T14:19:25","modified_gmt":"2021-07-12T12:19:25","slug":"zwischen-haeuserschluchten-und-tischtennisplatten","status":"publish","type":"post","link":"https:\/\/kulturweit.blog\/picknickmitbaeren\/2021\/06\/27\/zwischen-haeuserschluchten-und-tischtennisplatten\/","title":{"rendered":"Zwischen H\u00e4userschluchten und Tischtennisplatten"},"content":{"rendered":"<p><em>~20.05.2021-24.05.2021<\/em><\/p>\n<p>Wie lange ist es jetzt her? Seit Anfang Februar auch schon wieder fast drei Monate. Verr\u00fcckt, wie viel seit dem passiert ist. Deshalb freute ich mich umso mehr, als ich die T\u00fcr der gro\u00dfen, bukarester WG \u00f6ffnete und mir neben all den Bewohnern auch Karla entgegen strahlte.<\/p>\n<p>Da sich die Einreiseregeln zwischen Bulgarien und Rum\u00e4nien inzwischen ein bisschen gelockert hatten, trafen wir uns auf etwa halbem Weg in Bukarest f\u00fcr ein entspanntes, gemeinsames Wochenende mit Sightseeing. Nach einer ersten Bartour mit den anderen am Donnerstagabend\u00a0 nutzten wir die fr\u00fchen Morgenstunden, am Freitag, um in die Stadt los zu ziehen.<\/p>\n<p>Nach fast acht Monaten in Rum\u00e4nien habe ich unsere Hauptstadt bisher noch nie wirklich besichtigt. Meine Eindr\u00fccke beschr\u00e4nkten sich auf mehrere Taxifahrten zu Bushaltestellen (alles bei Nacht), eine kleine F\u00fchrung bei der ich die ganzen Eindr\u00fccke gar nicht richtig verarbeiten konnte und auf die Bahnhofsgegend, in der man beim Gara de Nord ankommt. Dementsprechend hatten weder Karla noch ich eine besonders gute Orientierung, als wir uns mit einer Fr\u00fchst\u00fcckspl\u0103cint\u0103 in der Hand, glatt zwischen den vielen, verwinkelten Stra\u00dfen verleifen und immer wieder falsch abbogen.<\/p>\n<div id=\"attachment_516\" style=\"width: 310px\" class=\"wp-caption alignnone\"><a href=\"https:\/\/kulturweit.blog\/picknickmitbaeren\/files\/2021\/06\/photo5382224927270220633.jpg\"><img loading=\"lazy\" decoding=\"async\" aria-describedby=\"caption-attachment-516\" class=\"wp-image-516 size-medium\" src=\"https:\/\/kulturweit.blog\/picknickmitbaeren\/files\/2021\/06\/photo5382224927270220633-300x225.jpg\" alt=\"\" width=\"300\" height=\"225\" srcset=\"https:\/\/kulturweit.blog\/picknickmitbaeren\/files\/2021\/06\/photo5382224927270220633-300x225.jpg 300w, https:\/\/kulturweit.blog\/picknickmitbaeren\/files\/2021\/06\/photo5382224927270220633-1024x768.jpg 1024w, https:\/\/kulturweit.blog\/picknickmitbaeren\/files\/2021\/06\/photo5382224927270220633-768x576.jpg 768w, https:\/\/kulturweit.blog\/picknickmitbaeren\/files\/2021\/06\/photo5382224927270220633-624x468.jpg 624w, https:\/\/kulturweit.blog\/picknickmitbaeren\/files\/2021\/06\/photo5382224927270220633.jpg 1280w\" sizes=\"(max-width: 300px) 100vw, 300px\" \/><\/a><p id=\"caption-attachment-516\" class=\"wp-caption-text\">Der Pia\u021ba Unirii mit erfrischendem Springbrunnen. Im Hintergrund prangern die Namen gro\u00dfer Unternehmen, wie u.a. Coca Cola, Borsec (eine lokale Wassermarke) und Auchan.<\/p><\/div>\n<p><span class=\"fullText \">Nach einiger Zeit, durch wundersch\u00f6ne Seitenstra\u00dfen, schafften wir es ins Zentrum zum Pia\u021ba Unirii. Schon vor hunderten Jahren verkauften H\u00e4ndler hier ihre Wahren, im Dreh und Angelkreuz der Stadt. Heute prangern die Logos der Unternehmensgiganten auf den ehemals kommunistischen Bauten, die den zentralen Park s\u00e4umen. Ein riesiger Brunnen l\u00e4dt bei praller Sonne und Hitze zum Sitzen auf dessen Rand ein. Zumindest so lange, bis das Sicherheitspersonal in Vollmontur (inklusive Schlagst\u00f6cken) anr\u00fcckt, um die Font\u00e4ne zu verteidigen. Nachdem wir Kr\u00e4fte im Schatten getankt hatten, liefen wir weiter. Die Calea Victoriei, auch als Champs Elysee Bukarests bekannt, hinauf und pl\u00f6tzlich taten sich die H\u00e4user auf und wir standen vor dem gr\u00f6\u00dften Regierungsgeb\u00e4ude, das ich je gesehen habe.<\/span><\/p>\n<p><a href=\"https:\/\/kulturweit.blog\/picknickmitbaeren\/files\/2021\/06\/photo5382224927270220634.jpg\"><img loading=\"lazy\" decoding=\"async\" class=\"alignnone size-medium wp-image-517\" src=\"https:\/\/kulturweit.blog\/picknickmitbaeren\/files\/2021\/06\/photo5382224927270220634-300x225.jpg\" alt=\"\" width=\"300\" height=\"225\" srcset=\"https:\/\/kulturweit.blog\/picknickmitbaeren\/files\/2021\/06\/photo5382224927270220634-300x225.jpg 300w, https:\/\/kulturweit.blog\/picknickmitbaeren\/files\/2021\/06\/photo5382224927270220634-1024x768.jpg 1024w, https:\/\/kulturweit.blog\/picknickmitbaeren\/files\/2021\/06\/photo5382224927270220634-768x576.jpg 768w, https:\/\/kulturweit.blog\/picknickmitbaeren\/files\/2021\/06\/photo5382224927270220634-624x468.jpg 624w, https:\/\/kulturweit.blog\/picknickmitbaeren\/files\/2021\/06\/photo5382224927270220634.jpg 1280w\" sizes=\"(max-width: 300px) 100vw, 300px\" \/><\/a><\/p>\n<p>Gar nicht so unwahrscheinlich, da der Parlamentspalast als gr\u00f6\u00dftes Geb\u00e4ude dieser Art, nach Washington gilt und symbolisch f\u00fcr St\u00e4rke, Triumph und Macht gebaut wurde. Der damalige, kommunistische Machthaber Ceausescu initiierte dessen Bau 1984 und lie\u00df daf\u00fcr auf der heutigen Fl\u00e4che zahlreiche H\u00e4user, Kirchen und Kultureinrichtungen wegrei\u00dfen. Er selbst hat den fertigen Palast nie erlebt, da ihn die Revolution und seine Exekution einholten, daf\u00fcr all die Politiker, die nach der Umwandlung in den Regierungssitz Rum\u00e4niens hier tagten. 2008 wurde das Geb\u00e4ude beispielsweise auch f\u00fcr eine parlamentarische NATO-Versammlung genutzt, weshalb thematische R\u00e4ume noch immer bestehen.<\/p>\n<p><a href=\"https:\/\/kulturweit.blog\/picknickmitbaeren\/files\/2021\/06\/photo5382224927270220638.jpg\"><img loading=\"lazy\" decoding=\"async\" class=\"alignnone size-medium wp-image-521\" src=\"https:\/\/kulturweit.blog\/picknickmitbaeren\/files\/2021\/06\/photo5382224927270220638-300x400.jpg\" alt=\"\" width=\"300\" height=\"400\" srcset=\"https:\/\/kulturweit.blog\/picknickmitbaeren\/files\/2021\/06\/photo5382224927270220638-300x400.jpg 300w, https:\/\/kulturweit.blog\/picknickmitbaeren\/files\/2021\/06\/photo5382224927270220638-768x1024.jpg 768w, https:\/\/kulturweit.blog\/picknickmitbaeren\/files\/2021\/06\/photo5382224927270220638-624x832.jpg 624w, https:\/\/kulturweit.blog\/picknickmitbaeren\/files\/2021\/06\/photo5382224927270220638.jpg 960w\" sizes=\"(max-width: 300px) 100vw, 300px\" \/><\/a><\/p>\n<div id=\"attachment_520\" style=\"width: 310px\" class=\"wp-caption alignnone\"><a href=\"https:\/\/kulturweit.blog\/picknickmitbaeren\/files\/2021\/06\/photo5382224927270220637.jpg\"><img loading=\"lazy\" decoding=\"async\" aria-describedby=\"caption-attachment-520\" class=\"wp-image-520 size-medium\" src=\"https:\/\/kulturweit.blog\/picknickmitbaeren\/files\/2021\/06\/photo5382224927270220637-300x400.jpg\" alt=\"\" width=\"300\" height=\"400\" srcset=\"https:\/\/kulturweit.blog\/picknickmitbaeren\/files\/2021\/06\/photo5382224927270220637-300x400.jpg 300w, https:\/\/kulturweit.blog\/picknickmitbaeren\/files\/2021\/06\/photo5382224927270220637-768x1024.jpg 768w, https:\/\/kulturweit.blog\/picknickmitbaeren\/files\/2021\/06\/photo5382224927270220637-624x832.jpg 624w, https:\/\/kulturweit.blog\/picknickmitbaeren\/files\/2021\/06\/photo5382224927270220637.jpg 960w\" sizes=\"(max-width: 300px) 100vw, 300px\" \/><\/a><p id=\"caption-attachment-520\" class=\"wp-caption-text\">Sogar ein Konzertsaal findet sich im Parlamentspalast wieder, der mit seinem gigantischen Kronleuchter prahlt, in den bis zu f\u00fcnf ArbeiterInnen auf einmal passen, um ihn zu reinigen und zu warten.<\/p><\/div>\n<p>Zum Bau des Palastes wurden, bis auf wenige Ausnahmen, nur Materialien aus Rum\u00e4nien verwendet und zwischen 200 und 700 ArchitektInnen waren daran beteiligt. Die Leitung des Projekts erhielt eine junge Architektin mit gerade mal 29 Jahren.<\/p>\n<p>Vom Balkon aus hatten wir einen ungetr\u00fcbten Blick \u00fcber die Stadt. Etwas, das wir lange gesucht haben, da die Mehrheit der H\u00e4user im Zentrum Bukarests eine \u00e4hnliche H\u00f6he hat und wir nie die Stadt \u00fcberblicke konnten.<\/p>\n<div id=\"attachment_522\" style=\"width: 310px\" class=\"wp-caption alignnone\"><a href=\"https:\/\/kulturweit.blog\/picknickmitbaeren\/files\/2021\/06\/photo5382224927270220639.jpg\"><img loading=\"lazy\" decoding=\"async\" aria-describedby=\"caption-attachment-522\" class=\"wp-image-522 size-medium\" src=\"https:\/\/kulturweit.blog\/picknickmitbaeren\/files\/2021\/06\/photo5382224927270220639-300x225.jpg\" alt=\"\" width=\"300\" height=\"225\" srcset=\"https:\/\/kulturweit.blog\/picknickmitbaeren\/files\/2021\/06\/photo5382224927270220639-300x225.jpg 300w, https:\/\/kulturweit.blog\/picknickmitbaeren\/files\/2021\/06\/photo5382224927270220639-768x576.jpg 768w, https:\/\/kulturweit.blog\/picknickmitbaeren\/files\/2021\/06\/photo5382224927270220639-624x468.jpg 624w, https:\/\/kulturweit.blog\/picknickmitbaeren\/files\/2021\/06\/photo5382224927270220639.jpg 1024w\" sizes=\"(max-width: 300px) 100vw, 300px\" \/><\/a><p id=\"caption-attachment-522\" class=\"wp-caption-text\">Wie in einer Filmszene erstreckt sich die riesige Allee vom Palast aus wie eine Schlucht durch die massiven H\u00e4userw\u00e4nde.<\/p><\/div>\n<p>Dementsprechend waren wir sehr gl\u00fccklich, als wir an einem anderen, langen Besichtigungstag, eine ge\u00f6ffnete Musikschule fanden, die im obersten Stockwerk neben einer gro\u00dfen Fensterfront ein paar Klappst\u00fchle aufgestellt hatte, was uns zu einer Pause und Flucht vor der br\u00fctende Hitze auf der Stra\u00dfe einlud.<\/p>\n<div id=\"attachment_526\" style=\"width: 310px\" class=\"wp-caption alignnone\"><a href=\"https:\/\/kulturweit.blog\/picknickmitbaeren\/files\/2021\/06\/photo5382224927270220643.jpg\"><img loading=\"lazy\" decoding=\"async\" aria-describedby=\"caption-attachment-526\" class=\"wp-image-526 size-medium\" src=\"https:\/\/kulturweit.blog\/picknickmitbaeren\/files\/2021\/06\/photo5382224927270220643-300x225.jpg\" alt=\"\" width=\"300\" height=\"225\" srcset=\"https:\/\/kulturweit.blog\/picknickmitbaeren\/files\/2021\/06\/photo5382224927270220643-300x225.jpg 300w, https:\/\/kulturweit.blog\/picknickmitbaeren\/files\/2021\/06\/photo5382224927270220643-1024x768.jpg 1024w, https:\/\/kulturweit.blog\/picknickmitbaeren\/files\/2021\/06\/photo5382224927270220643-768x576.jpg 768w, https:\/\/kulturweit.blog\/picknickmitbaeren\/files\/2021\/06\/photo5382224927270220643-624x468.jpg 624w, https:\/\/kulturweit.blog\/picknickmitbaeren\/files\/2021\/06\/photo5382224927270220643.jpg 1280w\" sizes=\"(max-width: 300px) 100vw, 300px\" \/><\/a><p id=\"caption-attachment-526\" class=\"wp-caption-text\">Eine sch\u00f6ne Rast im Schatten, mit guter musikalischen Beschallung, einem tollen Blick. Das ist Karlas und mein pers\u00f6nlicher Geheimtipp geworden, auch wenn wir beide nicht mehr wirklich den genauen Ort lokalisieren k\u00f6nnten.<\/p><\/div>\n<p>Des weiteren wanderten wir durch die dichte Kirchen und Klosterlandschaft der Gro\u00dfstadt und entdeckten die ein oder andere, in einem Hinterhof versteckte Oase der Ruhe.<\/p>\n<p><a href=\"https:\/\/kulturweit.blog\/picknickmitbaeren\/files\/2021\/06\/photo5382224927270220632.jpg\"><img loading=\"lazy\" decoding=\"async\" class=\"alignnone size-medium wp-image-515\" src=\"https:\/\/kulturweit.blog\/picknickmitbaeren\/files\/2021\/06\/photo5382224927270220632-300x225.jpg\" alt=\"\" width=\"300\" height=\"225\" srcset=\"https:\/\/kulturweit.blog\/picknickmitbaeren\/files\/2021\/06\/photo5382224927270220632-300x225.jpg 300w, https:\/\/kulturweit.blog\/picknickmitbaeren\/files\/2021\/06\/photo5382224927270220632-1024x768.jpg 1024w, https:\/\/kulturweit.blog\/picknickmitbaeren\/files\/2021\/06\/photo5382224927270220632-768x576.jpg 768w, https:\/\/kulturweit.blog\/picknickmitbaeren\/files\/2021\/06\/photo5382224927270220632-624x468.jpg 624w, https:\/\/kulturweit.blog\/picknickmitbaeren\/files\/2021\/06\/photo5382224927270220632.jpg 1280w\" sizes=\"(max-width: 300px) 100vw, 300px\" \/><\/a><a href=\"https:\/\/kulturweit.blog\/picknickmitbaeren\/files\/2021\/06\/photo5382224927270220641.jpg\"><img loading=\"lazy\" decoding=\"async\" class=\"alignnone size-medium wp-image-524\" src=\"https:\/\/kulturweit.blog\/picknickmitbaeren\/files\/2021\/06\/photo5382224927270220641-300x225.jpg\" alt=\"\" width=\"300\" height=\"225\" srcset=\"https:\/\/kulturweit.blog\/picknickmitbaeren\/files\/2021\/06\/photo5382224927270220641-300x225.jpg 300w, https:\/\/kulturweit.blog\/picknickmitbaeren\/files\/2021\/06\/photo5382224927270220641-768x576.jpg 768w, https:\/\/kulturweit.blog\/picknickmitbaeren\/files\/2021\/06\/photo5382224927270220641-624x468.jpg 624w, https:\/\/kulturweit.blog\/picknickmitbaeren\/files\/2021\/06\/photo5382224927270220641.jpg 1024w\" sizes=\"(max-width: 300px) 100vw, 300px\" \/><\/a><\/p>\n<div id=\"attachment_523\" style=\"width: 310px\" class=\"wp-caption alignnone\"><a href=\"https:\/\/kulturweit.blog\/picknickmitbaeren\/files\/2021\/06\/photo5382224927270220640.jpg\"><img loading=\"lazy\" decoding=\"async\" aria-describedby=\"caption-attachment-523\" class=\"wp-image-523 size-medium\" src=\"https:\/\/kulturweit.blog\/picknickmitbaeren\/files\/2021\/06\/photo5382224927270220640-300x225.jpg\" alt=\"\" width=\"300\" height=\"225\" srcset=\"https:\/\/kulturweit.blog\/picknickmitbaeren\/files\/2021\/06\/photo5382224927270220640-300x225.jpg 300w, https:\/\/kulturweit.blog\/picknickmitbaeren\/files\/2021\/06\/photo5382224927270220640-1024x768.jpg 1024w, https:\/\/kulturweit.blog\/picknickmitbaeren\/files\/2021\/06\/photo5382224927270220640-768x576.jpg 768w, https:\/\/kulturweit.blog\/picknickmitbaeren\/files\/2021\/06\/photo5382224927270220640-624x468.jpg 624w, https:\/\/kulturweit.blog\/picknickmitbaeren\/files\/2021\/06\/photo5382224927270220640.jpg 1280w\" sizes=\"(max-width: 300px) 100vw, 300px\" \/><\/a><p id=\"caption-attachment-523\" class=\"wp-caption-text\">Die pr\u00e4chtigen und historischen Wandmalereien hatten wir so zentral in einer kleinen Kirche nicht erwartet. Von einer Mitarbeiterin, die einem anderen Touristen sehr engagiert half, das beste Fotomotive zu finden, wurden uns noch ein Paar Einzelheiten rund um die Ikonen im Innenraum erkl\u00e4rt. Anstelle von den klassischen Bildern stand hier z.B. eine metallene Platte mit Edelsteinen aus, von denen jeder eine:n Heilige:n, bzw. ein bestimmtes Attribut symbolisierte, das bei Ber\u00fchrung die positiven Eigenschaften \u00fcbertr\u00e4gt.<\/p><\/div>\n<p>Insgesamt ist Bukarest ungemein vielf\u00e4ltig. Am Anfang ist es mir schwer gefallen, mich in der Sektoraufteilung der Stadt zurecht zu finden, mich in zwischen den l\u00e4rmenden Autos, den Momenten der Ruhe am Fluss und den wundersch\u00f6nen H\u00e4usern, nicht zu verlieren. Doch diese F\u00fclle an Kontrasten habe ich wirklich lieb gewonnen, \u00fcber die Tage an denen wir die verwinkelten Stra\u00dfen erkundeten.<\/p>\n<p><a href=\"https:\/\/kulturweit.blog\/picknickmitbaeren\/files\/2021\/06\/photo5382224927270220645.jpg\"><img loading=\"lazy\" decoding=\"async\" class=\"alignnone size-medium wp-image-528\" src=\"https:\/\/kulturweit.blog\/picknickmitbaeren\/files\/2021\/06\/photo5382224927270220645-300x400.jpg\" alt=\"\" width=\"300\" height=\"400\" srcset=\"https:\/\/kulturweit.blog\/picknickmitbaeren\/files\/2021\/06\/photo5382224927270220645-300x400.jpg 300w, https:\/\/kulturweit.blog\/picknickmitbaeren\/files\/2021\/06\/photo5382224927270220645-768x1024.jpg 768w, https:\/\/kulturweit.blog\/picknickmitbaeren\/files\/2021\/06\/photo5382224927270220645-624x832.jpg 624w, https:\/\/kulturweit.blog\/picknickmitbaeren\/files\/2021\/06\/photo5382224927270220645.jpg 960w\" sizes=\"(max-width: 300px) 100vw, 300px\" \/><\/a><\/p>\n<p><a href=\"https:\/\/kulturweit.blog\/picknickmitbaeren\/files\/2021\/06\/photo5382224927270220644.jpg\"><img loading=\"lazy\" decoding=\"async\" class=\"alignnone size-medium wp-image-527\" src=\"https:\/\/kulturweit.blog\/picknickmitbaeren\/files\/2021\/06\/photo5382224927270220644-300x225.jpg\" alt=\"\" width=\"300\" height=\"225\" srcset=\"https:\/\/kulturweit.blog\/picknickmitbaeren\/files\/2021\/06\/photo5382224927270220644-300x225.jpg 300w, https:\/\/kulturweit.blog\/picknickmitbaeren\/files\/2021\/06\/photo5382224927270220644-1024x768.jpg 1024w, https:\/\/kulturweit.blog\/picknickmitbaeren\/files\/2021\/06\/photo5382224927270220644-768x576.jpg 768w, https:\/\/kulturweit.blog\/picknickmitbaeren\/files\/2021\/06\/photo5382224927270220644-624x468.jpg 624w, https:\/\/kulturweit.blog\/picknickmitbaeren\/files\/2021\/06\/photo5382224927270220644.jpg 1280w\" sizes=\"(max-width: 300px) 100vw, 300px\" \/><\/a><\/p>\n<p>Die Stadt bebt f\u00f6rmlich vor lauter Energie und unz\u00e4hligen unterschiedlichen EInfl\u00fcssen. Mit den bukarester Freiwilligen erkundeten wir abends die Bars und sie zeigten uns die sch\u00f6nsten Flecken in den vielz\u00e4hligen Parks. Der Ci\u0219migiu-Park, einer der gr\u00f6\u00dften und mit der \u00e4lteste im Zentrum, lockte uns und andere Jugendliche der Gegend, mit seiner sch\u00f6nen, versteckten Tischtennisplatte an.<\/p>\n<p>Leider habe ich gemerkt, wie unge\u00fcbt ich beim Tischtennisspielen geworden bin und ich musste \u00fcber viele Runden mit den anderen erst wieder fit gemacht werden.<\/p>\n<p>Das Netz des \u00f6ffentlichen Nahverkehrs ist, f\u00fcr touristische Zwecke nicht wirklich gut ausgebaut, weshalb wir uns, zu unserem Gl\u00fcck, sehr viel fu\u00dfl\u00e4ufig erschlossen. Dadurch entdeckten wir den ein oder anderen sch\u00f6nen Ort und stie\u00dfen auf einen super guten Lango\u0219-Laden, den wir daraufhin regelm\u00e4\u00dfig besuchten, um uns durch die Karte zu schlemmten und ein kleines Caf\u00e9, das portugiesische <em>Pasteis de Nata<\/em> verkauft.<\/p>\n<p><a href=\"https:\/\/kulturweit.blog\/picknickmitbaeren\/files\/2021\/06\/photo5382224927270220636.jpg\"><img loading=\"lazy\" decoding=\"async\" class=\"alignnone size-medium wp-image-519\" src=\"https:\/\/kulturweit.blog\/picknickmitbaeren\/files\/2021\/06\/photo5382224927270220636-300x400.jpg\" alt=\"\" width=\"300\" height=\"400\" srcset=\"https:\/\/kulturweit.blog\/picknickmitbaeren\/files\/2021\/06\/photo5382224927270220636-300x400.jpg 300w, https:\/\/kulturweit.blog\/picknickmitbaeren\/files\/2021\/06\/photo5382224927270220636-768x1024.jpg 768w, https:\/\/kulturweit.blog\/picknickmitbaeren\/files\/2021\/06\/photo5382224927270220636-624x832.jpg 624w, https:\/\/kulturweit.blog\/picknickmitbaeren\/files\/2021\/06\/photo5382224927270220636.jpg 960w\" sizes=\"(max-width: 300px) 100vw, 300px\" \/><\/a><\/p>\n<div id=\"attachment_518\" style=\"width: 310px\" class=\"wp-caption alignnone\"><a href=\"https:\/\/kulturweit.blog\/picknickmitbaeren\/files\/2021\/06\/photo5382224927270220635.jpg\"><img loading=\"lazy\" decoding=\"async\" aria-describedby=\"caption-attachment-518\" class=\"wp-image-518 size-medium\" src=\"https:\/\/kulturweit.blog\/picknickmitbaeren\/files\/2021\/06\/photo5382224927270220635-300x400.jpg\" alt=\"\" width=\"300\" height=\"400\" srcset=\"https:\/\/kulturweit.blog\/picknickmitbaeren\/files\/2021\/06\/photo5382224927270220635-300x400.jpg 300w, https:\/\/kulturweit.blog\/picknickmitbaeren\/files\/2021\/06\/photo5382224927270220635-768x1024.jpg 768w, https:\/\/kulturweit.blog\/picknickmitbaeren\/files\/2021\/06\/photo5382224927270220635-624x832.jpg 624w, https:\/\/kulturweit.blog\/picknickmitbaeren\/files\/2021\/06\/photo5382224927270220635.jpg 960w\" sizes=\"(max-width: 300px) 100vw, 300px\" \/><\/a><p id=\"caption-attachment-518\" class=\"wp-caption-text\">Diese \u00fcberdachte Passage hat mich mit ihren Ausma\u00dfen an eine gro\u00dfe Version des Gans in Oradea erinnert, den ich einige Wochen zuvor besucht habe. Auch wenn dieser in Bukarest vermutlich ein St\u00fcck \u00e4lter ist.<\/p><\/div>\n<p>An meinem letzten Tag in Bukarest besuchte ich au\u00dferdem mit zwei weiteren Freiwilligen, das nationale Kunstmuseum, das \u00fcber drei Stockwerke zahlreiche Werke, ber\u00fchmter, rum\u00e4nische K\u00fcnstler zeigte. F\u00fcr mich stellte sich etwas \u00fcberraschend, der mittelalterliche Teil, als besonders sehenswert heraus, in der faszinierende Ikonen, Teppiche und viele weitere, historisch wichtige Artefakte ausgestellt wurden.<\/p>\n<p>Letztlich war es ganz gut, dass ich Bukarest bisher noch noch nicht besucht hatte und zusammen mit Karla auf Entdeckungstour gehen konnte. \u00dcber die Tage haben wir ungemein viel gesehen, erlebt und zusammen gelacht, was mir jetzt immer als positives Bild von der Stadt in Erinnerung bleiben wird. Die Kontraste zwischen alter Architektur, aus der gl\u00e4serne hochglanz Fassaden empor wachsen, die sich an alte Kirchen anreihen, zwischen gepflasterten Stra\u00dfen und filigranen Statuen, haben mich sehr beeindruckt. Die Ansammlung von spannenden Museen, verborgenen Second-Hand-L\u00e4den und s\u00fc\u00dfen Eckkneipen, findet sich genauso wie die zahlreichen gr\u00fcnen Lungen der Stadt wieder.<\/p>\n<p>Was haben wir noch gelernt, w\u00e4hrend des Aufenthalts in der Hauptstadt?<\/p>\n<p>Wenn ein Geb\u00e4ude besonders gro\u00df und prachtvoll erscheint, stehen die Chancen gut, dass es sich um eine der gro\u00dfen Banken handelt. WIr wurden immer wieder \u00fcberrascht, wie oft es tats\u00e4chlich zutraf.<\/p>\n<div id=\"attachment_519\" style=\"width: 310px\" class=\"wp-caption alignnone\"><a href=\"https:\/\/kulturweit.blog\/picknickmitbaeren\/files\/2021\/06\/photo5382224927270220636.jpg\"><img loading=\"lazy\" decoding=\"async\" aria-describedby=\"caption-attachment-519\" class=\"wp-image-519 size-medium\" src=\"https:\/\/kulturweit.blog\/picknickmitbaeren\/files\/2021\/06\/photo5382224927270220636-300x400.jpg\" alt=\"\" width=\"300\" height=\"400\" srcset=\"https:\/\/kulturweit.blog\/picknickmitbaeren\/files\/2021\/06\/photo5382224927270220636-300x400.jpg 300w, https:\/\/kulturweit.blog\/picknickmitbaeren\/files\/2021\/06\/photo5382224927270220636-768x1024.jpg 768w, https:\/\/kulturweit.blog\/picknickmitbaeren\/files\/2021\/06\/photo5382224927270220636-624x832.jpg 624w, https:\/\/kulturweit.blog\/picknickmitbaeren\/files\/2021\/06\/photo5382224927270220636.jpg 960w\" sizes=\"(max-width: 300px) 100vw, 300px\" \/><\/a><p id=\"caption-attachment-519\" class=\"wp-caption-text\">Was k\u00f6nnte das wohl nur sein?<\/p><\/div>\n","protected":false},"excerpt":{"rendered":"<p>~20.05.2021-24.05.2021 Wie lange ist es jetzt her? Seit Anfang Februar auch schon wieder fast drei Monate. Verr\u00fcckt, wie viel seit dem passiert ist. Deshalb freute ich mich umso mehr, als ich die T\u00fcr der gro\u00dfen, bukarester WG \u00f6ffnete und mir neben all den Bewohnern auch Karla entgegen strahlte. Da sich die Einreiseregeln zwischen Bulgarien und [&hellip;]<\/p>\n","protected":false},"author":2885,"featured_media":0,"comment_status":"open","ping_status":"open","sticky":false,"template":"","format":"standard","meta":{"footnotes":""},"categories":[21],"tags":[],"class_list":["post-451","post","type-post","status-publish","format-standard","hentry","category-allgemein"],"amp_enabled":true,"_links":{"self":[{"href":"https:\/\/kulturweit.blog\/picknickmitbaeren\/wp-json\/wp\/v2\/posts\/451"}],"collection":[{"href":"https:\/\/kulturweit.blog\/picknickmitbaeren\/wp-json\/wp\/v2\/posts"}],"about":[{"href":"https:\/\/kulturweit.blog\/picknickmitbaeren\/wp-json\/wp\/v2\/types\/post"}],"author":[{"embeddable":true,"href":"https:\/\/kulturweit.blog\/picknickmitbaeren\/wp-json\/wp\/v2\/users\/2885"}],"replies":[{"embeddable":true,"href":"https:\/\/kulturweit.blog\/picknickmitbaeren\/wp-json\/wp\/v2\/comments?post=451"}],"version-history":[{"count":3,"href":"https:\/\/kulturweit.blog\/picknickmitbaeren\/wp-json\/wp\/v2\/posts\/451\/revisions"}],"predecessor-version":[{"id":541,"href":"https:\/\/kulturweit.blog\/picknickmitbaeren\/wp-json\/wp\/v2\/posts\/451\/revisions\/541"}],"wp:attachment":[{"href":"https:\/\/kulturweit.blog\/picknickmitbaeren\/wp-json\/wp\/v2\/media?parent=451"}],"wp:term":[{"taxonomy":"category","embeddable":true,"href":"https:\/\/kulturweit.blog\/picknickmitbaeren\/wp-json\/wp\/v2\/categories?post=451"},{"taxonomy":"post_tag","embeddable":true,"href":"https:\/\/kulturweit.blog\/picknickmitbaeren\/wp-json\/wp\/v2\/tags?post=451"}],"curies":[{"name":"wp","href":"https:\/\/api.w.org\/{rel}","templated":true}]}}