{"id":449,"date":"2021-06-15T07:58:38","date_gmt":"2021-06-15T05:58:38","guid":{"rendered":"https:\/\/kulturweit.blog\/picknickmitbaeren\/?p=449"},"modified":"2021-06-18T16:59:54","modified_gmt":"2021-06-18T14:59:54","slug":"so-fuehlt-sich-die-freiheit-an","status":"publish","type":"post","link":"https:\/\/kulturweit.blog\/picknickmitbaeren\/2021\/06\/15\/so-fuehlt-sich-die-freiheit-an\/","title":{"rendered":"So f\u00fchlt sich die Freiheit an"},"content":{"rendered":"<p>~ 14.05.2021-16.05.2021<\/p>\n<p>Wie beinahe alle anderen Reisen in Rum\u00e4nien beginnt auch dieser Ausflug von uns am Bahnhof in Bra\u0219ov. Luca kam gerade noch p\u00fcnktlich die Treppen zum Gleis hochgehechtet, an dem Jojo und ich schon auf den Zug warteten, da konnten wir praktisch direkt einsteigen.<\/p>\n<p>Im Abteil ging es in Richtung Westen Rum\u00e4niens. Die Zeit vertrieben wir uns mit unz\u00e4hligen Runden Skat, extrem guten Snacks (die Granny Smith \u00c4pfel waren durchaus eine sch\u00f6ne Wiederentdeckung) und der siebenb\u00fcrgischen Landschaft, die drau\u00dfen vorbei zog. In die gleiche Zugstrecke habe ich mich schon damals auf dem Weg nach Sighi\u0219oara verliebt und war auch jetzt wieder von den vielen Kontrasten und der Natur ganz gebannt.<\/p>\n<p>Die Zugfahrt im Abteil f\u00fchlt sich an, als sitze man im Hogwartsexpress. Wie in jedem Zug h\u00f6rt man das Rattern w\u00e4hrend der Fahrt vergleichsweise laut, inzwischen w\u00fcrde ich behaupten angenehm laut, die Vorh\u00e4nge vor den Abteilen lassen sich zuziehen und im 30 Minuten Takt l\u00e4uft ein Bahnmitarbeiter durch die G\u00e4nge und bietet Kaffee und Snickers zu Wucherpreisen an. Ein bisschen wie in der deutschen Bahn.<\/p>\n<p>Ziemlich m\u00fcde und im Dunkeln erreichten wir Deva. Sehr eindr\u00fccklich strahlte der Mond \u00fcber der erleuchteten Festung \u00fcber der Stadt und begr\u00fc\u00dft uns. Irgendwie schafften wir es, uns ein Taxi zu bestellen, und trotz \u00fcberschrittener Sperrstunde nicht von der Polizei aufgegabelt zu werden. Diese kann schnell ungem\u00fctlich werden, wenn es um die Sperrstunden geht, auch wenn ihre Bezeichnung auf rum\u00e4nisch noch so niedlich klingen mag, als\u00a0<em><a class=\"SetPageTerm-wordText\"><span class=\"TermText notranslate lang-ro\"><span style=\"color: #333333\">Politi<\/span><\/span><\/a><a class=\"SetPageTerm-wordText\" style=\"color: #333333\">\u015f<\/a>tii.\u00a0<\/em><\/p>\n<p>Also standen wir zuletzt etwas gestresst vor einer H\u00e4userreihe, unsicher, welcher Eingang Joenas sei, die hier in Deva ebenfalls an einer Schule eingesetzt ist und hielten etwas besorgt nach der Polizeistation ausschau. Es w\u00e4re einfach zu \u00e4rgerlich gewesen, an diesem Abend noch erwischt zu werden, da die Sperrstunde, dank sinkender Corona-Fallzahlen, ab dem n\u00e4chsten Tag aufgehoben werden sollte. Doch alles klappt noch ohne Zwischenf\u00e4lle und wir kamen bei Joena an.<\/p>\n<p>N\u00e4chster morgen, ich wachte in aller Fr\u00fche auf und sah als erstes die wundersch\u00f6ne Plattenbauromantik vom Wohnzimmer aus. Uns gegen\u00fcber Anwohner, die ihre erste Tasse Kaffee auf dem Balkon genossen. Sehr guter Start in den Tag. Vertr\u00e4umt wollte ich ich es ihnen eigentlich gleich tun und etwas Musik h\u00f6ren, musste dann aber geschockt feststellen, dass die Bauchtasche, in der ich meine Wertsachen (also alles von Geldbeutel, \u00fcber Schl\u00fcssel und Kopfh\u00f6rer) aufbewahre nicht mehr auffindbar war. Kurz stellte ich alle Taschen von mir auf den Kopf, doch keine Spur. Dann traf es mich wie ein Blitz. In der Nacht beim Warten vor dem Haus hatten wir unser Gep\u00e4ck kurz auf der Bank vor einem der Bl\u00f6cke abgestellt. Wie von der Tarantel gestochen rannte ich aus der Wohnung, alle Stockwerke runter, raus auf die Stra\u00dfe und um mehrere Hecken. Ungl\u00e4ubig erreichte ich die Bank von gestern und konnte mein Gl\u00fcck kaum fassen. Die Tasche lag noch immer unber\u00fchrt dort, alle Kreditkarten, das Bargeld, das ich ausnahmsweise mal besa\u00df und meine Kopfh\u00f6rer waren noch da! Wenn die Ausgangssperre f\u00fcr eine Sache gut gewesen ist, dann wohl daf\u00fcr, dass nachts echt niemand auf der Stra\u00dfe war&#8230; Noch ganz sch\u00f6n aufgekratzt kam ich in die Wohnung. Nun war auch nicht mehr an entspannte Balkonstimmung, geschweige denn weiterschlafen, f\u00fcr mich zu denken.<\/p>\n<p><a href=\"https:\/\/kulturweit.blog\/picknickmitbaeren\/files\/2021\/06\/photo5350337333423093230.jpg\"><img loading=\"lazy\" decoding=\"async\" class=\"alignnone size-medium wp-image-480\" src=\"https:\/\/kulturweit.blog\/picknickmitbaeren\/files\/2021\/06\/photo5350337333423093230-300x225.jpg\" alt=\"\" width=\"300\" height=\"225\" srcset=\"https:\/\/kulturweit.blog\/picknickmitbaeren\/files\/2021\/06\/photo5350337333423093230-300x225.jpg 300w, https:\/\/kulturweit.blog\/picknickmitbaeren\/files\/2021\/06\/photo5350337333423093230-1024x768.jpg 1024w, https:\/\/kulturweit.blog\/picknickmitbaeren\/files\/2021\/06\/photo5350337333423093230-768x576.jpg 768w, https:\/\/kulturweit.blog\/picknickmitbaeren\/files\/2021\/06\/photo5350337333423093230-624x468.jpg 624w, https:\/\/kulturweit.blog\/picknickmitbaeren\/files\/2021\/06\/photo5350337333423093230.jpg 1280w\" sizes=\"(max-width: 300px) 100vw, 300px\" \/><\/a><a href=\"https:\/\/kulturweit.blog\/picknickmitbaeren\/files\/2021\/06\/photo5350812021798581950.jpg\"><img loading=\"lazy\" decoding=\"async\" class=\"alignnone size-medium wp-image-481\" src=\"https:\/\/kulturweit.blog\/picknickmitbaeren\/files\/2021\/06\/photo5350812021798581950-300x225.jpg\" alt=\"\" width=\"300\" height=\"225\" srcset=\"https:\/\/kulturweit.blog\/picknickmitbaeren\/files\/2021\/06\/photo5350812021798581950-300x225.jpg 300w, https:\/\/kulturweit.blog\/picknickmitbaeren\/files\/2021\/06\/photo5350812021798581950-1024x768.jpg 1024w, https:\/\/kulturweit.blog\/picknickmitbaeren\/files\/2021\/06\/photo5350812021798581950-768x576.jpg 768w, https:\/\/kulturweit.blog\/picknickmitbaeren\/files\/2021\/06\/photo5350812021798581950-624x468.jpg 624w, https:\/\/kulturweit.blog\/picknickmitbaeren\/files\/2021\/06\/photo5350812021798581950.jpg 1280w\" sizes=\"(max-width: 300px) 100vw, 300px\" \/><\/a><\/p>\n<p>Also verlie\u00df ich wieder das Haus und schlenderte ein Bisschen durch Deva, auch unter dem alten Namen Diemrich bekannt. In einem Laden wollte ich mir einen Apfel kaufen, hatte allerdings nur meine Kreditkarte dabei, weshalb der Verk\u00e4ufer \u00e4hnlich ungl\u00e4ubig schaute, wie ich an dem morgen bei der Bank, als er die umgerechnet 8 Cent in das Kartenleseger\u00e4t eintippte und mir mein Stressessen kopfsch\u00fcttelnd \u00fcberreichte.<\/p>\n<p>Zur\u00fcck bei Joena fr\u00fchst\u00fcckten wir alle zusammen sehr ausgiebig und brachen dann f\u00fcr einen Snackkauf zu Lidl auf. Unser Plan: Eine Wanderung ins benachbarte Simeria, in den Botanischen Garten und auf den M\u0103gura Uroiului, eine kleine, rum\u00e4nische Version des Tafelbergs in Kapstadt.<\/p>\n<p>Wir wollten das gute Wetter und unsere morgentliche Motivation noch nutzen, die 13km Weg zu bew\u00e4ltigen. Klassischerweise begegneten wir nat\u00fcrlich jeder Menge w\u00fctender Stra\u00dfenhunde, zwei Sch\u00e4fern, die sich freudig mit uns, auf der h\u00e4lfte der Strecke unterhielten und nicht glauben konnten, dass wir zu Fu\u00df unterwegs waren. Au\u00dferdem sahen wir viele Schafe, H\u00fchner und erreichten unsere erste Etappe, den Botanischen Garten in Simeria. Von au\u00dfen erschien dieser noch sehr unbedeutend und klein, von ihnen war er daf\u00fcr umso gr\u00f6\u00dfer. L\u00e4d an einen Ecken zum Rasten und Schlendern \u00fcber vertr\u00e4umte Br\u00fccken und an kleinen Seen ein und erinnert an anderen, mit steinernen Statuen, an den Garten der Medusa. Wir nutzen den Park f\u00fcr eine ausgiebige Hummus und Brotpause, bevor wir gut gest\u00e4rkt weiter zogen.<\/p>\n<p><a href=\"https:\/\/kulturweit.blog\/picknickmitbaeren\/files\/2021\/06\/photo5350337333423093224.jpg\"><img loading=\"lazy\" decoding=\"async\" class=\"alignnone size-medium wp-image-477\" src=\"https:\/\/kulturweit.blog\/picknickmitbaeren\/files\/2021\/06\/photo5350337333423093224-300x225.jpg\" alt=\"\" width=\"300\" height=\"225\" srcset=\"https:\/\/kulturweit.blog\/picknickmitbaeren\/files\/2021\/06\/photo5350337333423093224-300x225.jpg 300w, https:\/\/kulturweit.blog\/picknickmitbaeren\/files\/2021\/06\/photo5350337333423093224-1024x768.jpg 1024w, https:\/\/kulturweit.blog\/picknickmitbaeren\/files\/2021\/06\/photo5350337333423093224-768x576.jpg 768w, https:\/\/kulturweit.blog\/picknickmitbaeren\/files\/2021\/06\/photo5350337333423093224-624x468.jpg 624w, https:\/\/kulturweit.blog\/picknickmitbaeren\/files\/2021\/06\/photo5350337333423093224.jpg 1280w\" sizes=\"(max-width: 300px) 100vw, 300px\" \/><\/a><\/p>\n<div id=\"attachment_476\" style=\"width: 310px\" class=\"wp-caption alignnone\"><a href=\"https:\/\/kulturweit.blog\/picknickmitbaeren\/files\/2021\/06\/photo5350337333423093225.jpg\"><img loading=\"lazy\" decoding=\"async\" aria-describedby=\"caption-attachment-476\" class=\"wp-image-476 size-medium\" src=\"https:\/\/kulturweit.blog\/picknickmitbaeren\/files\/2021\/06\/photo5350337333423093225-300x225.jpg\" alt=\"\" width=\"300\" height=\"225\" srcset=\"https:\/\/kulturweit.blog\/picknickmitbaeren\/files\/2021\/06\/photo5350337333423093225-300x225.jpg 300w, https:\/\/kulturweit.blog\/picknickmitbaeren\/files\/2021\/06\/photo5350337333423093225-768x576.jpg 768w, https:\/\/kulturweit.blog\/picknickmitbaeren\/files\/2021\/06\/photo5350337333423093225-624x468.jpg 624w, https:\/\/kulturweit.blog\/picknickmitbaeren\/files\/2021\/06\/photo5350337333423093225.jpg 1024w\" sizes=\"(max-width: 300px) 100vw, 300px\" \/><\/a><p id=\"caption-attachment-476\" class=\"wp-caption-text\">Verwunschen wie in einem M\u00e4rchen.<\/p><\/div>\n<p>Zum Tagesanfang hatten wir noch nicht mit der Intensit\u00e4t der Sonne gerechnet und nicht genug Wasser eingepackt. Leider konnten wir auch an keiner Stelle in Simeria einen Laden finden, der uns welches verkauft h\u00e4tte. Somit wurden wir praktisch magisch angezogen, als wir die Schrift <em>Campingplatz <\/em>und <em>deutsches Forum <\/em>entdeckten. Und tats\u00e4chlich, die Besitzerin war so lieb und verkaufte und zwei gro\u00dfe Flaschen Wasser und unterhielt sich eine Weile gl\u00fccklich mit uns. Seit die Pandemie begonnen hat, waren wohl auch nicht mehr so viele Leute aus Deutschland vorbei gekommen&#8230;<\/p>\n<p><a href=\"https:\/\/kulturweit.blog\/picknickmitbaeren\/files\/2021\/06\/photo5350337333423093226.jpg\"><img loading=\"lazy\" decoding=\"async\" class=\"alignnone size-medium wp-image-475\" src=\"https:\/\/kulturweit.blog\/picknickmitbaeren\/files\/2021\/06\/photo5350337333423093226-290x600.jpg\" alt=\"\" width=\"290\" height=\"600\" srcset=\"https:\/\/kulturweit.blog\/picknickmitbaeren\/files\/2021\/06\/photo5350337333423093226-290x600.jpg 290w, https:\/\/kulturweit.blog\/picknickmitbaeren\/files\/2021\/06\/photo5350337333423093226-495x1024.jpg 495w, https:\/\/kulturweit.blog\/picknickmitbaeren\/files\/2021\/06\/photo5350337333423093226.jpg 619w\" sizes=\"(max-width: 290px) 100vw, 290px\" \/><\/a><\/p>\n<p>Unser finales Ziel war nun auch schon zum Greifen nah und der letzte Aufstieg am Berg ging sehr schnell. Oben angekommen war klar, dass sich der Weg sicherlich f\u00fcr diese Aussicht gelohnt hatte. Westlich von uns konnten wir Deva und die Festungsanlage auf dem Berg ausmachen, im S\u00fcdosten zeichnete sich das Panorama der Karpaten ab, was alles vom wechselnden Licht- und Schattenspiel der Sonne und Wolken gezeichnet wurde. Wir legten und auf die Wiese, umgeben von duftenden Kr\u00e4utern und Blumen, genossen den Moment und ruhten uns von der vergangenen Wanderung aus.<\/p>\n<div id=\"attachment_478\" style=\"width: 310px\" class=\"wp-caption alignnone\"><a href=\"https:\/\/kulturweit.blog\/picknickmitbaeren\/files\/2021\/06\/photo5350337333423093223.jpg\"><img loading=\"lazy\" decoding=\"async\" aria-describedby=\"caption-attachment-478\" class=\"wp-image-478 size-medium\" src=\"https:\/\/kulturweit.blog\/picknickmitbaeren\/files\/2021\/06\/photo5350337333423093223-300x400.jpg\" alt=\"\" width=\"300\" height=\"400\" srcset=\"https:\/\/kulturweit.blog\/picknickmitbaeren\/files\/2021\/06\/photo5350337333423093223-300x400.jpg 300w, https:\/\/kulturweit.blog\/picknickmitbaeren\/files\/2021\/06\/photo5350337333423093223-768x1024.jpg 768w, https:\/\/kulturweit.blog\/picknickmitbaeren\/files\/2021\/06\/photo5350337333423093223-624x832.jpg 624w, https:\/\/kulturweit.blog\/picknickmitbaeren\/files\/2021\/06\/photo5350337333423093223.jpg 960w\" sizes=\"(max-width: 300px) 100vw, 300px\" \/><\/a><p id=\"caption-attachment-478\" class=\"wp-caption-text\">Ein richtig freier Moment hier oben auf dem Berg, das Panorama zu F\u00fc\u00dfen, nach der langen Wanderung.<\/p><\/div>\n<p>Nach dem Abstieg, war unsere Lust zur\u00fcck nach Simeria zu laufen verschwindend gering, weshalb wir daraufhin per Taxi zur\u00fcck nach Deva fuhren und den Abend mit einer guten Runde Seccomate ausklingen lie\u00dfen.<\/p>\n<p>Am n\u00e4chsten Tag stand eine Stadtrundgang durch das sch\u00f6ne Diemrich an. Zwar wurden wir von Regen begleitet, aber das Zentrum und die Festung waren sehr sehenswert und den schlimmsten Regen sa\u00dfen wir in einem Caf\u00e9 mit Getr\u00e4nken und <em>Wizard <\/em>aus.<\/p>\n<div id=\"attachment_474\" style=\"width: 310px\" class=\"wp-caption alignnone\"><a href=\"https:\/\/kulturweit.blog\/picknickmitbaeren\/files\/2021\/06\/photo5350337333423093227.jpg\"><img loading=\"lazy\" decoding=\"async\" aria-describedby=\"caption-attachment-474\" class=\"wp-image-474 size-medium\" src=\"https:\/\/kulturweit.blog\/picknickmitbaeren\/files\/2021\/06\/photo5350337333423093227-300x225.jpg\" alt=\"\" width=\"300\" height=\"225\" srcset=\"https:\/\/kulturweit.blog\/picknickmitbaeren\/files\/2021\/06\/photo5350337333423093227-300x225.jpg 300w, https:\/\/kulturweit.blog\/picknickmitbaeren\/files\/2021\/06\/photo5350337333423093227-1024x768.jpg 1024w, https:\/\/kulturweit.blog\/picknickmitbaeren\/files\/2021\/06\/photo5350337333423093227-768x576.jpg 768w, https:\/\/kulturweit.blog\/picknickmitbaeren\/files\/2021\/06\/photo5350337333423093227-624x468.jpg 624w, https:\/\/kulturweit.blog\/picknickmitbaeren\/files\/2021\/06\/photo5350337333423093227.jpg 1280w\" sizes=\"(max-width: 300px) 100vw, 300px\" \/><\/a><p id=\"caption-attachment-474\" class=\"wp-caption-text\">Das Kulturzentrum Devas, das aktuell in ein Impfzentrum umgewandelt wurde und den Hauptplatz der Stadt markiert.<\/p><\/div>\n<div id=\"attachment_472\" style=\"width: 300px\" class=\"wp-caption alignnone\"><a href=\"https:\/\/kulturweit.blog\/picknickmitbaeren\/files\/2021\/06\/photo5350337333423093229.jpg\"><img loading=\"lazy\" decoding=\"async\" aria-describedby=\"caption-attachment-472\" class=\"wp-image-472 size-medium\" src=\"https:\/\/kulturweit.blog\/picknickmitbaeren\/files\/2021\/06\/photo5350337333423093229-290x600.jpg\" alt=\"\" width=\"290\" height=\"600\" srcset=\"https:\/\/kulturweit.blog\/picknickmitbaeren\/files\/2021\/06\/photo5350337333423093229-290x600.jpg 290w, https:\/\/kulturweit.blog\/picknickmitbaeren\/files\/2021\/06\/photo5350337333423093229-495x1024.jpg 495w, https:\/\/kulturweit.blog\/picknickmitbaeren\/files\/2021\/06\/photo5350337333423093229.jpg 619w\" sizes=\"(max-width: 290px) 100vw, 290px\" \/><\/a><p id=\"caption-attachment-472\" class=\"wp-caption-text\">In Deva ist man immer gut vor Regen gesch\u00fctzt.<\/p><\/div>\n<p>Das Stadtbild ist gepr\u00e4gt von sehr vielen Plattenbauten, durchzogen von gr\u00fcnen Ecken und hin und wieder alten Prachtvillen. Die Festung ist eine sehr gut erhaltene Ruine, in der schon der bayerische K\u00f6nig vor langer Zeit festgehalten wurde. Dem schlechten Wetter trotzten auch die Schaulustigen und Mitglieder des Mittelaltervereins, die sich in den Festungsmauern getroffen hatten und das Schie\u00dfen mit Pfeil und Bogen in entsprechenden Kost\u00fcmen zelebrierten. Alles in allem war Deva wundersch\u00f6n und die Natur der Umgebung sehr gut zum Wandern und der Blick auf Berge einmalig.<\/p>\n<p>Am Abend stiegen wir daraufhin wieder an Devas Bahnhof in den Zug ein und nach etwa sechs Stunden im Bahnhof in Bra\u0219ov, zuhause wieder aus.<\/p>\n","protected":false},"excerpt":{"rendered":"<p>~ 14.05.2021-16.05.2021 Wie beinahe alle anderen Reisen in Rum\u00e4nien beginnt auch dieser Ausflug von uns am Bahnhof in Bra\u0219ov. Luca kam gerade noch p\u00fcnktlich die Treppen zum Gleis hochgehechtet, an dem Jojo und ich schon auf den Zug warteten, da konnten wir praktisch direkt einsteigen. Im Abteil ging es in Richtung Westen Rum\u00e4niens. Die Zeit [&hellip;]<\/p>\n","protected":false},"author":2885,"featured_media":0,"comment_status":"open","ping_status":"open","sticky":false,"template":"","format":"standard","meta":{"footnotes":""},"categories":[21],"tags":[],"class_list":["post-449","post","type-post","status-publish","format-standard","hentry","category-allgemein"],"amp_enabled":true,"_links":{"self":[{"href":"https:\/\/kulturweit.blog\/picknickmitbaeren\/wp-json\/wp\/v2\/posts\/449"}],"collection":[{"href":"https:\/\/kulturweit.blog\/picknickmitbaeren\/wp-json\/wp\/v2\/posts"}],"about":[{"href":"https:\/\/kulturweit.blog\/picknickmitbaeren\/wp-json\/wp\/v2\/types\/post"}],"author":[{"embeddable":true,"href":"https:\/\/kulturweit.blog\/picknickmitbaeren\/wp-json\/wp\/v2\/users\/2885"}],"replies":[{"embeddable":true,"href":"https:\/\/kulturweit.blog\/picknickmitbaeren\/wp-json\/wp\/v2\/comments?post=449"}],"version-history":[{"count":3,"href":"https:\/\/kulturweit.blog\/picknickmitbaeren\/wp-json\/wp\/v2\/posts\/449\/revisions"}],"predecessor-version":[{"id":491,"href":"https:\/\/kulturweit.blog\/picknickmitbaeren\/wp-json\/wp\/v2\/posts\/449\/revisions\/491"}],"wp:attachment":[{"href":"https:\/\/kulturweit.blog\/picknickmitbaeren\/wp-json\/wp\/v2\/media?parent=449"}],"wp:term":[{"taxonomy":"category","embeddable":true,"href":"https:\/\/kulturweit.blog\/picknickmitbaeren\/wp-json\/wp\/v2\/categories?post=449"},{"taxonomy":"post_tag","embeddable":true,"href":"https:\/\/kulturweit.blog\/picknickmitbaeren\/wp-json\/wp\/v2\/tags?post=449"}],"curies":[{"name":"wp","href":"https:\/\/api.w.org\/{rel}","templated":true}]}}