{"id":42,"date":"2020-12-07T20:15:37","date_gmt":"2020-12-07T19:15:37","guid":{"rendered":"https:\/\/kulturweit.blog\/picknickmitbaeren\/?p=42"},"modified":"2020-12-07T20:16:08","modified_gmt":"2020-12-07T19:16:08","slug":"briefpapier-ein-flambierer-und-eine-volle-arbeitswoche","status":"publish","type":"post","link":"https:\/\/kulturweit.blog\/picknickmitbaeren\/2020\/12\/07\/briefpapier-ein-flambierer-und-eine-volle-arbeitswoche\/","title":{"rendered":"Briefpapier, ein Flambierer und eine volle Arbeitswoche"},"content":{"rendered":"<p>Eine Woche voller DSD-Pr\u00fcfungen und eine Woche voller Arbeit.<\/p>\n<p>F\u00fcr die deutschlernenden Sch\u00fcler unserer Schulen stellt das deutsche Sprachdiplom den kr\u00f6nenden Abschluss ihrer Karriere in der 12ten Klasse dar. Nachdem es ziemlich lange auf der Kippe stand, ob und in welcher Form die Pr\u00fcfungen dieses Jahr abgehalten werden k\u00f6nnen, waren wir umso erleichterter, als wir gr\u00fcnes Licht f\u00fcr die Wochen vom 16. bis 27. November bekommen haben.<\/p>\n<p>Doch es gab unheimlich viel zu sortieren und vorzubereiten, damit alles z\u00fcgig und coronakonform ablaufen konnte. Somit waren wir gut besch\u00e4ftigt, Raumpl\u00e4ne zu erstellen, W\u00f6rterb\u00fccher zu verteilen und das Schulgeb\u00e4ude auszuschildern.<\/p>\n<p>Am Tag der Pr\u00fcfungen bestand unsere haupts\u00e4chliche Arbeit darin, daf\u00fcr zu sorgen dass die Sch\u00fcler p\u00fcnktlich zur Vorbereitung und sp\u00e4ter zu den Pr\u00fcfern kamen, die richtigen Themen erhielten und genug Ruhe auf dem Flur herrschte.<\/p>\n<p>Im Zuge dessen, mussten wir uns gut mit dem anderen Schulpersonal absprechen, was sich als noch immer kompliziert herausstellte.<\/p>\n<p><a href=\"https:\/\/kulturweit.blog\/picknickmitbaeren\/files\/2020\/12\/IMG_20201117_071251.jpg\"><img loading=\"lazy\" decoding=\"async\" class=\"alignnone size-medium wp-image-61\" src=\"https:\/\/kulturweit.blog\/picknickmitbaeren\/files\/2020\/12\/IMG_20201117_071251-291x600.jpg\" alt=\"\" width=\"291\" height=\"600\" srcset=\"https:\/\/kulturweit.blog\/picknickmitbaeren\/files\/2020\/12\/IMG_20201117_071251-291x600.jpg 291w, https:\/\/kulturweit.blog\/picknickmitbaeren\/files\/2020\/12\/IMG_20201117_071251.jpg 496w\" sizes=\"(max-width: 291px) 100vw, 291px\" \/><\/a><\/p>\n<p>&nbsp;<\/p>\n<p>Ich hatte mich irgendwann ganz gut damit arrangiert m\u00f6glichst freundlich zu schauen, wahlweise ,,<em>da<\/em>&#8220; (=ja), ,,<em>gata<\/em>&#8220; (fertig) oder ,,<span class=\"text\"><em>mai t\u00e2rziu<\/em><\/span>&#8220; (sp\u00e4ter) zu sagen und so die Mitarbeiter w\u00e4hrend der Pr\u00fcfungen auf dem Laufenden zu halten. Das hat scheinbar so gut funktioniert, dass einer unserer Hausmeister mir zur Begr\u00fc\u00dfung jetzt immer die Ghettofaust gibt!<\/p>\n<p>W\u00e4hrend das blo\u00dfe Verstehen vom Rum\u00e4nischen, durch den \u00e4hnlichen Klang wie Spanisch, garnicht so schwierig ist, f\u00e4llt mir das Sprechen noch echt schwer. Doch mit einer guten Mischung aus meinem sporadischen rum\u00e4nisch und spanisch komme ich ganz gut zurecht. Wenn garnichts mehr hilft, greift man eben auf die altbew\u00e4hrte Zeichensprache zur\u00fcck und schl\u00e4gt sich irgendwie durch.<\/p>\n<p>So auch bei meinem ersten Postabenteuer, als ich Briefmarken und Umschl\u00e4ge mit Papier bekommen und ein Paket ins Nachbarland Bulgarien schicken wollte. Leider konnte die Dame am Postschalter weder Englisch, noch hat sie mein Sprachgemisch verstanden, war aber immerhin die Ruhe selbst und hat mich versucht, so gut es ging zu beraten. Auch wenn die Schlange hinter mir immer l\u00e4nger wurde, hat sie sich ganz geduldig meine pantomimische Darstellung von Briefpapier angeschaut und ist dann wohl wissend zu ihrem Drucker und hat mir Papier daraus gereicht.<\/p>\n<p>Die Sache mit dem Paket stellte sich allerdings als ein bisschen schwieriger heraus. F\u00fcr die Anschrift des Empf\u00e4ngers wurde mir ein gro\u00dfer, roter Edding in die Hand gedr\u00fcckt, woraufhin ich die Adresse so \u00fcberdimensional und leserlich wie nur m\u00f6glich auf dem Deckel geschrieben habe. Die Postbeamtin versicherte mir, dass es in sp\u00e4testens sieben bis zehn Tagen Sofia erreichen w\u00fcrde und ich mir keinerlei Gedanken machen m\u00fcsse. Die ganze Situation kam mir schon sehr verd\u00e4chtig vor und auch die Tatsache, dass das P\u00e4ckchen bis heute -knapp drei Wochen sp\u00e4ter- immernoch nicht angekommen ist, hat mein Vertrauen in die Post nicht weiter gest\u00e4rkt.<\/p>\n<p>Immerhin sind meine Gr\u00fc\u00dfe aus Brasov, die ich durch die neu gewonnenen Schreibutensilien und Briefmarken, in die Welt versenden konnte, schon alle gut bei ihren Empf\u00e4ngern angekommen. Vielleicht besteht ja doch noch Hoffnung.<\/p>\n<p>Eine weitere abenteuerliche Erfahrung haben Johanna und ich vergangenes Wochenende gemacht:<\/p>\n<p>Das weihnachtliche Pl\u00e4tzchenbacken, mit unserem launischen Gasofen. Dieser besitzt genau drei Stufen, des Grills von unten, zwischen denen man w\u00e4hlen kann:<\/p>\n<ul>\n<li>eine leichte Sommerbrise<\/li>\n<li>gem\u00e4\u00dfigtes Backen mit Vorsicht<\/li>\n<li>die Verbrennung aller Teigwaren auf dem Blech<\/li>\n<\/ul>\n<p><a href=\"https:\/\/kulturweit.blog\/picknickmitbaeren\/files\/2020\/12\/20201128_153915.jpg\"><img loading=\"lazy\" decoding=\"async\" class=\"alignnone size-medium wp-image-49\" src=\"https:\/\/kulturweit.blog\/picknickmitbaeren\/files\/2020\/12\/20201128_153915-300x400.jpg\" alt=\"\" width=\"300\" height=\"400\" srcset=\"https:\/\/kulturweit.blog\/picknickmitbaeren\/files\/2020\/12\/20201128_153915-300x400.jpg 300w, https:\/\/kulturweit.blog\/picknickmitbaeren\/files\/2020\/12\/20201128_153915-624x832.jpg 624w, https:\/\/kulturweit.blog\/picknickmitbaeren\/files\/2020\/12\/20201128_153915.jpg 768w\" sizes=\"(max-width: 300px) 100vw, 300px\" \/><\/a><\/p>\n<p>Im Nachhinein betrachtet ist die mittlere Stufe wahrscheinlich immer die beste Wahl, allerdings sind wir von Anfang an (mutigerweise) <em>all in<\/em> gegangen. Daraufhin haben wir, passenderweise von <em>in der Weihnachtsb\u00e4ckerei <\/em>begleitet, einen leicht rauchigen Geruch in der K\u00fcche wahrgenommen und so schnell wie es ging die Ausstechpl\u00e4tzchen wieder aus dem Ofen geholt. Von unten schwarz, ansonsten noch ziemlich roh haben sie eine weitere Runde auf erster Stufe und im nachhinein eine Spezialbehandlung bekommen.<\/p>\n<p>Beim n\u00e4chsten Blech wussten wir so langsam wie der Hase l\u00e4uft und sp\u00e4testens unserer Lebkuchen bekamen auch die Bedingungen, die sie ben\u00f6tigten. Trotzdem stellte Jojo wehm\u00fctig fest, dass ein<em> Cr\u00e8me-br\u00fbl\u00e9e<\/em><em>-Flammenwerfer <\/em>in unserem Fall, zum Ausgleich der Unterhitze, genau richtig w\u00e4re.<\/p>\n<p>Dennoch konnten wir uns somit noch einen guten Vorrat an Hildabr\u00f6tchen, Schokocrossies und co. anlegen und an Bekannte und Freunde verteilen.<\/p>\n<div id=\"attachment_50\" style=\"width: 310px\" class=\"wp-caption alignnone\"><a href=\"https:\/\/kulturweit.blog\/picknickmitbaeren\/files\/2020\/12\/IMG_20201128_200459.jpg\"><img loading=\"lazy\" decoding=\"async\" aria-describedby=\"caption-attachment-50\" class=\"wp-image-50 size-medium\" src=\"https:\/\/kulturweit.blog\/picknickmitbaeren\/files\/2020\/12\/IMG_20201128_200459-300x145.jpg\" alt=\"\" width=\"300\" height=\"145\" srcset=\"https:\/\/kulturweit.blog\/picknickmitbaeren\/files\/2020\/12\/IMG_20201128_200459-300x145.jpg 300w, https:\/\/kulturweit.blog\/picknickmitbaeren\/files\/2020\/12\/IMG_20201128_200459-768x372.jpg 768w, https:\/\/kulturweit.blog\/picknickmitbaeren\/files\/2020\/12\/IMG_20201128_200459-624x302.jpg 624w, https:\/\/kulturweit.blog\/picknickmitbaeren\/files\/2020\/12\/IMG_20201128_200459.jpg 1024w\" sizes=\"(max-width: 300px) 100vw, 300px\" \/><\/a><p id=\"caption-attachment-50\" class=\"wp-caption-text\">Daf\u00fcr, dass wir so katastrophal begonnen haben, kann sich das Endergebnis dann doch echt noch blicken lassen.<\/p><\/div>\n<div id=\"attachment_54\" style=\"width: 310px\" class=\"wp-caption alignnone\"><a href=\"https:\/\/kulturweit.blog\/picknickmitbaeren\/files\/2020\/12\/20201202_155642.jpg\"><img loading=\"lazy\" decoding=\"async\" aria-describedby=\"caption-attachment-54\" class=\"wp-image-54 size-medium\" src=\"https:\/\/kulturweit.blog\/picknickmitbaeren\/files\/2020\/12\/20201202_155642-300x400.jpg\" alt=\"\" width=\"300\" height=\"400\" srcset=\"https:\/\/kulturweit.blog\/picknickmitbaeren\/files\/2020\/12\/20201202_155642-300x400.jpg 300w, https:\/\/kulturweit.blog\/picknickmitbaeren\/files\/2020\/12\/20201202_155642-624x832.jpg 624w, https:\/\/kulturweit.blog\/picknickmitbaeren\/files\/2020\/12\/20201202_155642.jpg 768w\" sizes=\"(max-width: 300px) 100vw, 300px\" \/><\/a><p id=\"caption-attachment-54\" class=\"wp-caption-text\">Jetzt k\u00f6nnen wir bei unseren Wanderungen immerhin auch eigene Pl\u00e4tzchen mitnehmen und m\u00fcssen auf nichts gekauftes mehr zur\u00fcckgreifen.<\/p><\/div>\n<p><a href=\"https:\/\/kulturweit.blog\/picknickmitbaeren\/files\/2020\/12\/20201202_155628.jpg\"><img loading=\"lazy\" decoding=\"async\" class=\"alignnone size-medium wp-image-66\" src=\"https:\/\/kulturweit.blog\/picknickmitbaeren\/files\/2020\/12\/20201202_155628-300x225.jpg\" alt=\"\" width=\"300\" height=\"225\" srcset=\"https:\/\/kulturweit.blog\/picknickmitbaeren\/files\/2020\/12\/20201202_155628-300x225.jpg 300w, https:\/\/kulturweit.blog\/picknickmitbaeren\/files\/2020\/12\/20201202_155628-768x576.jpg 768w, https:\/\/kulturweit.blog\/picknickmitbaeren\/files\/2020\/12\/20201202_155628-624x468.jpg 624w, https:\/\/kulturweit.blog\/picknickmitbaeren\/files\/2020\/12\/20201202_155628.jpg 1024w\" sizes=\"(max-width: 300px) 100vw, 300px\" \/><\/a><\/p>\n<p><a href=\"https:\/\/kulturweit.blog\/picknickmitbaeren\/files\/2020\/12\/Snapchat-1399122841.jpg\"><img loading=\"lazy\" decoding=\"async\" class=\"size-medium wp-image-51 alignnone\" src=\"https:\/\/kulturweit.blog\/picknickmitbaeren\/files\/2020\/12\/Snapchat-1399122841-300x533.jpg\" alt=\"\" width=\"300\" height=\"533\" srcset=\"https:\/\/kulturweit.blog\/picknickmitbaeren\/files\/2020\/12\/Snapchat-1399122841-300x533.jpg 300w, https:\/\/kulturweit.blog\/picknickmitbaeren\/files\/2020\/12\/Snapchat-1399122841.jpg 576w\" sizes=\"(max-width: 300px) 100vw, 300px\" \/><\/a><\/p>\n<p>An die stressigen Phase der DSD-Pr\u00fcfungen hat sich erstmal ein verl\u00e4ngertes Wochenende angeschlossen, das wir dazu genutzt haben, wieder ein bisschen zur Ruhe zu kommen.<\/p>\n<p>Nach zwei Wochen voller Pr\u00fcfungsvorbereitung und anstrengenden, langen Pr\u00fcfungstagen, kam uns das ganz gelegen. Wir sind viel nach drau\u00dfen, zur Zinne gegangen, haben lauschige Lesestunden samt Tee und Pl\u00e4tzchen in unserem Wohnzimmer verbracht und den ersten Advent mit einem selbst zusammengestellten Adventskranz begonnen.<\/p>\n<div id=\"attachment_56\" style=\"width: 310px\" class=\"wp-caption alignnone\"><a href=\"https:\/\/kulturweit.blog\/picknickmitbaeren\/files\/2020\/12\/IMG-20201130-WA0016-2.jpg\"><img loading=\"lazy\" decoding=\"async\" aria-describedby=\"caption-attachment-56\" class=\"wp-image-56 size-medium\" src=\"https:\/\/kulturweit.blog\/picknickmitbaeren\/files\/2020\/12\/IMG-20201130-WA0016-2-300x416.jpg\" alt=\"\" width=\"300\" height=\"416\" srcset=\"https:\/\/kulturweit.blog\/picknickmitbaeren\/files\/2020\/12\/IMG-20201130-WA0016-2-300x416.jpg 300w, https:\/\/kulturweit.blog\/picknickmitbaeren\/files\/2020\/12\/IMG-20201130-WA0016-2-624x866.jpg 624w, https:\/\/kulturweit.blog\/picknickmitbaeren\/files\/2020\/12\/IMG-20201130-WA0016-2.jpg 738w\" sizes=\"(max-width: 300px) 100vw, 300px\" \/><\/a><p id=\"caption-attachment-56\" class=\"wp-caption-text\">DIe Einzelteile von Zweigen, Bl\u00e4ttern, Moos und Tannenzapfen konnten wir auf unseren zahlreichen Waldtouren zusammentrommeln. Allerdings erforderten einige echten Einsatz und Kletterk\u00fcnste, um auch noch den sch\u00f6nsten kleinen Moosteppich vom obersten Felsen mitnehmen zu k\u00f6nnen.<\/p><\/div>\n<div id=\"attachment_57\" style=\"width: 310px\" class=\"wp-caption alignnone\"><a href=\"https:\/\/kulturweit.blog\/picknickmitbaeren\/files\/2020\/12\/Snapchat-823546171.jpg\"><img loading=\"lazy\" decoding=\"async\" aria-describedby=\"caption-attachment-57\" class=\"wp-image-57 size-medium\" src=\"https:\/\/kulturweit.blog\/picknickmitbaeren\/files\/2020\/12\/Snapchat-823546171-300x533.jpg\" alt=\"\" width=\"300\" height=\"533\" srcset=\"https:\/\/kulturweit.blog\/picknickmitbaeren\/files\/2020\/12\/Snapchat-823546171-300x533.jpg 300w, https:\/\/kulturweit.blog\/picknickmitbaeren\/files\/2020\/12\/Snapchat-823546171.jpg 576w\" sizes=\"(max-width: 300px) 100vw, 300px\" \/><\/a><p id=\"caption-attachment-57\" class=\"wp-caption-text\">Unsere Wohnung ist auch immer gem\u00fctlicher geworden und eine Tanne als Weihnachtsbaum gar nicht mehr n\u00f6tig.<\/p><\/div>\n<p>Da am Dienstag, dem 1ten Dezember, der Nationalfeiertag war, wurde der Montag noch als Br\u00fcckentag genutzt und hat unheimlich viele Besucher in die Stadt gezogen. \u00dcberall waren die Flaggen des Landes aufgeh\u00e4ngt und die Touristen spazierten durch Brasov. Die gr\u00f6\u00dften Besucherstr\u00f6me vermeidend, haben wir auch versucht ein bisschen die gute Stimmung, die in diesen Tagen durch die Stadt str\u00f6mte, aufzufangen und einige Ecken erkundet, die wir bis dato noch nicht kannten.<\/p>\n<div id=\"attachment_58\" style=\"width: 310px\" class=\"wp-caption alignnone\"><a href=\"https:\/\/kulturweit.blog\/picknickmitbaeren\/files\/2020\/12\/20201204_164445.jpg\"><img loading=\"lazy\" decoding=\"async\" aria-describedby=\"caption-attachment-58\" class=\"wp-image-58 size-medium\" src=\"https:\/\/kulturweit.blog\/picknickmitbaeren\/files\/2020\/12\/20201204_164445-300x400.jpg\" alt=\"\" width=\"300\" height=\"400\" srcset=\"https:\/\/kulturweit.blog\/picknickmitbaeren\/files\/2020\/12\/20201204_164445-300x400.jpg 300w, https:\/\/kulturweit.blog\/picknickmitbaeren\/files\/2020\/12\/20201204_164445-624x832.jpg 624w, https:\/\/kulturweit.blog\/picknickmitbaeren\/files\/2020\/12\/20201204_164445.jpg 768w\" sizes=\"(max-width: 300px) 100vw, 300px\" \/><\/a><p id=\"caption-attachment-58\" class=\"wp-caption-text\">Sogar das Brasov-Logo erstrahlt momentan in den Nationalfarben des Landes.<\/p><\/div>\n<div id=\"attachment_60\" style=\"width: 310px\" class=\"wp-caption alignnone\"><a href=\"https:\/\/kulturweit.blog\/picknickmitbaeren\/files\/2020\/12\/Snapchat-75884427.jpg\"><img loading=\"lazy\" decoding=\"async\" aria-describedby=\"caption-attachment-60\" class=\"wp-image-60 size-medium\" src=\"https:\/\/kulturweit.blog\/picknickmitbaeren\/files\/2020\/12\/Snapchat-75884427-300x169.jpg\" alt=\"\" width=\"300\" height=\"169\" srcset=\"https:\/\/kulturweit.blog\/picknickmitbaeren\/files\/2020\/12\/Snapchat-75884427-300x169.jpg 300w, https:\/\/kulturweit.blog\/picknickmitbaeren\/files\/2020\/12\/Snapchat-75884427-768x432.jpg 768w, https:\/\/kulturweit.blog\/picknickmitbaeren\/files\/2020\/12\/Snapchat-75884427-624x351.jpg 624w, https:\/\/kulturweit.blog\/picknickmitbaeren\/files\/2020\/12\/Snapchat-75884427.jpg 1024w\" sizes=\"(max-width: 300px) 100vw, 300px\" \/><\/a><p id=\"caption-attachment-60\" class=\"wp-caption-text\">Der Feiertag und das Wochenende war gl\u00fccklicherweise auch von sehr gutem Wetter und Sonnenschein begleitet, was die Spazierg\u00e4nge rund um das Zentrum noch sch\u00f6ner machte.<\/p><\/div>\n<div id=\"attachment_59\" style=\"width: 310px\" class=\"wp-caption alignnone\"><a href=\"https:\/\/kulturweit.blog\/picknickmitbaeren\/files\/2020\/12\/20201201_154229.jpg\"><img loading=\"lazy\" decoding=\"async\" aria-describedby=\"caption-attachment-59\" class=\"wp-image-59 size-medium\" src=\"https:\/\/kulturweit.blog\/picknickmitbaeren\/files\/2020\/12\/20201201_154229-300x400.jpg\" alt=\"\" width=\"300\" height=\"400\" srcset=\"https:\/\/kulturweit.blog\/picknickmitbaeren\/files\/2020\/12\/20201201_154229-300x400.jpg 300w, https:\/\/kulturweit.blog\/picknickmitbaeren\/files\/2020\/12\/20201201_154229-624x832.jpg 624w, https:\/\/kulturweit.blog\/picknickmitbaeren\/files\/2020\/12\/20201201_154229.jpg 768w\" sizes=\"(max-width: 300px) 100vw, 300px\" \/><\/a><p id=\"caption-attachment-59\" class=\"wp-caption-text\">Endlich habe ich auch den ersten B\u00e4ren seit unserer Ankunft in Rum\u00e4nien entdeckt, wobei mir dieses Exemplar ganz friedlich vorkam.<\/p><\/div>\n<p><a href=\"https:\/\/kulturweit.blog\/picknickmitbaeren\/files\/2020\/12\/20201126_171857.jpg\"><img loading=\"lazy\" decoding=\"async\" class=\"alignnone size-medium wp-image-52\" src=\"https:\/\/kulturweit.blog\/picknickmitbaeren\/files\/2020\/12\/20201126_171857-300x225.jpg\" alt=\"\" width=\"300\" height=\"225\" srcset=\"https:\/\/kulturweit.blog\/picknickmitbaeren\/files\/2020\/12\/20201126_171857-300x225.jpg 300w, https:\/\/kulturweit.blog\/picknickmitbaeren\/files\/2020\/12\/20201126_171857-768x576.jpg 768w, https:\/\/kulturweit.blog\/picknickmitbaeren\/files\/2020\/12\/20201126_171857-624x468.jpg 624w, https:\/\/kulturweit.blog\/picknickmitbaeren\/files\/2020\/12\/20201126_171857.jpg 1024w\" sizes=\"(max-width: 300px) 100vw, 300px\" \/><\/a><\/p>\n<p>Wieder gut erholt, k\u00f6nnen wir nun diese Woche im online-Unterricht durchstarten und unsere parallel laufenden Projekte weiter voran treiben.<\/p>\n<p>Beispielsweise erstellen wir im Kreis der Freiwilligen aus Rum\u00e4nien, einen online-Adventskalender f\u00fcr die deutsch lernenden Sch\u00fcler. Marie, die ihr FSJ gerade in Craiova macht, hat den gro\u00dfteil der Website liebevoll und kreativ designt und f\u00fcr uns zum Bef\u00fcllen zur Verf\u00fcgung gestellt. Die Sch\u00fcler k\u00f6nnen nun jeden Tag ein neues T\u00fcrchen mit Bastelanleitungen, Geschichten, Musik und Traditionen \u00f6ffnen und so die Weihnachtszeit, wie sie in Deutschland verbracht wird, kennenlernen. (https:\/\/you-can-decide.wixsite.com\/intea)<\/p>\n<p>Im diesem Sinne auch weiterhin an alle eine sch\u00f6ne Adventszeit und dass sich hinter den n\u00e4chsten eigenen T\u00fcrchen noch sch\u00f6ne \u00dcberraschungen verstecken!<\/p>\n","protected":false},"excerpt":{"rendered":"<p>Eine Woche voller DSD-Pr\u00fcfungen und eine Woche voller Arbeit. F\u00fcr die deutschlernenden Sch\u00fcler unserer Schulen stellt das deutsche Sprachdiplom den kr\u00f6nenden Abschluss ihrer Karriere in der 12ten Klasse dar. Nachdem es ziemlich lange auf der Kippe stand, ob und in welcher Form die Pr\u00fcfungen dieses Jahr abgehalten werden k\u00f6nnen, waren wir umso erleichterter, als wir [&hellip;]<\/p>\n","protected":false},"author":2885,"featured_media":0,"comment_status":"open","ping_status":"open","sticky":false,"template":"","format":"standard","meta":{"footnotes":""},"categories":[21],"tags":[],"class_list":["post-42","post","type-post","status-publish","format-standard","hentry","category-allgemein"],"amp_enabled":true,"_links":{"self":[{"href":"https:\/\/kulturweit.blog\/picknickmitbaeren\/wp-json\/wp\/v2\/posts\/42"}],"collection":[{"href":"https:\/\/kulturweit.blog\/picknickmitbaeren\/wp-json\/wp\/v2\/posts"}],"about":[{"href":"https:\/\/kulturweit.blog\/picknickmitbaeren\/wp-json\/wp\/v2\/types\/post"}],"author":[{"embeddable":true,"href":"https:\/\/kulturweit.blog\/picknickmitbaeren\/wp-json\/wp\/v2\/users\/2885"}],"replies":[{"embeddable":true,"href":"https:\/\/kulturweit.blog\/picknickmitbaeren\/wp-json\/wp\/v2\/comments?post=42"}],"version-history":[{"count":3,"href":"https:\/\/kulturweit.blog\/picknickmitbaeren\/wp-json\/wp\/v2\/posts\/42\/revisions"}],"predecessor-version":[{"id":67,"href":"https:\/\/kulturweit.blog\/picknickmitbaeren\/wp-json\/wp\/v2\/posts\/42\/revisions\/67"}],"wp:attachment":[{"href":"https:\/\/kulturweit.blog\/picknickmitbaeren\/wp-json\/wp\/v2\/media?parent=42"}],"wp:term":[{"taxonomy":"category","embeddable":true,"href":"https:\/\/kulturweit.blog\/picknickmitbaeren\/wp-json\/wp\/v2\/categories?post=42"},{"taxonomy":"post_tag","embeddable":true,"href":"https:\/\/kulturweit.blog\/picknickmitbaeren\/wp-json\/wp\/v2\/tags?post=42"}],"curies":[{"name":"wp","href":"https:\/\/api.w.org\/{rel}","templated":true}]}}