{"id":385,"date":"2021-05-28T12:03:28","date_gmt":"2021-05-28T10:03:28","guid":{"rendered":"https:\/\/kulturweit.blog\/picknickmitbaeren\/?p=385"},"modified":"2021-06-25T17:51:21","modified_gmt":"2021-06-25T15:51:21","slug":"zu-spaet-kommen-ist-gut-fuer-die-gesundheit","status":"publish","type":"post","link":"https:\/\/kulturweit.blog\/picknickmitbaeren\/2021\/05\/28\/zu-spaet-kommen-ist-gut-fuer-die-gesundheit\/","title":{"rendered":"Zu sp\u00e4t kommen, ist gut f\u00fcr die Gesundheit"},"content":{"rendered":"<p><em>~19.04.2021-30.04.2021<\/em><\/p>\n<p>Soweit zumindest die Philosophie der Bulgaren. Ein Motto das ich nicht unterschreiben w\u00fcrde, wenn ich um kurz vor vier Uhr nachts, mein Taxi in Bukarest storniert bekomme, das ich eigentlich gebraucht h\u00e4tte, um meinen Bus nach Bulgarien zu erreichen. Da kann mein Stresslevel schon mal um so 470% steigen. Dass das noch so gut f\u00fcr die Gesundheit ist, bezweifle ich. Nun ja letztlich erreichte ich die Bushaltestelle noch p\u00fcnktlich genug, um mitgenommen zu werden und steckte den Kopf nicht in den Sand. Auf der zweist\u00fcndigen Fahrt bis Ruse hatte ich auch erstmal genug Zeit, mich von dem vergangenen Schrecken zu erholen und auf Sofia zu freuen.<\/p>\n<p>Da die Osterferien in Rum\u00e4nien verl\u00e4ngert wurden, hatte ich die M\u00f6glichkeit, meine Arbeit im Homeoffice zu erledigen und nochmal zur\u00fcck nach Bulgarien zu reisen. Die Strecke zwischen Ruse und Sofia kam mir inzwischen schon total bekannt vor, was meine Vorfreude auf die Stadt, die anderen Freiwilligen und die Zeit vor Ort ganz besonders steigerte. Erstmal angekommen wurde ich zwar von schlechtem Wetter begr\u00fc\u00dft, f\u00fchlte mich jedoch sofort wieder pudelwohl. In den darauffolgenden Tagen konnte ich die Stadt dann ganz in gelassen weiter erkunden.<\/p>\n<div id=\"attachment_423\" style=\"width: 310px\" class=\"wp-caption alignnone\"><a href=\"https:\/\/kulturweit.blog\/picknickmitbaeren\/files\/2021\/05\/photo5299034322734528810.jpg\"><img loading=\"lazy\" decoding=\"async\" aria-describedby=\"caption-attachment-423\" class=\"wp-image-423 size-medium\" src=\"https:\/\/kulturweit.blog\/picknickmitbaeren\/files\/2021\/05\/photo5299034322734528810-300x225.jpg\" alt=\"\" width=\"300\" height=\"225\" srcset=\"https:\/\/kulturweit.blog\/picknickmitbaeren\/files\/2021\/05\/photo5299034322734528810-300x225.jpg 300w, https:\/\/kulturweit.blog\/picknickmitbaeren\/files\/2021\/05\/photo5299034322734528810-1024x768.jpg 1024w, https:\/\/kulturweit.blog\/picknickmitbaeren\/files\/2021\/05\/photo5299034322734528810-768x576.jpg 768w, https:\/\/kulturweit.blog\/picknickmitbaeren\/files\/2021\/05\/photo5299034322734528810-624x468.jpg 624w, https:\/\/kulturweit.blog\/picknickmitbaeren\/files\/2021\/05\/photo5299034322734528810.jpg 1280w\" sizes=\"(max-width: 300px) 100vw, 300px\" \/><\/a><p id=\"caption-attachment-423\" class=\"wp-caption-text\">Die Ausstellung von Andrey Daniel in der N\u00e4he des Theaters fand ich extrem spannend mit sehr vielen inspirierenden Werken.<\/p><\/div>\n<p>Bei einer Freewalking-Tour im Zentrum erkl\u00e4rte unser Guide, dass der bulgarische Zar in den 1920er Jahren einem Anschlag auf sein Leben w\u00e4hrend eines Gottesdienstes nur entging, weil er typisch bulgarisch war. Bedeutet, er kam eben zu sp\u00e4t. Daraufhin entstand das Sprichwort, dass zu sp\u00e4t kommen gut f\u00fcr die Gesundheit sei, was mir nach der Nacht in Bukarest nur noch ein m\u00fcdes Lachen entlockte. Au\u00dferdem schieben die Bulgaren typischerweise gerne Aufgaben vor sich her. Diese Eigenschaft soll wohl dazu beigetragen haben, dass w\u00e4hrend des zweiten Weltkrieges keine j\u00fcdischen B\u00fcrger des Landes deportiert wurden.<\/p>\n<p>Ich habe das Gef\u00fchl, \u00fcber die Tage in \u0421\u043e\u0444\u0438\u044f einen noch viel intensiveren Einblick in die bulgarische Kultur erhalten zu haben, als w\u00e4hrend meines letzten Besuches. Der L\u00f6we, der als Wahrzeichen des Landes an jeder Ecke und auf den Geldscheinen zu finden ist, repr\u00e4sentiert die St\u00e4rke und Wehrhaftigkeit der Bulgaren. Zwar ist der L\u00f6we hin und wieder etwas deformiert, weil die wenigsten Bildhauer der vergangenen Jahrhunderte so ein Tier in echt gesehen hatten, doch das Symbol ist sch\u00f6n.<\/p>\n<p>Im nationalen Kunstmuseum habe ich so viele Bilder aus Plovdiv gesehen, dass ich riesige Lust bekommen habe, die Stadt kennenzulernen und an einem freien Tag mit Elias hingefahren bin. Einige der anderen Freiwilligen hatten mir vorher schon von dieser, als der sch\u00f6nsten Stadt Bulgariens berichtet, wobei ich immer nur dachte, naja, das sagt man ja irgendwie bei jedem Dorf mit Altstadt. Doch diesmal war ich echt platt.<\/p>\n<div id=\"attachment_433\" style=\"width: 310px\" class=\"wp-caption alignnone\"><a href=\"https:\/\/kulturweit.blog\/picknickmitbaeren\/files\/2021\/05\/photo5299034322734528798.jpg\"><img loading=\"lazy\" decoding=\"async\" aria-describedby=\"caption-attachment-433\" class=\"wp-image-433 size-medium\" src=\"https:\/\/kulturweit.blog\/picknickmitbaeren\/files\/2021\/05\/photo5299034322734528798-300x400.jpg\" alt=\"\" width=\"300\" height=\"400\" srcset=\"https:\/\/kulturweit.blog\/picknickmitbaeren\/files\/2021\/05\/photo5299034322734528798-300x400.jpg 300w, https:\/\/kulturweit.blog\/picknickmitbaeren\/files\/2021\/05\/photo5299034322734528798-768x1024.jpg 768w, https:\/\/kulturweit.blog\/picknickmitbaeren\/files\/2021\/05\/photo5299034322734528798-624x832.jpg 624w, https:\/\/kulturweit.blog\/picknickmitbaeren\/files\/2021\/05\/photo5299034322734528798.jpg 960w\" sizes=\"(max-width: 300px) 100vw, 300px\" \/><\/a><p id=\"caption-attachment-433\" class=\"wp-caption-text\">Wenn das nicht spannend aussieht? Die farbigen H\u00e4user und steilen Stra\u00dfen sind heute auch immernoch so zu finden.<\/p><\/div>\n<div id=\"attachment_432\" style=\"width: 310px\" class=\"wp-caption alignnone\"><a href=\"https:\/\/kulturweit.blog\/picknickmitbaeren\/files\/2021\/05\/photo5299034322734528801.jpg\"><img loading=\"lazy\" decoding=\"async\" aria-describedby=\"caption-attachment-432\" class=\"wp-image-432 size-medium\" src=\"https:\/\/kulturweit.blog\/picknickmitbaeren\/files\/2021\/05\/photo5299034322734528801-300x400.jpg\" alt=\"\" width=\"300\" height=\"400\" srcset=\"https:\/\/kulturweit.blog\/picknickmitbaeren\/files\/2021\/05\/photo5299034322734528801-300x400.jpg 300w, https:\/\/kulturweit.blog\/picknickmitbaeren\/files\/2021\/05\/photo5299034322734528801-768x1024.jpg 768w, https:\/\/kulturweit.blog\/picknickmitbaeren\/files\/2021\/05\/photo5299034322734528801-624x832.jpg 624w, https:\/\/kulturweit.blog\/picknickmitbaeren\/files\/2021\/05\/photo5299034322734528801.jpg 960w\" sizes=\"(max-width: 300px) 100vw, 300px\" \/><\/a><p id=\"caption-attachment-432\" class=\"wp-caption-text\">Neben all der sch\u00f6nen Kunst zu den h\u00fcbschesten Flecken Bulgariens, wird in der Gallerie auch die triste Geschichte des Landes abgedeckt, mit Werken aus der Zeit des Sozialismus und der Weltkriege.<\/p><\/div>\n<p>Auf angeblich sieben H\u00fcgeln erbaut erreicht man Plovdiv und betritt eine neue Welt. \u00dcberall schimmert der alte, r\u00f6mische Charme durch, der von einer 6000 j\u00e4hrigen Geschichte zeugt und Plovdiv neben der sch\u00f6nsten auch zur \u00e4ltesten Stadt Europas macht. Die Sonne entschied sich an dem Tag einen Sommervorgeschmack zu geben, was ich mit verbrannten Schultern und zu wenig eingepacktem Wasser quittierte.<\/p>\n<div id=\"attachment_428\" style=\"width: 310px\" class=\"wp-caption alignnone\"><a href=\"https:\/\/kulturweit.blog\/picknickmitbaeren\/files\/2021\/05\/photo5299034322734528805.jpg\"><img loading=\"lazy\" decoding=\"async\" aria-describedby=\"caption-attachment-428\" class=\"wp-image-428 size-medium\" src=\"https:\/\/kulturweit.blog\/picknickmitbaeren\/files\/2021\/05\/photo5299034322734528805-300x169.jpg\" alt=\"\" width=\"300\" height=\"169\" srcset=\"https:\/\/kulturweit.blog\/picknickmitbaeren\/files\/2021\/05\/photo5299034322734528805-300x169.jpg 300w, https:\/\/kulturweit.blog\/picknickmitbaeren\/files\/2021\/05\/photo5299034322734528805-768x432.jpg 768w, https:\/\/kulturweit.blog\/picknickmitbaeren\/files\/2021\/05\/photo5299034322734528805-624x351.jpg 624w, https:\/\/kulturweit.blog\/picknickmitbaeren\/files\/2021\/05\/photo5299034322734528805.jpg 1024w\" sizes=\"(max-width: 300px) 100vw, 300px\" \/><\/a><p id=\"caption-attachment-428\" class=\"wp-caption-text\">Das r\u00f6mische Theater in Plovdiv wurde laut Sch\u00e4tzungen zwischen 116 und 117 nach Chr. erbaut und ist heute immer noch sehr beeindruckend.<\/p><\/div>\n<div id=\"attachment_427\" style=\"width: 310px\" class=\"wp-caption alignnone\"><a href=\"https:\/\/kulturweit.blog\/picknickmitbaeren\/files\/2021\/05\/photo5299034322734528806.jpg\"><img loading=\"lazy\" decoding=\"async\" aria-describedby=\"caption-attachment-427\" class=\"wp-image-427 size-medium\" src=\"https:\/\/kulturweit.blog\/picknickmitbaeren\/files\/2021\/05\/photo5299034322734528806-300x533.jpg\" alt=\"\" width=\"300\" height=\"533\" srcset=\"https:\/\/kulturweit.blog\/picknickmitbaeren\/files\/2021\/05\/photo5299034322734528806-300x533.jpg 300w, https:\/\/kulturweit.blog\/picknickmitbaeren\/files\/2021\/05\/photo5299034322734528806-576x1024.jpg 576w, https:\/\/kulturweit.blog\/picknickmitbaeren\/files\/2021\/05\/photo5299034322734528806-624x1109.jpg 624w, https:\/\/kulturweit.blog\/picknickmitbaeren\/files\/2021\/05\/photo5299034322734528806.jpg 720w\" sizes=\"(max-width: 300px) 100vw, 300px\" \/><\/a><p id=\"caption-attachment-427\" class=\"wp-caption-text\">Eine von vielen steilen Gassen, die zur Handwerks- und Kunststra\u00dfe f\u00fchrt.<\/p><\/div>\n<p>\u00dcber Pflastersteine, Antiquit\u00e4tenl\u00e4den und Parks schlenderten wir durch die Stadt. In einem Gesch\u00e4ft fand ich Postkarten des letzten Jahrhunderts, die aus dem damaligen dritten Reich nach Bulgarien geschickt wurden. Leider alles auf kyrillisch. Auf einem der vielen H\u00fcgel machten wir bei alten Mauerruinen Halt. Einmal schnell nachgez\u00e4hlt kamen wir tats\u00e4chlich nur auf drei statt sieben Bergen, doch der Ausblick auf die Stadt war trotzdem wundersch\u00f6n.<\/p>\n<p>Im Museum zur Vereinigung Bulgariens bekamen wir einen Querschnitt der letzten gro\u00dfen geschichtlichen Ver\u00e4nderungen des Landes pr\u00e4sentiert, das sich erst im 19ten Jahrhundert in seiner heutigen Struktur abschlie\u00dfend zusammensetzte. Vorher waren die Grenzen fl\u00fcssig und bezogen auf der einen Seite ab und an Rum\u00e4nien, Mazedonien und Teile der T\u00fcrkei mit ein, verloren aber andererseits auch immer wieder Gebiete. Plovdiv, fr\u00fcher unter dem Namen<em> Philippopolis<\/em>, als Hauptstadt Ostromeliens bekannt, ist heute au\u00dferdem f\u00fcr die gro\u00dfe kulturelle Dichte ber\u00fchmt. Ein buntes Viertel schlie\u00dft sich dem n\u00e4chste an. An allen freien Hausw\u00e4nden gibt es gro\u00dfe, farbenfrohe Graffiti, die Stra\u00dfen sind von bl\u00fchenden B\u00e4umen ges\u00e4umt und ein Kunstmuseum reiht sich ans andere.<\/p>\n<p><a href=\"https:\/\/kulturweit.blog\/picknickmitbaeren\/files\/2021\/05\/photo5299034322734528809.jpg\"><img loading=\"lazy\" decoding=\"async\" class=\"alignnone size-medium wp-image-424\" src=\"https:\/\/kulturweit.blog\/picknickmitbaeren\/files\/2021\/05\/photo5299034322734528809-300x400.jpg\" alt=\"\" width=\"300\" height=\"400\" srcset=\"https:\/\/kulturweit.blog\/picknickmitbaeren\/files\/2021\/05\/photo5299034322734528809-300x400.jpg 300w, https:\/\/kulturweit.blog\/picknickmitbaeren\/files\/2021\/05\/photo5299034322734528809-768x1024.jpg 768w, https:\/\/kulturweit.blog\/picknickmitbaeren\/files\/2021\/05\/photo5299034322734528809-624x832.jpg 624w, https:\/\/kulturweit.blog\/picknickmitbaeren\/files\/2021\/05\/photo5299034322734528809.jpg 960w\" sizes=\"(max-width: 300px) 100vw, 300px\" \/><\/a><a href=\"https:\/\/kulturweit.blog\/picknickmitbaeren\/files\/2021\/05\/photo5299034322734528807.jpg\"><img loading=\"lazy\" decoding=\"async\" class=\"alignnone size-medium wp-image-426\" src=\"https:\/\/kulturweit.blog\/picknickmitbaeren\/files\/2021\/05\/photo5299034322734528807-300x400.jpg\" alt=\"\" width=\"300\" height=\"400\" srcset=\"https:\/\/kulturweit.blog\/picknickmitbaeren\/files\/2021\/05\/photo5299034322734528807-300x400.jpg 300w, https:\/\/kulturweit.blog\/picknickmitbaeren\/files\/2021\/05\/photo5299034322734528807-768x1024.jpg 768w, https:\/\/kulturweit.blog\/picknickmitbaeren\/files\/2021\/05\/photo5299034322734528807-624x832.jpg 624w, https:\/\/kulturweit.blog\/picknickmitbaeren\/files\/2021\/05\/photo5299034322734528807.jpg 960w\" sizes=\"(max-width: 300px) 100vw, 300px\" \/><\/a><\/p>\n<div id=\"attachment_425\" style=\"width: 310px\" class=\"wp-caption alignnone\"><a href=\"https:\/\/kulturweit.blog\/picknickmitbaeren\/files\/2021\/05\/photo5299034322734528808.jpg\"><img loading=\"lazy\" decoding=\"async\" aria-describedby=\"caption-attachment-425\" class=\"wp-image-425 size-medium\" src=\"https:\/\/kulturweit.blog\/picknickmitbaeren\/files\/2021\/05\/photo5299034322734528808-300x533.jpg\" alt=\"\" width=\"300\" height=\"533\" srcset=\"https:\/\/kulturweit.blog\/picknickmitbaeren\/files\/2021\/05\/photo5299034322734528808-300x533.jpg 300w, https:\/\/kulturweit.blog\/picknickmitbaeren\/files\/2021\/05\/photo5299034322734528808.jpg 576w\" sizes=\"(max-width: 300px) 100vw, 300px\" \/><\/a><p id=\"caption-attachment-425\" class=\"wp-caption-text\">Das ist leider kein \u00f6ffentliches Schwimmbad, sondern nur der Stadtpark. Etwas entt\u00e4uschend, weil uns nach diesem sonnigen Tag in der Stadt eine Abk\u00fchlung gut getan h\u00e4tte. Die Abendstunden waren dennoch traumhaft, mit der langsam untergehenden Sonne.<\/p><\/div>\n<p>Zur\u00fcck in Sofia sammelten sich weitere Highlights.<\/p>\n<p>Mit Bele, einer anderen Freiwilligen und ihrem Freund Max, wanderten wir bei phantastischem Wetter zu den Boyana-Wasserf\u00e4llen am Vitosha, dem pendant zur Zinne in Bra\u0219ov. Oben lag zum Teil noch Schnee und das tauende Eis schwemmte die d\u00fcnnen Pfade davon. Bei den Kletterpartien, auf der Suche nach festem Grund, hatten wir unseren Spa\u00df und spielten eine ziemlich schwere Runde <em>Wer bin ich?, <\/em>bevor wir an den Wasserf\u00e4llen eine Picknickpause einlegten. Max wagte sich f\u00fcr eine Dusche unter den eiskalten Wasserstrom, woraufhin wir beim Weitergehen an einem sonnigen Aussichtspunkt stoppten und uns aufw\u00e4rmten.<\/p>\n<div id=\"attachment_431\" style=\"width: 310px\" class=\"wp-caption alignnone\"><a href=\"https:\/\/kulturweit.blog\/picknickmitbaeren\/files\/2021\/05\/photo5299034322734528802.jpg\"><img loading=\"lazy\" decoding=\"async\" aria-describedby=\"caption-attachment-431\" class=\"wp-image-431 size-medium\" src=\"https:\/\/kulturweit.blog\/picknickmitbaeren\/files\/2021\/05\/photo5299034322734528802-300x533.jpg\" alt=\"\" width=\"300\" height=\"533\" srcset=\"https:\/\/kulturweit.blog\/picknickmitbaeren\/files\/2021\/05\/photo5299034322734528802-300x533.jpg 300w, https:\/\/kulturweit.blog\/picknickmitbaeren\/files\/2021\/05\/photo5299034322734528802-576x1024.jpg 576w, https:\/\/kulturweit.blog\/picknickmitbaeren\/files\/2021\/05\/photo5299034322734528802-624x1109.jpg 624w, https:\/\/kulturweit.blog\/picknickmitbaeren\/files\/2021\/05\/photo5299034322734528802.jpg 720w\" sizes=\"(max-width: 300px) 100vw, 300px\" \/><\/a><p id=\"caption-attachment-431\" class=\"wp-caption-text\">Die Bulgarienflagge steht hier selbstverst\u00e4ndlich auch wieder in voller Pracht und eignet sich besonders gut f\u00fcr Erinnerungsfotos.<\/p><\/div>\n<p>Wieder am Fu\u00dfe des Berges waren wir alle ziemlich ersch\u00f6pft, machten aber noch einen Abstecher zum Boyanakloster. Dank der mittelalterlichen bulgarisch-orthodoxen Fresken, als UNESCO-Weltkulturerbe gelistet, bekamen wir exakte 10 Minuten, von einer winzigen, gelben Eieruhr abgemessen, um die kleine Kirche zu besichtigen. Die Wandmalereien waren wirklich sehr faszinierend und unheimlich gut erhalten. Selbst die Gesichtsausdr\u00fccke der vergangenen Herrscher und Regenten des Landes waren zumeist sehr gut erkennbar.<\/p>\n<div id=\"attachment_430\" style=\"width: 310px\" class=\"wp-caption alignnone\"><a href=\"https:\/\/kulturweit.blog\/picknickmitbaeren\/files\/2021\/05\/photo5299034322734528803.jpg\"><img loading=\"lazy\" decoding=\"async\" aria-describedby=\"caption-attachment-430\" class=\"wp-image-430 size-medium\" src=\"https:\/\/kulturweit.blog\/picknickmitbaeren\/files\/2021\/05\/photo5299034322734528803-300x400.jpg\" alt=\"\" width=\"300\" height=\"400\" srcset=\"https:\/\/kulturweit.blog\/picknickmitbaeren\/files\/2021\/05\/photo5299034322734528803-300x400.jpg 300w, https:\/\/kulturweit.blog\/picknickmitbaeren\/files\/2021\/05\/photo5299034322734528803-768x1024.jpg 768w, https:\/\/kulturweit.blog\/picknickmitbaeren\/files\/2021\/05\/photo5299034322734528803-624x832.jpg 624w, https:\/\/kulturweit.blog\/picknickmitbaeren\/files\/2021\/05\/photo5299034322734528803.jpg 960w\" sizes=\"(max-width: 300px) 100vw, 300px\" \/><\/a><p id=\"caption-attachment-430\" class=\"wp-caption-text\">Ein kleiner Ausschnitt aus der Klosterkirche, mit den sch\u00f6nen Fresken.<\/p><\/div>\n<p>Auch in Sofia schaffte ich es jetzt mal in eine Synagoge, wobei mir zugleich der Eintritt in die vielen Moscheen verwehrt blieb, da zu der Zeit der Fastenmonat Ramadan lief.<\/p>\n<div id=\"attachment_434\" style=\"width: 310px\" class=\"wp-caption alignnone\"><a href=\"https:\/\/kulturweit.blog\/picknickmitbaeren\/files\/2021\/05\/photo5299034322734528797.jpg\"><img loading=\"lazy\" decoding=\"async\" aria-describedby=\"caption-attachment-434\" class=\"wp-image-434 size-medium\" src=\"https:\/\/kulturweit.blog\/picknickmitbaeren\/files\/2021\/05\/photo5299034322734528797-300x533.jpg\" alt=\"\" width=\"300\" height=\"533\" srcset=\"https:\/\/kulturweit.blog\/picknickmitbaeren\/files\/2021\/05\/photo5299034322734528797-300x533.jpg 300w, https:\/\/kulturweit.blog\/picknickmitbaeren\/files\/2021\/05\/photo5299034322734528797-576x1024.jpg 576w, https:\/\/kulturweit.blog\/picknickmitbaeren\/files\/2021\/05\/photo5299034322734528797-624x1109.jpg 624w, https:\/\/kulturweit.blog\/picknickmitbaeren\/files\/2021\/05\/photo5299034322734528797.jpg 720w\" sizes=\"(max-width: 300px) 100vw, 300px\" \/><\/a><p id=\"caption-attachment-434\" class=\"wp-caption-text\">Daf\u00fcr lohnte sich die bunte und reich verzierte Synagoge umso mehr und hinterlie\u00df einen bleibenden Eindruck bei mir.<\/p><\/div>\n<div id=\"attachment_435\" style=\"width: 310px\" class=\"wp-caption alignnone\"><a href=\"https:\/\/kulturweit.blog\/picknickmitbaeren\/files\/2021\/05\/photo5299034322734528796.jpg\"><img loading=\"lazy\" decoding=\"async\" aria-describedby=\"caption-attachment-435\" class=\"wp-image-435 size-medium\" src=\"https:\/\/kulturweit.blog\/picknickmitbaeren\/files\/2021\/05\/photo5299034322734528796-300x400.jpg\" alt=\"\" width=\"300\" height=\"400\" srcset=\"https:\/\/kulturweit.blog\/picknickmitbaeren\/files\/2021\/05\/photo5299034322734528796-300x400.jpg 300w, https:\/\/kulturweit.blog\/picknickmitbaeren\/files\/2021\/05\/photo5299034322734528796-624x832.jpg 624w, https:\/\/kulturweit.blog\/picknickmitbaeren\/files\/2021\/05\/photo5299034322734528796.jpg 768w\" sizes=\"(max-width: 300px) 100vw, 300px\" \/><\/a><p id=\"caption-attachment-435\" class=\"wp-caption-text\">Manchmal muss man in Sofia ein bisschen suchen, um die versteckten Orte zu finden, wie zum Beispiel diese, von Wohnblogs umgebene Kirche.<\/p><\/div>\n<p>Auch sehr lohnenswert empfand ich den Blick auf Sofia von oben. Bei der Wanderung am Vitosha, der sich auf dem folgenden Bild am rechten Rand erstreckt, konnten wir schon etwas von der Stadt erkennen, doch direkt aus dem Zentrum ging das nat\u00fcrlich noch besser. W\u00e4hrend es gewitterte und zahllose Blitze auf die H\u00e4user niedergingen, konnten wir das Schauspiel ganz gelassen von oben beobachten. Eine richtig gute Mischung, aus Naturschauspiel und Gro\u00dfstadt.<\/p>\n<p><a href=\"https:\/\/kulturweit.blog\/picknickmitbaeren\/files\/2021\/05\/photo5299034322734528812.jpg\"><img loading=\"lazy\" decoding=\"async\" class=\"alignnone size-medium wp-image-421\" src=\"https:\/\/kulturweit.blog\/picknickmitbaeren\/files\/2021\/05\/photo5299034322734528812-300x533.jpg\" alt=\"\" width=\"300\" height=\"533\" srcset=\"https:\/\/kulturweit.blog\/picknickmitbaeren\/files\/2021\/05\/photo5299034322734528812-300x533.jpg 300w, https:\/\/kulturweit.blog\/picknickmitbaeren\/files\/2021\/05\/photo5299034322734528812-576x1024.jpg 576w, https:\/\/kulturweit.blog\/picknickmitbaeren\/files\/2021\/05\/photo5299034322734528812-624x1109.jpg 624w, https:\/\/kulturweit.blog\/picknickmitbaeren\/files\/2021\/05\/photo5299034322734528812.jpg 720w\" sizes=\"(max-width: 300px) 100vw, 300px\" \/><\/a><\/p>\n<p>Bei dem guten Wetter, verbrachten wir auch so viel Zeit wie m\u00f6glich im Park, zum lesen oder uns mit Freunden treffen.<\/p>\n<p>Sofia wirkt f\u00fcr mich, durch das sehr geordnete Zentrum auch gar nicht so gro\u00df und vergleichsweise \u00fcbersichtlich. Alles ist gut zu Fu\u00df erreichbar, die H\u00e4user sind sehr sch\u00f6n restauriert und der bulgarische Flair kommt dennoch \u00fcberall durch. Ich habe mich glaube ich echt noch mehr in die Stadt verliebt, \u00fcber die vergangen Tage hier. Ich genie\u00dfe es, zu wissen, wo ich lang muss, um von <em>a<\/em> nach <em>b<\/em> zu gelangen, dass die Besitzer des kleinen Caf\u00e9s an der Ecke schon wissen, was ich gerne m\u00f6chte und dass ich h\u00f6llisch aufpassen muss, auf dem B\u00fcrgersteig nicht einfach in eines, der vielen, tiefen Schlagl\u00f6cher zu fallen.<\/p>\n<div id=\"attachment_422\" style=\"width: 310px\" class=\"wp-caption alignnone\"><a href=\"https:\/\/kulturweit.blog\/picknickmitbaeren\/files\/2021\/05\/photo5299034322734528811.jpg\"><img loading=\"lazy\" decoding=\"async\" aria-describedby=\"caption-attachment-422\" class=\"wp-image-422 size-medium\" src=\"https:\/\/kulturweit.blog\/picknickmitbaeren\/files\/2021\/05\/photo5299034322734528811-300x400.jpg\" alt=\"\" width=\"300\" height=\"400\" srcset=\"https:\/\/kulturweit.blog\/picknickmitbaeren\/files\/2021\/05\/photo5299034322734528811-300x400.jpg 300w, https:\/\/kulturweit.blog\/picknickmitbaeren\/files\/2021\/05\/photo5299034322734528811-768x1024.jpg 768w, https:\/\/kulturweit.blog\/picknickmitbaeren\/files\/2021\/05\/photo5299034322734528811-624x832.jpg 624w, https:\/\/kulturweit.blog\/picknickmitbaeren\/files\/2021\/05\/photo5299034322734528811.jpg 960w\" sizes=\"(max-width: 300px) 100vw, 300px\" \/><\/a><p id=\"caption-attachment-422\" class=\"wp-caption-text\">Bei diesem tollen Wetter bleibt einem auch kaum etwas anderes \u00fcbrig, als die Sonne zu genie\u00dfen.<\/p><\/div>\n<p>Am Nachmittag meines letzten Tages in \u0421\u043e\u0444\u0438\u044f passierten dann noch einige witzige Zuf\u00e4lle. Als wir gerade in einer kleinen Gruppe auf der Wiese im Dr. Garden lagen und Spiele spielten, kam ein Mann zu uns r\u00fcber und erkl\u00e4rte ganz fasziniert, dass wir aussahen, wie ein Kunstwerk. Er selbst sei Fotograf und es w\u00fcrde ihn in den Fingern jucken, Bilder von uns zu machen. Kein Thema, wann bekommt man schonmal die Chance zu professioneller Kunst zu werden?<\/p>\n<div id=\"attachment_441\" style=\"width: 310px\" class=\"wp-caption alignnone\"><a href=\"https:\/\/kulturweit.blog\/picknickmitbaeren\/files\/2021\/05\/photo5299034322734528830.jpg\"><img loading=\"lazy\" decoding=\"async\" aria-describedby=\"caption-attachment-441\" class=\"wp-image-441 size-medium\" src=\"https:\/\/kulturweit.blog\/picknickmitbaeren\/files\/2021\/05\/photo5299034322734528830-300x240.jpg\" alt=\"\" width=\"300\" height=\"240\" srcset=\"https:\/\/kulturweit.blog\/picknickmitbaeren\/files\/2021\/05\/photo5299034322734528830-300x240.jpg 300w, https:\/\/kulturweit.blog\/picknickmitbaeren\/files\/2021\/05\/photo5299034322734528830-1024x818.jpg 1024w, https:\/\/kulturweit.blog\/picknickmitbaeren\/files\/2021\/05\/photo5299034322734528830-768x614.jpg 768w, https:\/\/kulturweit.blog\/picknickmitbaeren\/files\/2021\/05\/photo5299034322734528830-624x499.jpg 624w, https:\/\/kulturweit.blog\/picknickmitbaeren\/files\/2021\/05\/photo5299034322734528830.jpg 1080w\" sizes=\"(max-width: 300px) 100vw, 300px\" \/><\/a><p id=\"caption-attachment-441\" class=\"wp-caption-text\">Ein wahres Meisterwerk der Kunstgeschichte.<\/p><\/div>\n<p>Der n\u00e4chste lie\u00df auch nicht lang auf sich warten. Keine zehn Minuten sp\u00e4ter erkl\u00e4rte uns ein ziemlich verloren wirkender Bulgare, dass er sich dringend bei jemandem entschuldigen m\u00fcsse und unsere Hilfe ben\u00f6tige. Er hatte Plakate, das passende Outfit und Blumen im Gep\u00e4ck und wir mussten uns nur noch dekorativ um ihn herum arrangieren.<\/p>\n<div id=\"attachment_420\" style=\"width: 310px\" class=\"wp-caption alignnone\"><a href=\"https:\/\/kulturweit.blog\/picknickmitbaeren\/files\/2021\/05\/photo5299034322734528814.jpg\"><img loading=\"lazy\" decoding=\"async\" aria-describedby=\"caption-attachment-420\" class=\"wp-image-420 size-medium\" src=\"https:\/\/kulturweit.blog\/picknickmitbaeren\/files\/2021\/05\/photo5299034322734528814-300x169.jpg\" alt=\"\" width=\"300\" height=\"169\" srcset=\"https:\/\/kulturweit.blog\/picknickmitbaeren\/files\/2021\/05\/photo5299034322734528814-300x169.jpg 300w, https:\/\/kulturweit.blog\/picknickmitbaeren\/files\/2021\/05\/photo5299034322734528814-768x432.jpg 768w, https:\/\/kulturweit.blog\/picknickmitbaeren\/files\/2021\/05\/photo5299034322734528814-624x351.jpg 624w, https:\/\/kulturweit.blog\/picknickmitbaeren\/files\/2021\/05\/photo5299034322734528814.jpg 1024w\" sizes=\"(max-width: 300px) 100vw, 300px\" \/><\/a><p id=\"caption-attachment-420\" class=\"wp-caption-text\">Ich kann garnicht sagen, welches Bild ich lieber mag, aber beide Fotos, die an diesem Nachmittag im Park entstanden sind, kann man eigentlich schon repr\u00e4sentativ f\u00fcr die vergangenen zwei Wochen in Bulgarien sehen.<\/p><\/div>\n<p>Mit einer Zugfahrt am folgenden Morgen, endete mein Aufenthalt in der Hauptstadt Bulgariens schon wieder viel zu schnell, doch zumindest ging es vorerst nicht nach Rum\u00e4nien zur\u00fcck, sondern weiter, in das sch\u00f6ne Varna am schwarzen Meer.<\/p>\n","protected":false},"excerpt":{"rendered":"<p>~19.04.2021-30.04.2021 Soweit zumindest die Philosophie der Bulgaren. Ein Motto das ich nicht unterschreiben w\u00fcrde, wenn ich um kurz vor vier Uhr nachts, mein Taxi in Bukarest storniert bekomme, das ich eigentlich gebraucht h\u00e4tte, um meinen Bus nach Bulgarien zu erreichen. Da kann mein Stresslevel schon mal um so 470% steigen. Dass das noch so gut [&hellip;]<\/p>\n","protected":false},"author":2885,"featured_media":0,"comment_status":"open","ping_status":"open","sticky":false,"template":"","format":"standard","meta":{"footnotes":""},"categories":[21],"tags":[],"class_list":["post-385","post","type-post","status-publish","format-standard","hentry","category-allgemein"],"amp_enabled":true,"_links":{"self":[{"href":"https:\/\/kulturweit.blog\/picknickmitbaeren\/wp-json\/wp\/v2\/posts\/385"}],"collection":[{"href":"https:\/\/kulturweit.blog\/picknickmitbaeren\/wp-json\/wp\/v2\/posts"}],"about":[{"href":"https:\/\/kulturweit.blog\/picknickmitbaeren\/wp-json\/wp\/v2\/types\/post"}],"author":[{"embeddable":true,"href":"https:\/\/kulturweit.blog\/picknickmitbaeren\/wp-json\/wp\/v2\/users\/2885"}],"replies":[{"embeddable":true,"href":"https:\/\/kulturweit.blog\/picknickmitbaeren\/wp-json\/wp\/v2\/comments?post=385"}],"version-history":[{"count":3,"href":"https:\/\/kulturweit.blog\/picknickmitbaeren\/wp-json\/wp\/v2\/posts\/385\/revisions"}],"predecessor-version":[{"id":501,"href":"https:\/\/kulturweit.blog\/picknickmitbaeren\/wp-json\/wp\/v2\/posts\/385\/revisions\/501"}],"wp:attachment":[{"href":"https:\/\/kulturweit.blog\/picknickmitbaeren\/wp-json\/wp\/v2\/media?parent=385"}],"wp:term":[{"taxonomy":"category","embeddable":true,"href":"https:\/\/kulturweit.blog\/picknickmitbaeren\/wp-json\/wp\/v2\/categories?post=385"},{"taxonomy":"post_tag","embeddable":true,"href":"https:\/\/kulturweit.blog\/picknickmitbaeren\/wp-json\/wp\/v2\/tags?post=385"}],"curies":[{"name":"wp","href":"https:\/\/api.w.org\/{rel}","templated":true}]}}