{"id":340,"date":"2021-05-07T17:16:39","date_gmt":"2021-05-07T15:16:39","guid":{"rendered":"https:\/\/kulturweit.blog\/picknickmitbaeren\/?p=340"},"modified":"2021-06-25T17:55:32","modified_gmt":"2021-06-25T15:55:32","slug":"das-leben-ist-eben-manchmal-doch-ein-ponyhof","status":"publish","type":"post","link":"https:\/\/kulturweit.blog\/picknickmitbaeren\/2021\/05\/07\/das-leben-ist-eben-manchmal-doch-ein-ponyhof\/","title":{"rendered":"Das Leben ist eben manchmal doch ein Ponyhof"},"content":{"rendered":"<p><em>~02.04.2021-04.04.2021<\/em><\/p>\n<p>In der Nacht vom ersten auf den zweiten April starteten unsere Osterferien mit einem kleinen Abenteuer. Wie ein versp\u00e4teter schlechter Aprilscherz musste ich um kurz nach drei Uhr nachts feststellen, dass unser BlablaCar-Fahrer die Fahrt mit uns storniert und vergebens versucht hatte mich zu erreichen. Kein Wunder, bei der Uhrzeit. Etwas in Panik rufe ich ihn zur\u00fcck. Es stellt sich heraus, dass sein Auto leider nicht durch die historischen Stra\u00dfen Bra\u0219ovs fahren darf und es f\u00fcr ihn keine Chance gab zu uns zu gelangen. Kritisch. Zu dem Zeitpunkt herrschte noch die n\u00e4chtliche Ausgangssperre, weshalb wir auch nicht zu ihm gehen konnten. Noch w\u00e4hrend des Telefonats mit Ionut, unserem Fahrer, schaltete sich die Polizei seinerseits ein und erkl\u00e4rte sich bereit ihn zu unserem Standort zu eskortieren.<\/p>\n<p>Ein skurriles Bild, als dann pl\u00f6tzlich der Polizeiwagen samt zweier m\u00fcder Polizisten und dem Kurierwagen von Ionut durch das Stadttor rollten, um Johanna und mich abzuholen. Immerhin verlief daraufhin alles reibungslos. Mit dauerhaft mindestens 50 km\/h \u00fcber der Geschwindigkeitsbeschr\u00e4nkung donnerten wir gen Norden. Auf dem Weg nach Suceava, der normalerweise nie in unter f\u00fcnf Stunden zu bew\u00e4ltigen w\u00e4re, wollte unser BlablaCar-Fahrer wohl einen neuen, pers\u00f6nlichen Rekord aufstellen. W\u00e4hrend der Fahrt konnten wir der Sonne beim Aufgehen zuschauen und sahen diverse kleine, bunte Ansiedlungen, mit rauchenden Kaminen. Ein Fahrradfahrer fuhr in schlingernden Linien an einer orthodoxen Kirche vorbei und verlor beinahe die Kontrolle \u00fcber sein Rad, als er sich standardm\u00e4\u00dfig bekreuzigt. Klassiker.<\/p>\n<p>In Vorbereitung auf das was uns in Suceava wohl erwarten w\u00fcrde, schauten wir in den Blogeintrag von Fynn zu seiner Reise in die Bukowina rein. <a href=\"https:\/\/kulturweit.blog\/notizenausderwalachei\/2021\/01\/18\/suceava-das-saarland-rumaeniens\/\">(https:\/\/kulturweit.blog\/notizenausderwalachei\/2021\/01\/18\/suceava-das-saarland-rumaeniens\/<\/a>) Dabei zieht er gleich zu Beginn den Vergleich von Suceava mit dem Saarland. Jojo und ich mussten beide herzlich lachen und versuchten daraufhin trotz der gesch\u00fcrten Vorurteile unvoreingenommen die Stadt kennenzulernen. Das Wetter hat immerhin mehr oder weniger mitgespielt und wir trafen uns gleich darauf mit Marie, die in der n\u00e4chst kleineren Stadt hier in der Gegend ebenfalls von Kulturweit als Freiwillige eingesetzt ist. Mit ihr und einer Gruppe Sch\u00fcler zusammen fuhren wir erstmal jede Menge Tierfutter und Medikamente einkaufen, um daraufhin ein Tierheim zu besuchen.<\/p>\n<div id=\"attachment_345\" style=\"width: 310px\" class=\"wp-caption alignnone\"><a href=\"https:\/\/kulturweit.blog\/picknickmitbaeren\/files\/2021\/04\/photo5211100175928504779.jpg\"><img loading=\"lazy\" decoding=\"async\" aria-describedby=\"caption-attachment-345\" class=\"wp-image-345 size-medium\" src=\"https:\/\/kulturweit.blog\/picknickmitbaeren\/files\/2021\/04\/photo5211100175928504779-300x225.jpg\" alt=\"\" width=\"300\" height=\"225\" srcset=\"https:\/\/kulturweit.blog\/picknickmitbaeren\/files\/2021\/04\/photo5211100175928504779-300x225.jpg 300w, https:\/\/kulturweit.blog\/picknickmitbaeren\/files\/2021\/04\/photo5211100175928504779-1024x768.jpg 1024w, https:\/\/kulturweit.blog\/picknickmitbaeren\/files\/2021\/04\/photo5211100175928504779-768x576.jpg 768w, https:\/\/kulturweit.blog\/picknickmitbaeren\/files\/2021\/04\/photo5211100175928504779-624x468.jpg 624w, https:\/\/kulturweit.blog\/picknickmitbaeren\/files\/2021\/04\/photo5211100175928504779.jpg 1280w\" sizes=\"(max-width: 300px) 100vw, 300px\" \/><\/a><p id=\"caption-attachment-345\" class=\"wp-caption-text\">Wir stehen hier sch\u00f6n vor dem wundersch\u00f6nen Stadtschild Suceavas.<\/p><\/div>\n<p>Das Heim finanziert sich praktisch ausschlie\u00dflich aus Spenden und \u00fcber Freiwillige, weshalb die Leiterin extrem froh war, als unser bunter Trupp ankam. Genauso gl\u00fccklich waren die mehrere Dutzend Hunde, die uns teils schwanzwedelnd, bellend, knurrend oder mit aufgestellten Ohren begr\u00fc\u00dften. Ich finde es nach wie vor sehr stark, dass die Gruppe von Sch\u00fclern sich regelm\u00e4\u00dfig daf\u00fcr einsetzt und Geld zusammen tr\u00e4gt, um diese und \u00e4hnliche Auffangstationen zu unterst\u00fctzen und zu besuchen. Dennoch war es auch eine traurige Situation zu sehen, wie viele teils abgemagerte und kranke Hunde hier existierten, die durch die mangelnde Hilfe nicht die Pflege bekommen k\u00f6nnen, die sie eigentlich ben\u00f6tigen w\u00fcrden.<\/p>\n<p><a href=\"https:\/\/kulturweit.blog\/picknickmitbaeren\/files\/2021\/04\/photo5211100175928504788.jpg\"><img loading=\"lazy\" decoding=\"async\" class=\"alignnone size-medium wp-image-346\" src=\"https:\/\/kulturweit.blog\/picknickmitbaeren\/files\/2021\/04\/photo5211100175928504788-300x225.jpg\" alt=\"\" width=\"300\" height=\"225\" srcset=\"https:\/\/kulturweit.blog\/picknickmitbaeren\/files\/2021\/04\/photo5211100175928504788-300x225.jpg 300w, https:\/\/kulturweit.blog\/picknickmitbaeren\/files\/2021\/04\/photo5211100175928504788-1024x768.jpg 1024w, https:\/\/kulturweit.blog\/picknickmitbaeren\/files\/2021\/04\/photo5211100175928504788-768x576.jpg 768w, https:\/\/kulturweit.blog\/picknickmitbaeren\/files\/2021\/04\/photo5211100175928504788-624x468.jpg 624w, https:\/\/kulturweit.blog\/picknickmitbaeren\/files\/2021\/04\/photo5211100175928504788.jpg 1280w\" sizes=\"(max-width: 300px) 100vw, 300px\" \/><\/a><\/p>\n<p>Tierisch ging es dann noch weiter, als wir in R\u0103d\u0103u\u021bi (Maries Einsatzstelle) ankamen und von einer \u00dcberbev\u00f6lkerung Raben und Kr\u00e4hen begr\u00fc\u00dft wurden, die an jeder Ecke in den Baumkronen sa\u00dfen. Dementsprechend laut war auch ihr Kr\u00e4hen zu h\u00f6ren. Langsam trudelte noch der Rest unserer kleinen Gruppe ein, die sich f\u00fcr Ostern gefunden hat als Marie und Jakob aus Ia\u0219i ebenfalls ankamen. Wir machten es uns in Maries Wohnung mit selbstgemachten Burgern gem\u00fctlich und nutzten den Abend dazu, uns alle erstmal ein bisschen kennen zu lernen. Unser Samstagmorgen begann daraufhin mit einem Besuch des gro\u00dfen Marktes in R\u0103d\u0103u\u021bi, auf dem wir neben ganz viel Obst und Gem\u00fcse auch die traditionellen Ostereier der Bukowina fanden.<\/p>\n<div id=\"attachment_358\" style=\"width: 310px\" class=\"wp-caption alignnone\"><a href=\"https:\/\/kulturweit.blog\/picknickmitbaeren\/files\/2021\/05\/photo5238203936417100980.jpg\"><img loading=\"lazy\" decoding=\"async\" aria-describedby=\"caption-attachment-358\" class=\"wp-image-358 size-medium\" src=\"https:\/\/kulturweit.blog\/picknickmitbaeren\/files\/2021\/05\/photo5238203936417100980-300x225.jpg\" alt=\"\" width=\"300\" height=\"225\" srcset=\"https:\/\/kulturweit.blog\/picknickmitbaeren\/files\/2021\/05\/photo5238203936417100980-300x225.jpg 300w, https:\/\/kulturweit.blog\/picknickmitbaeren\/files\/2021\/05\/photo5238203936417100980-1024x768.jpg 1024w, https:\/\/kulturweit.blog\/picknickmitbaeren\/files\/2021\/05\/photo5238203936417100980-768x576.jpg 768w, https:\/\/kulturweit.blog\/picknickmitbaeren\/files\/2021\/05\/photo5238203936417100980-624x468.jpg 624w, https:\/\/kulturweit.blog\/picknickmitbaeren\/files\/2021\/05\/photo5238203936417100980.jpg 1280w\" sizes=\"(max-width: 300px) 100vw, 300px\" \/><\/a><p id=\"caption-attachment-358\" class=\"wp-caption-text\">In ganz vielen bunten Farben verkleidet wurden uns die Eier stolz pr\u00e4sentiert. Die auf den ersten Blick wie mit B\u00fcgelperlen besetzten Eierschalen m\u00fcssen wirklich unheimlich viel Arbeit gemacht haben.<\/p><\/div>\n<p>Im Anschluss daran wollten wir das Pensum an Tierzeit weiter ausdehnen und fuhren in das rum\u00e4nische Hinterland zu einem Bauernhof. Trotz grauer Wolkendecke und schlammigen Autopisten kamen wir hochmotiviert an und lernten sogleich unsere Pferde f\u00fcr den Ausritt kennen. Zugegebenerma\u00dfen handelte es sich bei unserem Vorhaben ein bisschen um ein Experiment. Jojo, Marie und ich sa\u00dfen das letzte Mal vor sehr langer Zeit auf einem Pferder\u00fccken und Jakobs Erfahrungen beschr\u00e4nkten sich auf unsere kargen Erz\u00e4hlungen. Als einzige wusste die ortsans\u00e4ssige Marie so wirklich was zu tun war. Nichts desto trotz starteten wir mit Striegel und Sattel so professionell wie m\u00f6glich. Nepal, mein Pferd, gab mir allerdings ziemlich bald darauf Bescheid, wie gering sein Interesse an einem Ausritt bei Nieselregen war, als er sich, nachdem er fertig gesattelt war, in die tiefste Ecke seiner Box verzog. Kein Wunder, dass er nach unseren ersten Runden auf der Koppel, auf direktem Weg mit mir zur\u00fcck in den Stall trabte, wo er sich vermutlich frisches Heu und Ruhe erhoffte.<\/p>\n<p><a href=\"https:\/\/kulturweit.blog\/picknickmitbaeren\/files\/2021\/05\/photo5238203936417100981.jpg\"><img loading=\"lazy\" decoding=\"async\" class=\"alignnone size-medium wp-image-357\" src=\"https:\/\/kulturweit.blog\/picknickmitbaeren\/files\/2021\/05\/photo5238203936417100981-300x225.jpg\" alt=\"\" width=\"300\" height=\"225\" srcset=\"https:\/\/kulturweit.blog\/picknickmitbaeren\/files\/2021\/05\/photo5238203936417100981-300x225.jpg 300w, https:\/\/kulturweit.blog\/picknickmitbaeren\/files\/2021\/05\/photo5238203936417100981-1024x768.jpg 1024w, https:\/\/kulturweit.blog\/picknickmitbaeren\/files\/2021\/05\/photo5238203936417100981-768x576.jpg 768w, https:\/\/kulturweit.blog\/picknickmitbaeren\/files\/2021\/05\/photo5238203936417100981-624x468.jpg 624w, https:\/\/kulturweit.blog\/picknickmitbaeren\/files\/2021\/05\/photo5238203936417100981.jpg 1280w\" sizes=\"(max-width: 300px) 100vw, 300px\" \/><\/a><\/p>\n<p>Aber nicht mit mir, dachte ich, denn so leicht wollte ich nicht aufgeben! Den Machtkampf zwischen uns beiden verlor ich jedoch sp\u00e4testens, als er beschloss auf halber Strecke, als wir mit den anderen auf dem Feld waren, stiften zu gehen und zum Hof zur\u00fcckkehren zu wollen. Ein bisschen nerv\u00f6s lachend meinte unser Reitlehrer, dass Nepal einfach einen sehr faulen und sturen Charakter habe und tauschte mein Pferd mit seinem. Mein neues Pferd war der Bruder von Nepal, der zumindest ein Bisschen besser folgte, aber sich spontan dem Ausbruch von Maries Pferd anschloss, als dieses ebenfalls in den Stall zur\u00fcckkehren wollte. Am Ende des Tages konnten wir aber sehr dar\u00fcber lachen und hatten trotz einiger Fauxpas eine gute Zeit und ein unvergessliches Erlebnis gehabt.<\/p>\n<p>Den Ostersonntag starteten wir mit einer gro\u00dfen Runde Pfannkuchen (genau, keine Eierkuchen), sowie einer wilden Mischung an Bel\u00e4gen.<\/p>\n<p><a href=\"https:\/\/kulturweit.blog\/picknickmitbaeren\/files\/2021\/05\/photo5238203936417100982.jpg\"><img loading=\"lazy\" decoding=\"async\" class=\"alignnone size-medium wp-image-356\" src=\"https:\/\/kulturweit.blog\/picknickmitbaeren\/files\/2021\/05\/photo5238203936417100982-300x533.jpg\" alt=\"\" width=\"300\" height=\"533\" srcset=\"https:\/\/kulturweit.blog\/picknickmitbaeren\/files\/2021\/05\/photo5238203936417100982-300x533.jpg 300w, https:\/\/kulturweit.blog\/picknickmitbaeren\/files\/2021\/05\/photo5238203936417100982-576x1024.jpg 576w, https:\/\/kulturweit.blog\/picknickmitbaeren\/files\/2021\/05\/photo5238203936417100982-624x1109.jpg 624w, https:\/\/kulturweit.blog\/picknickmitbaeren\/files\/2021\/05\/photo5238203936417100982.jpg 720w\" sizes=\"(max-width: 300px) 100vw, 300px\" \/><\/a><\/p>\n<p>Daraufhin fuhren wir erstmal zum Kloster Arbore, das ca. 25 km von Suceava entfernt liegt. Es geh\u00f6rt gemeinsam mit den anderen bekannten Kl\u00f6stern der Bukowina zur Hauptsehensw\u00fcrdigkeit der Region und ist einen Besuch allemale wert!<\/p>\n<div id=\"attachment_355\" style=\"width: 310px\" class=\"wp-caption alignnone\"><a href=\"https:\/\/kulturweit.blog\/picknickmitbaeren\/files\/2021\/05\/photo5238203936417100983.jpg\"><img loading=\"lazy\" decoding=\"async\" aria-describedby=\"caption-attachment-355\" class=\"wp-image-355 size-medium\" src=\"https:\/\/kulturweit.blog\/picknickmitbaeren\/files\/2021\/05\/photo5238203936417100983-300x400.jpg\" alt=\"\" width=\"300\" height=\"400\" srcset=\"https:\/\/kulturweit.blog\/picknickmitbaeren\/files\/2021\/05\/photo5238203936417100983-300x400.jpg 300w, https:\/\/kulturweit.blog\/picknickmitbaeren\/files\/2021\/05\/photo5238203936417100983-624x832.jpg 624w, https:\/\/kulturweit.blog\/picknickmitbaeren\/files\/2021\/05\/photo5238203936417100983.jpg 768w\" sizes=\"(max-width: 300px) 100vw, 300px\" \/><\/a><p id=\"caption-attachment-355\" class=\"wp-caption-text\">Leider konnten wir das Innere des Klosters nicht besichtigen, doch schon von Au\u00dfen gab es sehr viel zu entdecken.<\/p><\/div>\n<p>\u00dcber die Au\u00dfenfassade verteilt kann man wundersch\u00f6ne Fresken aus dem fr\u00fchen 16. Jahrhundert sehen, die sich mit biblischen Geschichten, wie der Sch\u00f6pfung der Welt und den verschiedenen Heiligen besch\u00e4ftigen.<\/p>\n<p><a href=\"https:\/\/kulturweit.blog\/picknickmitbaeren\/files\/2021\/05\/photo5238203936417100984.jpg\"><img loading=\"lazy\" decoding=\"async\" class=\"alignnone size-medium wp-image-354\" src=\"https:\/\/kulturweit.blog\/picknickmitbaeren\/files\/2021\/05\/photo5238203936417100984-300x400.jpg\" alt=\"\" width=\"300\" height=\"400\" srcset=\"https:\/\/kulturweit.blog\/picknickmitbaeren\/files\/2021\/05\/photo5238203936417100984-300x400.jpg 300w, https:\/\/kulturweit.blog\/picknickmitbaeren\/files\/2021\/05\/photo5238203936417100984-768x1024.jpg 768w, https:\/\/kulturweit.blog\/picknickmitbaeren\/files\/2021\/05\/photo5238203936417100984-624x832.jpg 624w, https:\/\/kulturweit.blog\/picknickmitbaeren\/files\/2021\/05\/photo5238203936417100984.jpg 960w\" sizes=\"(max-width: 300px) 100vw, 300px\" \/><\/a><a href=\"https:\/\/kulturweit.blog\/picknickmitbaeren\/files\/2021\/05\/photo52111001759285047801.jpg\"><img loading=\"lazy\" decoding=\"async\" class=\"alignnone size-medium wp-image-353\" src=\"https:\/\/kulturweit.blog\/picknickmitbaeren\/files\/2021\/05\/photo52111001759285047801-300x400.jpg\" alt=\"\" width=\"300\" height=\"400\" srcset=\"https:\/\/kulturweit.blog\/picknickmitbaeren\/files\/2021\/05\/photo52111001759285047801-300x400.jpg 300w, https:\/\/kulturweit.blog\/picknickmitbaeren\/files\/2021\/05\/photo52111001759285047801-768x1024.jpg 768w, https:\/\/kulturweit.blog\/picknickmitbaeren\/files\/2021\/05\/photo52111001759285047801-624x832.jpg 624w, https:\/\/kulturweit.blog\/picknickmitbaeren\/files\/2021\/05\/photo52111001759285047801.jpg 960w\" sizes=\"(max-width: 300px) 100vw, 300px\" \/><\/a><\/p>\n<p>Jeder von uns suchte sich daraufhin ein Lieblingsbild von den Malereien aus. Schnell stellten wir fest, dass wir alle die Ironie der Hinrichtungsdarstellungen sehr makaber fanden. Auf der einen Seite, wird in nahezu jedem Bild der gleiche Heilige, der total entspannt wirkt, exekutiert, wobei auf der anderen jedes Mal eine Gruppe weiterer Figuren steht und sich ber\u00e4t, wie sie ihm wahrscheinlich noch effektiver den Garaus machen k\u00f6nnen. Aber vor allem die sch\u00f6nen t\u00fcrkisen Farben und das rote Raster zur Abgrenzung, haben mir sehr gut gefallen.<\/p>\n<p>Davon ausgehend ging es weiter zur Salzmine in Cacica. Anders als die Miene in Turda wurde diese hier nicht zu einem gigantischen Freizeitpark umgestaltet und wir konnten neben einer kleinen Kapelle, einem unterirdischen See auch jede Menge alter Sch\u00e4chte und Hallen besichtigen. Die Luft wurde, je tiefer wir in den Bau vordrangen, modriger und stickiger und die G\u00e4nge wurden mit jedem Meter in die Tiefe \u00e4lter.<\/p>\n<div id=\"attachment_351\" style=\"width: 310px\" class=\"wp-caption alignnone\"><a href=\"https:\/\/kulturweit.blog\/picknickmitbaeren\/files\/2021\/05\/photo5238203936417100986.jpg\"><img loading=\"lazy\" decoding=\"async\" aria-describedby=\"caption-attachment-351\" class=\"wp-image-351 size-medium\" src=\"https:\/\/kulturweit.blog\/picknickmitbaeren\/files\/2021\/05\/photo5238203936417100986-300x400.jpg\" alt=\"\" width=\"300\" height=\"400\" srcset=\"https:\/\/kulturweit.blog\/picknickmitbaeren\/files\/2021\/05\/photo5238203936417100986-300x400.jpg 300w, https:\/\/kulturweit.blog\/picknickmitbaeren\/files\/2021\/05\/photo5238203936417100986-768x1024.jpg 768w, https:\/\/kulturweit.blog\/picknickmitbaeren\/files\/2021\/05\/photo5238203936417100986-624x832.jpg 624w, https:\/\/kulturweit.blog\/picknickmitbaeren\/files\/2021\/05\/photo5238203936417100986.jpg 960w\" sizes=\"(max-width: 300px) 100vw, 300px\" \/><\/a><p id=\"caption-attachment-351\" class=\"wp-caption-text\">Die G\u00e4nge sehen hier wirklich so aus, als w\u00fcrden sie kein Ende nehmen.<\/p><\/div>\n<div id=\"attachment_350\" style=\"width: 310px\" class=\"wp-caption alignnone\"><a href=\"https:\/\/kulturweit.blog\/picknickmitbaeren\/files\/2021\/05\/photo5238203936417100987.jpg\"><img loading=\"lazy\" decoding=\"async\" aria-describedby=\"caption-attachment-350\" class=\"wp-image-350 size-medium\" src=\"https:\/\/kulturweit.blog\/picknickmitbaeren\/files\/2021\/05\/photo5238203936417100987-300x145.jpg\" alt=\"\" width=\"300\" height=\"145\" srcset=\"https:\/\/kulturweit.blog\/picknickmitbaeren\/files\/2021\/05\/photo5238203936417100987-300x145.jpg 300w, https:\/\/kulturweit.blog\/picknickmitbaeren\/files\/2021\/05\/photo5238203936417100987-1024x496.jpg 1024w, https:\/\/kulturweit.blog\/picknickmitbaeren\/files\/2021\/05\/photo5238203936417100987-768x372.jpg 768w, https:\/\/kulturweit.blog\/picknickmitbaeren\/files\/2021\/05\/photo5238203936417100987-624x302.jpg 624w, https:\/\/kulturweit.blog\/picknickmitbaeren\/files\/2021\/05\/photo5238203936417100987.jpg 1280w\" sizes=\"(max-width: 300px) 100vw, 300px\" \/><\/a><p id=\"caption-attachment-350\" class=\"wp-caption-text\">Der unterirdische See der Miene wies lauter Salzkristalle auf der Oberfl\u00e4che auf, die dort schwammen und das Licht der Scheinwerfer zur\u00fcck warfen.<\/p><\/div>\n<p>Irgendwie war ich da auch wieder ganz froh, als wir nach einer guten Stunde unbeschadet von unserem Rundgang aufstiegen und an der frischen Luft durchatmen konnten. Ich will mir garnicht vorstellen wie der Arbeitsalltag der Minenarbeiter ausgesehen haben muss, als hier noch Betrieb war und dass die Bedingungen heutzutage an anderen Orten der Welt nicht wirklich besser sind&#8230;<\/p>\n<p>Um auf andere Gedanken zu kommen und das Osterwochenende noch entsprechend ausklingen zu lassen, bemalten wir gemeinsam mehrere Eier in bunten Farben. Au\u00dferdem wollte ich mal wieder Laufen gehen, wof\u00fcr ich mich den rum\u00e4nischen Gepflogenheiten anschloss und zu einem riesigen Stadion am Stadtrand ging. Das ist hier typisch und man sieht tats\u00e4chlich auch nur sehr wenige Menschen in den Parks joggen, sondern meistens in den daf\u00fcr vorgesehenen Laufstrecken. Im Falle von R\u0103d\u0103u\u021bi wurde ich nat\u00fcrlich von lautem Kr\u00e4hengeschrei begleitet.<\/p>\n<p>Daraufhin endete unsere Zeit in der Bukowina schon und wir brachen am n\u00e4chsten Morgen mit Jakob und Marie in deren Stadt Ia\u0219i auf.<\/p>\n<p>Achso und warum das Leben doch ein Ponyhof ist? Vermutlich einfach nur, weil ich mich so sehr gefreut habe, nach all den Jahren mal wieder reiten zu k\u00f6nnen und wir somit eine richtig sch\u00f6ne Erfahrung und ein einmaliges Ostern hatten. Auch wenn die Pferde des Ponnyhofes nicht wirklich motiviert waren.<\/p>\n","protected":false},"excerpt":{"rendered":"<p>~02.04.2021-04.04.2021 In der Nacht vom ersten auf den zweiten April starteten unsere Osterferien mit einem kleinen Abenteuer. Wie ein versp\u00e4teter schlechter Aprilscherz musste ich um kurz nach drei Uhr nachts feststellen, dass unser BlablaCar-Fahrer die Fahrt mit uns storniert und vergebens versucht hatte mich zu erreichen. Kein Wunder, bei der Uhrzeit. Etwas in Panik rufe [&hellip;]<\/p>\n","protected":false},"author":2885,"featured_media":0,"comment_status":"open","ping_status":"open","sticky":false,"template":"","format":"standard","meta":{"footnotes":""},"categories":[21],"tags":[],"class_list":["post-340","post","type-post","status-publish","format-standard","hentry","category-allgemein"],"amp_enabled":true,"_links":{"self":[{"href":"https:\/\/kulturweit.blog\/picknickmitbaeren\/wp-json\/wp\/v2\/posts\/340"}],"collection":[{"href":"https:\/\/kulturweit.blog\/picknickmitbaeren\/wp-json\/wp\/v2\/posts"}],"about":[{"href":"https:\/\/kulturweit.blog\/picknickmitbaeren\/wp-json\/wp\/v2\/types\/post"}],"author":[{"embeddable":true,"href":"https:\/\/kulturweit.blog\/picknickmitbaeren\/wp-json\/wp\/v2\/users\/2885"}],"replies":[{"embeddable":true,"href":"https:\/\/kulturweit.blog\/picknickmitbaeren\/wp-json\/wp\/v2\/comments?post=340"}],"version-history":[{"count":4,"href":"https:\/\/kulturweit.blog\/picknickmitbaeren\/wp-json\/wp\/v2\/posts\/340\/revisions"}],"predecessor-version":[{"id":505,"href":"https:\/\/kulturweit.blog\/picknickmitbaeren\/wp-json\/wp\/v2\/posts\/340\/revisions\/505"}],"wp:attachment":[{"href":"https:\/\/kulturweit.blog\/picknickmitbaeren\/wp-json\/wp\/v2\/media?parent=340"}],"wp:term":[{"taxonomy":"category","embeddable":true,"href":"https:\/\/kulturweit.blog\/picknickmitbaeren\/wp-json\/wp\/v2\/categories?post=340"},{"taxonomy":"post_tag","embeddable":true,"href":"https:\/\/kulturweit.blog\/picknickmitbaeren\/wp-json\/wp\/v2\/tags?post=340"}],"curies":[{"name":"wp","href":"https:\/\/api.w.org\/{rel}","templated":true}]}}