{"id":339,"date":"2021-05-20T18:11:59","date_gmt":"2021-05-20T16:11:59","guid":{"rendered":"https:\/\/kulturweit.blog\/picknickmitbaeren\/?p=339"},"modified":"2021-06-25T17:52:20","modified_gmt":"2021-06-25T15:52:20","slug":"20-stunden-im-zug-und-eine-hoehlenexpedition","status":"publish","type":"post","link":"https:\/\/kulturweit.blog\/picknickmitbaeren\/2021\/05\/20\/20-stunden-im-zug-und-eine-hoehlenexpedition\/","title":{"rendered":"20 Stunden im Zug und eine H\u00f6hlenexpedition"},"content":{"rendered":"<p>~<em>15.04.2021-18.04.2021<\/em><\/p>\n<p>Zitat des Ausflugs: <em>,,Spaziergang auf H\u00fcgel auf Suche nach H\u00f6hle&#8220; <\/em>(Eine wundervolle doppelte Alliteration)<em><br \/>\n<\/em><\/p>\n<p>\u0218uncuiu\u0219. Man wei\u00df, dass man wom\u00f6glich die japanische Adaption eines ungarischen Gulasches auf der Speisekarte entdeckt hat, oder es das richtige, rum\u00e4nische Dorf ist, um seine Wanderung zu beginnen. Auf uns traf eher letzteres zu, als Nicole, Klara (beide als Freiwillige in Oradea eingesetzt), Jojo und ich mit dem langsamsten Regio Rum\u00e4niens, am gef\u00fchlt kleinsten Bahnhof des Landes ankamen.<\/p>\n<p><a href=\"https:\/\/kulturweit.blog\/picknickmitbaeren\/files\/2021\/05\/photo5269640000352400756.jpg\"><img loading=\"lazy\" decoding=\"async\" class=\"alignnone size-medium wp-image-398\" src=\"https:\/\/kulturweit.blog\/picknickmitbaeren\/files\/2021\/05\/photo5269640000352400756-300x400.jpg\" alt=\"\" width=\"300\" height=\"400\" srcset=\"https:\/\/kulturweit.blog\/picknickmitbaeren\/files\/2021\/05\/photo5269640000352400756-300x400.jpg 300w, https:\/\/kulturweit.blog\/picknickmitbaeren\/files\/2021\/05\/photo5269640000352400756-624x832.jpg 624w, https:\/\/kulturweit.blog\/picknickmitbaeren\/files\/2021\/05\/photo5269640000352400756.jpg 768w\" sizes=\"(max-width: 300px) 100vw, 300px\" \/><\/a><\/p>\n<p>Beim durchstreifen des winzigen Ortes, konnte ich meine Begeisterung \u00fcber die ganzen typischen Besonderheiten der Gegend schwer in Zaum halten. Frei herumlaufende H\u00fchner. Ein zugewachsener Brunnen. Eine alte Dame, die messersch\u00e4rfend vor ihrem Haus sitzt und uns Fremde misstrauisch be\u00e4ugt. Noch mehr H\u00fchner und jede Menge kleiner, bunter H\u00e4user. Hin und wieder bellt ein verunsicherter Haus- und H\u00fctehund.<\/p>\n<p>Meine Romantisierung lag zum einen an der tats\u00e4chlichen Sch\u00f6nheit der Gegend, zum anderen Wahrscheinlich an meiner sich nachziehenden \u00dcberm\u00fcdung der letzten Tage. Nachdem wir von unserem weiten Trip aus dem Donaudelta zur\u00fcckgekehrt waren, hatten wir eine (sehr) kurze Verschnaufpause in Bra\u0219ov, woraufhin wir in der Nacht vom 15. auf den 16. April wieder mit gepackten Sachen im Zug sa\u00dfen. Unser Ziel: Oradea.<\/p>\n<p>Die rund 200.000 Einwohner Stadt liegt im Westen des Landes, nahe der ungarischen Grenze. Die Fahrt dauerte knapp zehn Stunden, bis wir am n\u00e4chsten Morgen am Bahnhof ankamen. Zur Begr\u00fc\u00dfung des Tages erst mal eine Pl\u0103cint\u0103, die sich aus der Gegend hier als besonders gut erwies. Daran schlossen wir auf unserem Weg zu Nicoles Wohnung eine Runde Yoga im <em>Bishop Schlauch L\u0151rinc Park<\/em> an, der in diesen fr\u00fchen Morgenstunden noch wie ausgestorben war, um unsere zusammengestauchten Knochen von der Nacht im Zug zu entspannen.<\/p>\n<div id=\"attachment_388\" style=\"width: 310px\" class=\"wp-caption alignnone\"><a href=\"https:\/\/kulturweit.blog\/picknickmitbaeren\/files\/2021\/05\/photo5269640000352400746.jpg\"><img loading=\"lazy\" decoding=\"async\" aria-describedby=\"caption-attachment-388\" class=\"wp-image-388 size-medium\" src=\"https:\/\/kulturweit.blog\/picknickmitbaeren\/files\/2021\/05\/photo5269640000352400746-300x225.jpg\" alt=\"\" width=\"300\" height=\"225\" srcset=\"https:\/\/kulturweit.blog\/picknickmitbaeren\/files\/2021\/05\/photo5269640000352400746-300x225.jpg 300w, https:\/\/kulturweit.blog\/picknickmitbaeren\/files\/2021\/05\/photo5269640000352400746-768x576.jpg 768w, https:\/\/kulturweit.blog\/picknickmitbaeren\/files\/2021\/05\/photo5269640000352400746-624x468.jpg 624w, https:\/\/kulturweit.blog\/picknickmitbaeren\/files\/2021\/05\/photo5269640000352400746.jpg 1024w\" sizes=\"(max-width: 300px) 100vw, 300px\" \/><\/a><p id=\"caption-attachment-388\" class=\"wp-caption-text\">Unsere Begleiter in abgestufter Gr\u00f6\u00dfe, w\u00e4hrend wir die Zeit f\u00fcr etwas Bewegung nutzten.<\/p><\/div>\n<div id=\"attachment_389\" style=\"width: 310px\" class=\"wp-caption alignnone\"><a href=\"https:\/\/kulturweit.blog\/picknickmitbaeren\/files\/2021\/05\/photo5269640000352400747.jpg\"><img loading=\"lazy\" decoding=\"async\" aria-describedby=\"caption-attachment-389\" class=\"wp-image-389 size-medium\" src=\"https:\/\/kulturweit.blog\/picknickmitbaeren\/files\/2021\/05\/photo5269640000352400747-300x144.jpg\" alt=\"\" width=\"300\" height=\"144\" srcset=\"https:\/\/kulturweit.blog\/picknickmitbaeren\/files\/2021\/05\/photo5269640000352400747-300x144.jpg 300w, https:\/\/kulturweit.blog\/picknickmitbaeren\/files\/2021\/05\/photo5269640000352400747-1024x492.jpg 1024w, https:\/\/kulturweit.blog\/picknickmitbaeren\/files\/2021\/05\/photo5269640000352400747-768x369.jpg 768w, https:\/\/kulturweit.blog\/picknickmitbaeren\/files\/2021\/05\/photo5269640000352400747-624x300.jpg 624w, https:\/\/kulturweit.blog\/picknickmitbaeren\/files\/2021\/05\/photo5269640000352400747.jpg 1280w\" sizes=\"(max-width: 300px) 100vw, 300px\" \/><\/a><p id=\"caption-attachment-389\" class=\"wp-caption-text\">Die Fassade des Palatul Episkopal, von lauter bl\u00fchenden Kirschb\u00e4umen ges\u00e4umt.<\/p><\/div>\n<p>Bei Nicole angekommen, war die Freude \u00fcber unser Wiedersehen erstmal sehr gro\u00df und es gab bei einer guten Tasse Kaffee jede Menge zu erz\u00e4hlen. Daraufhin begannen Johanna und ich einen Spaziergang durch die Innenstadt. Auch hier, so viel zu entdecken. Die Stadt wieder unvergleichbar mit allen anderen St\u00e4dten, die ich bisher besucht habe. Der Cri\u0219ul Repede teilt sie in zwei ziemlich gleich gro\u00dfe Teile. In der Innenstadt wird der Fluss unter einer modernen Br\u00fccke gestaut und verbindet die beiden getrennten Altstadtkerne miteinander.<\/p>\n<p><a href=\"https:\/\/kulturweit.blog\/picknickmitbaeren\/files\/2021\/05\/photo5269640000352400754.jpg\"><img loading=\"lazy\" decoding=\"async\" class=\"alignnone size-medium wp-image-396\" src=\"https:\/\/kulturweit.blog\/picknickmitbaeren\/files\/2021\/05\/photo5269640000352400754-300x145.jpg\" alt=\"\" width=\"300\" height=\"145\" srcset=\"https:\/\/kulturweit.blog\/picknickmitbaeren\/files\/2021\/05\/photo5269640000352400754-300x145.jpg 300w, https:\/\/kulturweit.blog\/picknickmitbaeren\/files\/2021\/05\/photo5269640000352400754-1024x496.jpg 1024w, https:\/\/kulturweit.blog\/picknickmitbaeren\/files\/2021\/05\/photo5269640000352400754-768x372.jpg 768w, https:\/\/kulturweit.blog\/picknickmitbaeren\/files\/2021\/05\/photo5269640000352400754-624x302.jpg 624w, https:\/\/kulturweit.blog\/picknickmitbaeren\/files\/2021\/05\/photo5269640000352400754.jpg 1280w\" sizes=\"(max-width: 300px) 100vw, 300px\" \/><\/a><\/p>\n<p>Auf der einen Seite erreichten wir den pr\u00e4chtigen Marktplatz der Stadt. Mehrere dutzend Geb\u00e4ude im Jugendstil reihen sich hier aneinander, eins sch\u00f6ner als das andere. Die Mondkirche zeigt, \u00e4hnlich wie der Stundturm in Sighi\u0219oara, den Besuchern die aktuelle Mondphase an. Von innen ist es eine klassisch orthodoxe Kirche, in einem immer noch barocken Stil. Daneben reihten sich noch jede Menge weitere Kirchen, orthodox und katholisch, sowie eine Synagoge an den Pia\u021ba Unirii an.<\/p>\n<p><a href=\"https:\/\/kulturweit.blog\/picknickmitbaeren\/files\/2021\/05\/photo5269640000352400755.jpg\"><img loading=\"lazy\" decoding=\"async\" class=\"alignnone size-medium wp-image-397\" src=\"https:\/\/kulturweit.blog\/picknickmitbaeren\/files\/2021\/05\/photo5269640000352400755-300x145.jpg\" alt=\"\" width=\"300\" height=\"145\" srcset=\"https:\/\/kulturweit.blog\/picknickmitbaeren\/files\/2021\/05\/photo5269640000352400755-300x145.jpg 300w, https:\/\/kulturweit.blog\/picknickmitbaeren\/files\/2021\/05\/photo5269640000352400755-1024x496.jpg 1024w, https:\/\/kulturweit.blog\/picknickmitbaeren\/files\/2021\/05\/photo5269640000352400755-768x372.jpg 768w, https:\/\/kulturweit.blog\/picknickmitbaeren\/files\/2021\/05\/photo5269640000352400755-624x302.jpg 624w, https:\/\/kulturweit.blog\/picknickmitbaeren\/files\/2021\/05\/photo5269640000352400755.jpg 1280w\" sizes=\"(max-width: 300px) 100vw, 300px\" \/><\/a><\/p>\n<p>Letztere besuchten wir ganz begeistert. Seit mindestens vier Monaten versuchen wir nun schon in jede vorhandene Synagoge zu gelangen, wohin wir auch kommen. Allerdings haben diese <em>immer <\/em>geschlossen oder sind nicht f\u00fcr Besucher zug\u00e4nglich. Dieser Fluch hat sich nun in Oradea wohl verfl\u00fcchtigt.<\/p>\n<p><a href=\"https:\/\/kulturweit.blog\/picknickmitbaeren\/files\/2021\/05\/photo5269640000352400751.jpg\"><img loading=\"lazy\" decoding=\"async\" class=\"alignnone size-medium wp-image-393\" src=\"https:\/\/kulturweit.blog\/picknickmitbaeren\/files\/2021\/05\/photo5269640000352400751-300x144.jpg\" alt=\"\" width=\"300\" height=\"144\" srcset=\"https:\/\/kulturweit.blog\/picknickmitbaeren\/files\/2021\/05\/photo5269640000352400751-300x144.jpg 300w, https:\/\/kulturweit.blog\/picknickmitbaeren\/files\/2021\/05\/photo5269640000352400751-1024x492.jpg 1024w, https:\/\/kulturweit.blog\/picknickmitbaeren\/files\/2021\/05\/photo5269640000352400751-768x369.jpg 768w, https:\/\/kulturweit.blog\/picknickmitbaeren\/files\/2021\/05\/photo5269640000352400751-624x300.jpg 624w, https:\/\/kulturweit.blog\/picknickmitbaeren\/files\/2021\/05\/photo5269640000352400751.jpg 1280w\" sizes=\"(max-width: 300px) 100vw, 300px\" \/><\/a><\/p>\n<p>Das riesige Bauwerk wird seit den 90er Jahren nicht mehr f\u00fcr religi\u00f6se Rituale genutzt und dient als Ausstellungshalle f\u00fcr K\u00fcnstler. Blickt man nach oben erwartet einen riesige Kuppel, die man auch schon von Au\u00dfen auf lange Entfernung erkennen kann. Der Raum ist lichtdurchflutet und die Farben rot, blau und gelb dominieren, alle in Pastellt\u00f6nen. Wir waren ganz alleine und konnten jedes Stockwerk in aller Ruhe erkunden. Danach entdeckten wir noch eines der wichtigsten Wahrzeichen Oradeas: Die Einkaufspassage zum Schwarzen Adler.<\/p>\n<p>\u00dcberdacht kann man hier ganz entspannt durch L\u00e4den bummeln, selbst wenn drau\u00dfen gerade die Welt am untergehen ist. Bevor wir uns mit Nicole und Klara trafen besichtigten wir noch eine Hand voll weiterer Kirchen und die sternf\u00f6rmig angelegte Festung.<\/p>\n<div id=\"attachment_391\" style=\"width: 310px\" class=\"wp-caption alignnone\"><a href=\"https:\/\/kulturweit.blog\/picknickmitbaeren\/files\/2021\/05\/photo52696400003524007491.jpg\"><img loading=\"lazy\" decoding=\"async\" aria-describedby=\"caption-attachment-391\" class=\"wp-image-391 size-medium\" src=\"https:\/\/kulturweit.blog\/picknickmitbaeren\/files\/2021\/05\/photo52696400003524007491-e1621410735781-300x420.jpg\" alt=\"\" width=\"300\" height=\"420\" srcset=\"https:\/\/kulturweit.blog\/picknickmitbaeren\/files\/2021\/05\/photo52696400003524007491-e1621410735781-300x420.jpg 300w, https:\/\/kulturweit.blog\/picknickmitbaeren\/files\/2021\/05\/photo52696400003524007491-e1621410735781.jpg 620w\" sizes=\"(max-width: 300px) 100vw, 300px\" \/><\/a><p id=\"caption-attachment-391\" class=\"wp-caption-text\">Wer kann den schwarzen Adler finden?<\/p><\/div>\n<p>Daraufhin hatten wir noch genug Zeit, um durch die zweite H\u00e4lfte der Stadt zu laufen, das gro\u00dfe Theater, wundersch\u00f6ne Stra\u00dfen und die wichtigsten Dichter und Denker der Gegend zu sehen.<\/p>\n<div id=\"attachment_395\" style=\"width: 310px\" class=\"wp-caption alignnone\"><a href=\"https:\/\/kulturweit.blog\/picknickmitbaeren\/files\/2021\/05\/photo5269640000352400753.jpg\"><img loading=\"lazy\" decoding=\"async\" aria-describedby=\"caption-attachment-395\" class=\"wp-image-395 size-medium\" src=\"https:\/\/kulturweit.blog\/picknickmitbaeren\/files\/2021\/05\/photo5269640000352400753-300x145.jpg\" alt=\"\" width=\"300\" height=\"145\" srcset=\"https:\/\/kulturweit.blog\/picknickmitbaeren\/files\/2021\/05\/photo5269640000352400753-300x145.jpg 300w, https:\/\/kulturweit.blog\/picknickmitbaeren\/files\/2021\/05\/photo5269640000352400753-1024x496.jpg 1024w, https:\/\/kulturweit.blog\/picknickmitbaeren\/files\/2021\/05\/photo5269640000352400753-768x372.jpg 768w, https:\/\/kulturweit.blog\/picknickmitbaeren\/files\/2021\/05\/photo5269640000352400753-624x302.jpg 624w, https:\/\/kulturweit.blog\/picknickmitbaeren\/files\/2021\/05\/photo5269640000352400753.jpg 1280w\" sizes=\"(max-width: 300px) 100vw, 300px\" \/><\/a><p id=\"caption-attachment-395\" class=\"wp-caption-text\">Die gro\u00dfen Denker(Innen) des Landes<\/p><\/div>\n<p>Zum Abschluss unserer Entdeckungstour gingen wir auf den n\u00e4chsten H\u00fcgel \u00fcber der Stadt, bevor wir unseren ersten Tag in Oradea in aller Ruhe zu viert ausklingen lie\u00dfen.<\/p>\n<p>Unsere Wanderung am n\u00e4chsten Tag zwang uns, vergleichsweise fr\u00fch aufzustehen, um den Zug in Richtung Cluj bekommen zu k\u00f6nnen. Wir schmierten uns ein paar gute Kulturweitbrote (also klassisch mit Hummus) und packten unsere Rucks\u00e4cke mit Snacks voll. Denn wenn wir eins gelernt haben, dann dass die meisten Wanderungen nur so gut sind, wie ihr Picknick. Von \u0218uncuiu\u0219 starteten wir die Tour und liefen entlang des Cri\u0219ul Repede durch steile Felsklippen, entlang waghalsiger H\u00e4ngebr\u00fccken, bis zur H\u00f6hle <em>Unguru Mare.<br \/>\n<\/em><\/p>\n<p><a href=\"https:\/\/kulturweit.blog\/picknickmitbaeren\/files\/2021\/05\/photo5269640000352400757.jpg\"><img loading=\"lazy\" decoding=\"async\" class=\"alignnone size-medium wp-image-399\" src=\"https:\/\/kulturweit.blog\/picknickmitbaeren\/files\/2021\/05\/photo5269640000352400757-300x400.jpg\" alt=\"\" width=\"300\" height=\"400\" srcset=\"https:\/\/kulturweit.blog\/picknickmitbaeren\/files\/2021\/05\/photo5269640000352400757-300x400.jpg 300w, https:\/\/kulturweit.blog\/picknickmitbaeren\/files\/2021\/05\/photo5269640000352400757-624x832.jpg 624w, https:\/\/kulturweit.blog\/picknickmitbaeren\/files\/2021\/05\/photo5269640000352400757.jpg 768w\" sizes=\"(max-width: 300px) 100vw, 300px\" \/><\/a><\/p>\n<p>Das Wasser am Fluss war eiskalt und die rostige Br\u00fccke schaukelte sehr verd\u00e4chtig, als wir sie \u00fcberquerten, um zum Eingang zu gelangen. Nicht sehr vertrauenserweckend. Doch das Bisschen Aufregung war es wert. Die H\u00f6hle zog sich tief ins Innere des Felsen. Von der Decke hingen Stalaktiten, dick wie Baumst\u00e4mme und Wasser tropfte im Takt auf den Boden. Wir mussten uns zum Teil mit unseren Handys den Weg ausleuchten, um bei den unebenen Steinen nicht hinzufallen. Sehr faszinierend waren auch die B\u00e4che, die sich durch die Steine gefr\u00e4st hatten und \u00fcbergittert begehbar gemacht wurden.<\/p>\n<div id=\"attachment_409\" style=\"width: 310px\" class=\"wp-caption alignnone\"><a href=\"https:\/\/kulturweit.blog\/picknickmitbaeren\/files\/2021\/05\/photo5273906384641045511.jpg\"><img loading=\"lazy\" decoding=\"async\" aria-describedby=\"caption-attachment-409\" class=\"wp-image-409 size-medium\" src=\"https:\/\/kulturweit.blog\/picknickmitbaeren\/files\/2021\/05\/photo5273906384641045511-300x400.jpg\" alt=\"\" width=\"300\" height=\"400\" srcset=\"https:\/\/kulturweit.blog\/picknickmitbaeren\/files\/2021\/05\/photo5273906384641045511-300x400.jpg 300w, https:\/\/kulturweit.blog\/picknickmitbaeren\/files\/2021\/05\/photo5273906384641045511-624x832.jpg 624w, https:\/\/kulturweit.blog\/picknickmitbaeren\/files\/2021\/05\/photo5273906384641045511.jpg 768w\" sizes=\"(max-width: 300px) 100vw, 300px\" \/><\/a><p id=\"caption-attachment-409\" class=\"wp-caption-text\">Im Hintergrund ist der Eingang zur H\u00f6hle zu sehen. Der Fluss zieht ganz unbeeindruckt daran vorbei.<\/p><\/div>\n<div id=\"attachment_410\" style=\"width: 310px\" class=\"wp-caption alignnone\"><a href=\"https:\/\/kulturweit.blog\/picknickmitbaeren\/files\/2021\/05\/photo5269640000352400759.jpg\"><img loading=\"lazy\" decoding=\"async\" aria-describedby=\"caption-attachment-410\" class=\"wp-image-410 size-medium\" src=\"https:\/\/kulturweit.blog\/picknickmitbaeren\/files\/2021\/05\/photo5269640000352400759-300x225.jpg\" alt=\"\" width=\"300\" height=\"225\" srcset=\"https:\/\/kulturweit.blog\/picknickmitbaeren\/files\/2021\/05\/photo5269640000352400759-300x225.jpg 300w, https:\/\/kulturweit.blog\/picknickmitbaeren\/files\/2021\/05\/photo5269640000352400759-1024x768.jpg 1024w, https:\/\/kulturweit.blog\/picknickmitbaeren\/files\/2021\/05\/photo5269640000352400759-768x576.jpg 768w, https:\/\/kulturweit.blog\/picknickmitbaeren\/files\/2021\/05\/photo5269640000352400759-624x468.jpg 624w, https:\/\/kulturweit.blog\/picknickmitbaeren\/files\/2021\/05\/photo5269640000352400759.jpg 1280w\" sizes=\"(max-width: 300px) 100vw, 300px\" \/><\/a><p id=\"caption-attachment-410\" class=\"wp-caption-text\">Wer k\u00f6nnte das nur alles sein?<\/p><\/div>\n<p>Nach unserem Picknick wollten wir in eine weitere H\u00f6hle. Suchten diese schlauerweise auf einem Berg. Scheiterten und kehrten nach \u0218uncuiu\u0219 zur\u00fcck. Sehr viel Zeit blieb auch garnicht mehr und wir fuhren nach Oradea, von wo aus Johanna und ich unsere Sachen packten, die besten selbstgemachten Burger probieren durften und mit dem Zug zur\u00fcck nach Bra\u0219ov fuhren. Mit im Gep\u00e4ck nun wieder die Erinnerung an ganz viel gemeinsames Lachen und das wundersch\u00f6ne Oradea.<\/p>\n","protected":false},"excerpt":{"rendered":"<p>~15.04.2021-18.04.2021 Zitat des Ausflugs: ,,Spaziergang auf H\u00fcgel auf Suche nach H\u00f6hle&#8220; (Eine wundervolle doppelte Alliteration) \u0218uncuiu\u0219. Man wei\u00df, dass man wom\u00f6glich die japanische Adaption eines ungarischen Gulasches auf der Speisekarte entdeckt hat, oder es das richtige, rum\u00e4nische Dorf ist, um seine Wanderung zu beginnen. Auf uns traf eher letzteres zu, als Nicole, Klara (beide als [&hellip;]<\/p>\n","protected":false},"author":2885,"featured_media":0,"comment_status":"open","ping_status":"open","sticky":false,"template":"","format":"standard","meta":{"footnotes":""},"categories":[21],"tags":[],"class_list":["post-339","post","type-post","status-publish","format-standard","hentry","category-allgemein"],"amp_enabled":true,"_links":{"self":[{"href":"https:\/\/kulturweit.blog\/picknickmitbaeren\/wp-json\/wp\/v2\/posts\/339"}],"collection":[{"href":"https:\/\/kulturweit.blog\/picknickmitbaeren\/wp-json\/wp\/v2\/posts"}],"about":[{"href":"https:\/\/kulturweit.blog\/picknickmitbaeren\/wp-json\/wp\/v2\/types\/post"}],"author":[{"embeddable":true,"href":"https:\/\/kulturweit.blog\/picknickmitbaeren\/wp-json\/wp\/v2\/users\/2885"}],"replies":[{"embeddable":true,"href":"https:\/\/kulturweit.blog\/picknickmitbaeren\/wp-json\/wp\/v2\/comments?post=339"}],"version-history":[{"count":3,"href":"https:\/\/kulturweit.blog\/picknickmitbaeren\/wp-json\/wp\/v2\/posts\/339\/revisions"}],"predecessor-version":[{"id":502,"href":"https:\/\/kulturweit.blog\/picknickmitbaeren\/wp-json\/wp\/v2\/posts\/339\/revisions\/502"}],"wp:attachment":[{"href":"https:\/\/kulturweit.blog\/picknickmitbaeren\/wp-json\/wp\/v2\/media?parent=339"}],"wp:term":[{"taxonomy":"category","embeddable":true,"href":"https:\/\/kulturweit.blog\/picknickmitbaeren\/wp-json\/wp\/v2\/categories?post=339"},{"taxonomy":"post_tag","embeddable":true,"href":"https:\/\/kulturweit.blog\/picknickmitbaeren\/wp-json\/wp\/v2\/tags?post=339"}],"curies":[{"name":"wp","href":"https:\/\/api.w.org\/{rel}","templated":true}]}}