{"id":3,"date":"2020-10-31T16:35:21","date_gmt":"2020-10-31T15:35:21","guid":{"rendered":"https:\/\/kulturweit.blog\/picknickmitbaeren\/?p=3"},"modified":"2020-11-26T07:34:46","modified_gmt":"2020-11-26T06:34:46","slug":"buna-ziua-brasov","status":"publish","type":"post","link":"https:\/\/kulturweit.blog\/picknickmitbaeren\/2020\/10\/31\/buna-ziua-brasov\/","title":{"rendered":"Bun\u0103 ziua Bra\u0219ov!"},"content":{"rendered":"<p>Hallo zusammen!<\/p>\n<p>Zwar befinde ich mich weder auf dem Appalachian Trail, noch ist mein Weggef\u00e4hrte Robert Redford, aber ein Picknick mit B\u00e4ren scheint dennoch garnicht so unwahrscheinlich!<\/p>\n<p>Das haben mir zumindest Reisef\u00fchrer und Berichte aus dem Internet in der Vorbereitung auf meine Zeit in Rum\u00e4nien wirksam glauben machen wollen, weshalb ich mich etwas unbedarft bei meiner Ansprechperson Carol, nach der Notwendigkeit eines B\u00e4rengl\u00f6ckchens erkundigte.<\/p>\n<p>An seiner Reaktion gemessen, wurde mir die Realit\u00e4t des rum\u00e4nischen Alltags schnell bewusst, die sehr fern von meiner damaligen Vorstellung der wilden Natur, mit einer Menge B\u00e4ren und W\u00f6lfen lag. Johanna, meine Mitfreiwillige und -bewohnerin hier in Brasov und Karla (https:\/\/kulturweit.blog\/dieshumenshow\/), die gerade ihr FSJ in Bulgarien macht, nutzen meinen Geburtstag als Vorwand dennoch gnadenlos aus, um mich bis zu meiner Ausreise mit einem passenden Gl\u00f6ckchen zu versehen.<\/p>\n<p>Daraufhin gut ausgestattet stand meiner Ausreise Mitte Oktober gl\u00fccklicherweise nichts mehr im Wege und so begann mein Weg ins Unbekannte, mit der Fahrt von Aschaffenburg nach Sch\u00f6ndorf, von wo aus ich mit Johanna, ihrem Vater und deren Wohnmobil, \u00fcber \u00d6sterreich und Ungarn bis nach Rum\u00e4nien gelangte.<\/p>\n\n\t\t<style type=\"text\/css\">\n\t\t\t#gallery-1 {\n\t\t\t\tmargin: auto;\n\t\t\t}\n\t\t\t#gallery-1 .gallery-item {\n\t\t\t\tfloat: left;\n\t\t\t\tmargin-top: 10px;\n\t\t\t\ttext-align: center;\n\t\t\t\twidth: 33%;\n\t\t\t}\n\t\t\t#gallery-1 img {\n\t\t\t\tborder: 2px solid #cfcfcf;\n\t\t\t}\n\t\t\t#gallery-1 .gallery-caption {\n\t\t\t\tmargin-left: 0;\n\t\t\t}\n\t\t\t\/* see gallery_shortcode() in wp-includes\/media.php *\/\n\t\t<\/style>\n\t\t<div id='gallery-1' class='gallery galleryid-3 gallery-columns-3 gallery-size-thumbnail'><dl class='gallery-item'>\n\t\t\t<dt class='gallery-icon landscape'>\n\t\t\t\t<a href='https:\/\/kulturweit.blog\/picknickmitbaeren\/2020\/10\/31\/buna-ziua-brasov\/snapchat-349484743\/'><img loading=\"lazy\" decoding=\"async\" width=\"150\" height=\"150\" src=\"https:\/\/kulturweit.blog\/picknickmitbaeren\/files\/2020\/10\/Snapchat-349484743-150x150.jpg\" class=\"attachment-thumbnail size-thumbnail\" alt=\"\" srcset=\"https:\/\/kulturweit.blog\/picknickmitbaeren\/files\/2020\/10\/Snapchat-349484743-150x150.jpg 150w, https:\/\/kulturweit.blog\/picknickmitbaeren\/files\/2020\/10\/Snapchat-349484743-300x300.jpg 300w\" sizes=\"(max-width: 150px) 100vw, 150px\" \/><\/a>\n\t\t\t<\/dt><\/dl>\n\t\t\t<br style='clear: both' \/>\n\t\t<\/div>\n\n<p>Die zweit\u00e4gige Reise ist vor lauter ungeduldiger Erwartung und dem phantastischen Ausblick auf die vorbeiziehende Landschaft wie im Flug verstrichen und ehe wir&#8217;s uns versahen, hatten wir die Grenze nach Rum\u00e4nien \u00fcberquert.<\/p>\n<p>&nbsp;<\/p>\n<div id=\"attachment_7\" style=\"width: 310px\" class=\"wp-caption alignnone\"><a href=\"https:\/\/kulturweit.blog\/picknickmitbaeren\/files\/2020\/10\/20201011_110337.jpg\"><img loading=\"lazy\" decoding=\"async\" aria-describedby=\"caption-attachment-7\" class=\"wp-image-7 size-medium\" src=\"https:\/\/kulturweit.blog\/picknickmitbaeren\/files\/2020\/10\/20201011_110337-300x400.jpg\" alt=\"\" width=\"300\" height=\"400\" srcset=\"https:\/\/kulturweit.blog\/picknickmitbaeren\/files\/2020\/10\/20201011_110337-300x400.jpg 300w, https:\/\/kulturweit.blog\/picknickmitbaeren\/files\/2020\/10\/20201011_110337-624x832.jpg 624w, https:\/\/kulturweit.blog\/picknickmitbaeren\/files\/2020\/10\/20201011_110337.jpg 768w\" sizes=\"(max-width: 300px) 100vw, 300px\" \/><\/a><p id=\"caption-attachment-7\" class=\"wp-caption-text\">Dass es vermehrt Grenzkontrollen gab, die vermutlich vor allem der aktuellen Corona-Pandemie verschuldet sind, haben wir auf jeden Fall auch erlebt, sind aber dennoch ohne weitere Probleme durchgekommen. Nach der Fahrt quer durch Ungarn war der \u00dcbertritt nach Rum\u00e4nien f\u00fcr uns alle ein besonderer Moment, der die Vorfreude auf Brasov umso mehr steigerte!<\/p><\/div>\n<p><a href=\"https:\/\/kulturweit.blog\/picknickmitbaeren\/files\/2020\/10\/20201011_152127.jpg\"><img loading=\"lazy\" decoding=\"async\" class=\"alignnone size-medium wp-image-6\" src=\"https:\/\/kulturweit.blog\/picknickmitbaeren\/files\/2020\/10\/20201011_152127-300x225.jpg\" alt=\"\" width=\"300\" height=\"225\" srcset=\"https:\/\/kulturweit.blog\/picknickmitbaeren\/files\/2020\/10\/20201011_152127-300x225.jpg 300w, https:\/\/kulturweit.blog\/picknickmitbaeren\/files\/2020\/10\/20201011_152127-768x576.jpg 768w, https:\/\/kulturweit.blog\/picknickmitbaeren\/files\/2020\/10\/20201011_152127-624x468.jpg 624w, https:\/\/kulturweit.blog\/picknickmitbaeren\/files\/2020\/10\/20201011_152127.jpg 1024w\" sizes=\"(max-width: 300px) 100vw, 300px\" \/><\/a><\/p>\n<p>Die Landschaft erschien mir zun\u00e4chst verglichen mit \u00d6sterreich flacher, das Gras irgendwie ein bisschen gr\u00fcner und die Erde dunkler als in Deutschland. Ob das an meiner euphorischen Aufbruchsstimmung oder tats\u00e4chlich an satteren Farben der Natur lag, l\u00e4sst sich jetzt im Nachhinein schwer einsch\u00e4tzen, \u00e4ndert aber nichts an der Sch\u00f6nheit der Landschaft, die sich im Verlauf der Fahrt stetig \u00e4nderte.<\/p>\n<p>Noch einige Kilometer weiter und wir erreichten das in die Karpaden eingebette Brasov, was f\u00fcr die kommenden Monate unsere neue Heimat werden sollte.<\/p>\n<p>Begeistert habe ich festgestellt, dass auf der Stra\u00dfe, \u00fcber die wir ins Zentrum gelangten, sogar feste Radwege integriert waren und somit mein Plan Fahrrad zu fahren nicht v\u00f6llig abwegig war. Ein weiterer Vorteil der Anreise mit dem Wohnmobil war n\u00e4mlich auch, dass neben unseres ganzen Hausstandes auch mein Rad einen Platz gefunden hat und mir zumindest dadurch die M\u00f6glichkeit geben kann, mich freier in der Stadt zu bewegen. Wenigstens in der Theorie.<\/p>\n<p>Sp\u00e4ter musste ich erst noch lernen, dass viele Leute (insbesondere die Autofahrer) in Rum\u00e4nien noch nicht an Fahrr\u00e4der in der Stadt gew\u00f6hnt sind und es daher zum Teil echt gef\u00e4hrlich sein kann, sich so fortzubewegen, was mich in der ersten Woche ein bisschen demotiviert hat. Legt man allerdings die n\u00f6tige Vorsicht an den Tag und f\u00e4hrt vor allem auf Geh- und den ausgebauten Radwegen, kann eigentlich wenig passieren.<\/p>\n<div id=\"attachment_19\" style=\"width: 310px\" class=\"wp-caption alignnone\"><a href=\"https:\/\/kulturweit.blog\/picknickmitbaeren\/files\/2020\/10\/IMG-20201020-WA0087.jpg\"><img loading=\"lazy\" decoding=\"async\" aria-describedby=\"caption-attachment-19\" class=\"wp-image-19 size-medium\" src=\"https:\/\/kulturweit.blog\/picknickmitbaeren\/files\/2020\/10\/IMG-20201020-WA0087-300x145.jpg\" alt=\"\" width=\"300\" height=\"145\" srcset=\"https:\/\/kulturweit.blog\/picknickmitbaeren\/files\/2020\/10\/IMG-20201020-WA0087-300x145.jpg 300w, https:\/\/kulturweit.blog\/picknickmitbaeren\/files\/2020\/10\/IMG-20201020-WA0087-768x371.jpg 768w, https:\/\/kulturweit.blog\/picknickmitbaeren\/files\/2020\/10\/IMG-20201020-WA0087-624x302.jpg 624w, https:\/\/kulturweit.blog\/picknickmitbaeren\/files\/2020\/10\/IMG-20201020-WA0087.jpg 1024w\" sizes=\"(max-width: 300px) 100vw, 300px\" \/><\/a><p id=\"caption-attachment-19\" class=\"wp-caption-text\">Inzwischen f\u00fchle ich mich auch immer schon sehr mit anderen Radfahrern verbunden und freue mich jedes Mal wie ein kleines Kind, wenn ich einen weiteren in der Stadt sehe. Die Notwendigkeit eines Helms wird hier aber anscheinend- \u00e4hnlich wie in Deutschland -mit geteilter Meinung gesehen, obwohl die Unfallrate so vergleichsweise hoch ist.<\/p><\/div>\n<p>Nachdem wir an unserem ersten Abend total \u00fcberm\u00fcdet unser Gep\u00e4ck ausgeladen (mithilfe einiger super lieben Sch\u00fcler von Jojos Schule) und eine Pizza aus der Nachbarschaft to go geholt haben, sind wir anschlie\u00dfend nur noch ins Bett gefallen.<\/p>\n<p>Die folgenden Tage konnten wir dann aber umso mehr nutzen, um die Stadt und das wundersch\u00f6ne Umland zu erkunden.<\/p>\n<div id=\"attachment_20\" style=\"width: 310px\" class=\"wp-caption alignnone\"><a href=\"https:\/\/kulturweit.blog\/picknickmitbaeren\/files\/2020\/10\/Snapchat-1259154591.jpg\"><img loading=\"lazy\" decoding=\"async\" aria-describedby=\"caption-attachment-20\" class=\"wp-image-20 size-medium\" src=\"https:\/\/kulturweit.blog\/picknickmitbaeren\/files\/2020\/10\/Snapchat-1259154591-300x533.jpg\" alt=\"\" width=\"300\" height=\"533\" srcset=\"https:\/\/kulturweit.blog\/picknickmitbaeren\/files\/2020\/10\/Snapchat-1259154591-300x533.jpg 300w, https:\/\/kulturweit.blog\/picknickmitbaeren\/files\/2020\/10\/Snapchat-1259154591.jpg 576w\" sizes=\"(max-width: 300px) 100vw, 300px\" \/><\/a><p id=\"caption-attachment-20\" class=\"wp-caption-text\">Insbesondere morgens bei Sonnenaufgang wird die Stadt oft in einen besonderen Charme eingeh\u00fcllt, wenn die Zinne (der gro\u00dfe Berg, auf dem das Brasov-Logo zu sehen ist) noch im Nebel versunken ist und dennoch die ersten Sonnenstrahlen \u00fcber ihre Kuppe blitzen.<\/p><\/div>\n<p><a href=\"https:\/\/kulturweit.blog\/picknickmitbaeren\/files\/2020\/10\/IMG-20201017-WA0024.jpg\"><img loading=\"lazy\" decoding=\"async\" class=\"wp-image-21 size-medium\" src=\"https:\/\/kulturweit.blog\/picknickmitbaeren\/files\/2020\/10\/IMG-20201017-WA0024-300x400.jpg\" alt=\"\" width=\"300\" height=\"400\" srcset=\"https:\/\/kulturweit.blog\/picknickmitbaeren\/files\/2020\/10\/IMG-20201017-WA0024-300x400.jpg 300w, https:\/\/kulturweit.blog\/picknickmitbaeren\/files\/2020\/10\/IMG-20201017-WA0024-768x1024.jpg 768w, https:\/\/kulturweit.blog\/picknickmitbaeren\/files\/2020\/10\/IMG-20201017-WA0024-1152x1536.jpg 1152w, https:\/\/kulturweit.blog\/picknickmitbaeren\/files\/2020\/10\/IMG-20201017-WA0024-624x832.jpg 624w, https:\/\/kulturweit.blog\/picknickmitbaeren\/files\/2020\/10\/IMG-20201017-WA0024.jpg 1200w\" sizes=\"(max-width: 300px) 100vw, 300px\" \/><\/a><\/p>\n<div id=\"attachment_22\" style=\"width: 310px\" class=\"wp-caption alignnone\"><a href=\"https:\/\/kulturweit.blog\/picknickmitbaeren\/files\/2020\/10\/IMG-20201017-WA0048.jpg\"><img loading=\"lazy\" decoding=\"async\" aria-describedby=\"caption-attachment-22\" class=\"wp-image-22 size-medium\" src=\"https:\/\/kulturweit.blog\/picknickmitbaeren\/files\/2020\/10\/IMG-20201017-WA0048-300x225.jpg\" alt=\"\" width=\"300\" height=\"225\" srcset=\"https:\/\/kulturweit.blog\/picknickmitbaeren\/files\/2020\/10\/IMG-20201017-WA0048-300x225.jpg 300w, https:\/\/kulturweit.blog\/picknickmitbaeren\/files\/2020\/10\/IMG-20201017-WA0048-1024x768.jpg 1024w, https:\/\/kulturweit.blog\/picknickmitbaeren\/files\/2020\/10\/IMG-20201017-WA0048-768x576.jpg 768w, https:\/\/kulturweit.blog\/picknickmitbaeren\/files\/2020\/10\/IMG-20201017-WA0048-1536x1152.jpg 1536w, https:\/\/kulturweit.blog\/picknickmitbaeren\/files\/2020\/10\/IMG-20201017-WA0048-624x468.jpg 624w, https:\/\/kulturweit.blog\/picknickmitbaeren\/files\/2020\/10\/IMG-20201017-WA0048.jpg 1600w\" sizes=\"(max-width: 300px) 100vw, 300px\" \/><\/a><p id=\"caption-attachment-22\" class=\"wp-caption-text\">Die Zinne, auf die man sowohl mit einer Seilbahn gelangen kann, oder (mein pers\u00f6nlicher Tipp!) \u00fcber verschiedene Wanderwege erreicht. Von oben hat man einen phantastischen Blick \u00fcber die ganze Stadt und kann von Aussichtspunkten rund um die Spitze das ganze Umland \u00fcberblicken.<\/p><\/div>\n<p>Bald darauf folgten auch schon unsere ersten Tage in den Einsatzstellen.<\/p>\n<p>Meine Schule liegt etwas abseits vom Altstadtzentrum im moderneren Viertel Brasovs, weshalb ich viele neue Stra\u00dfen und Wege in den ersten Arbeitstagen kennenlernen konnte, als ich mich noch nicht traute, das Rad zu nehmen. Jetzt, vier Wochen sp\u00e4ter, bin ich wesentlich routinierter und kenne die Stadt und ausgetretenen Pfade schon um einiges besser. Trotzdem gibt es jeden Tag noch so viel neues zu entdecken!<\/p>\n<p>Auch meine Arbeit gestaltet sich als sehr vielf\u00e4ltig und spannend! Deutsch wird am Colegiul Natioal Dr. Ioan Mesota als Fremdsprache gelernt. Wie an anderen Schulen k\u00f6nnen die Sch\u00fcler der 12ten Klasse dann im November die DSD Pr\u00fcfungen im B2 oder C1 Niveau ablegen, worauf schon in den Jahrgangsstufen zuvor vorbereitet wird.<\/p>\n<p>Nachdem ich in den ersten Tagen meistens mit den Deutschlehrerinnen meiner Schule, im Unterricht mitgegangen bin, konnte ich bald darauf eigenes DSD-Training mit der 12ten beginnen und vor allem den m\u00fcndlichen Teil der Pr\u00fcfung \u00fcben.<\/p>\n<p>Daneben f\u00fchre ich das Projekt ,,Lesef\u00fcchse&#8220; mit Sch\u00fclern der 9ten und 10ten Klasse durch und arbeite regelm\u00e4\u00dfig mit Sch\u00fclergruppen einer Klasse zu bestimmten Themen in einer Stunde zusammen.<\/p>\n<p>Bei den Lesef\u00fcchsen lesen wir \u00fcber das Jahr verteilt verschiedene B\u00fccher, der aktuellen deutschen Jugendliteratur und besprechen diese thematisch danach zusammen. Zur Zeit lesen wir noch das Buch <em>,,Was wir dachten, was wir taten&#8220;, <\/em>was das schwierige Thema eines Amoklaufs an einer Schule nachzeichnet, doch ich bin jedes Mal wieder begeistert, wie gut das Verst\u00e4ndnis der Sch\u00fcler f\u00fcr die Sprache und die Inhalte ist! Dar\u00fcber hinaus helfe ich bei Jugend Debattiert mit, was an der Mesota fest etabliert ist und woran die Schule in den letzten Jahren, auch im nationalen Vergleich, immer sehr erfolgreich war!<\/p>\n<p>Was mir au\u00dferdem sehr viel Freude bereitet ist ein Marketingprojekt, das ich mit ein paar motivierten Jugendlichen der 11ten begonnen habe. Hierbei konzentrieren wir uns auf Sehensw\u00fcrdigkeiten der Stadt Brasov und wollen eine Brosch\u00fcre erstellen, um sie f\u00fcr Touristen zu pr\u00e4sentieren und auf deutsch und englisch zug\u00e4nglich zu machen.<\/p>\n<p>Generell haben mich sowohl Sch\u00fcler als auch Lehrer extrem freundlich und offen in Empfang genommen und mir den Einstieg in der Einsatzstelle somit enorm erleichtert!<\/p>\n<p>Neben dem Alltag in der Schule hat es sich schon fest in mein Leben hier integriert die traumhafte Natur zu genie\u00dfen. Zusammen mit Johanna bin ich schon einige Male rauf auf die Zinne gewandert und auch einen Ausflug nach Poiana Brasov (der Ort in unserer Gegend, der sich im Winter ins Skiparadies verwandelt) haben wir bereits unternommen.<\/p>\n<div id=\"attachment_13\" style=\"width: 310px\" class=\"wp-caption aligncenter\"><a href=\"https:\/\/kulturweit.blog\/picknickmitbaeren\/files\/2020\/11\/20201020_160707.jpg\"><img loading=\"lazy\" decoding=\"async\" aria-describedby=\"caption-attachment-13\" class=\"wp-image-13 size-medium\" src=\"https:\/\/kulturweit.blog\/picknickmitbaeren\/files\/2020\/11\/20201020_160707-300x225.jpg\" alt=\"\" width=\"300\" height=\"225\" srcset=\"https:\/\/kulturweit.blog\/picknickmitbaeren\/files\/2020\/11\/20201020_160707-300x225.jpg 300w, https:\/\/kulturweit.blog\/picknickmitbaeren\/files\/2020\/11\/20201020_160707-768x576.jpg 768w, https:\/\/kulturweit.blog\/picknickmitbaeren\/files\/2020\/11\/20201020_160707-624x468.jpg 624w, https:\/\/kulturweit.blog\/picknickmitbaeren\/files\/2020\/11\/20201020_160707.jpg 1024w\" sizes=\"(max-width: 300px) 100vw, 300px\" \/><\/a><p id=\"caption-attachment-13\" class=\"wp-caption-text\">Der Ausblick von der Zinne auf die Stadt ist wirklich eine Wucht! Mit dem gro\u00dfen Brasov-Logo kommt auch immer ein bisschen Hollywood-Flair auf, wenn man die Spitze erreicht hat, wobei wir hier cooler weise sogar bis an die Buchstaben kommen und es sogar eine Aussichtsplattform gleich daneben gibt!<\/p><\/div>\n<div id=\"attachment_12\" style=\"width: 310px\" class=\"wp-caption aligncenter\"><a href=\"https:\/\/kulturweit.blog\/picknickmitbaeren\/files\/2020\/11\/20201101_124102.jpg\"><img loading=\"lazy\" decoding=\"async\" aria-describedby=\"caption-attachment-12\" class=\"wp-image-12 size-medium\" src=\"https:\/\/kulturweit.blog\/picknickmitbaeren\/files\/2020\/11\/20201101_124102-300x400.jpg\" alt=\"\" width=\"300\" height=\"400\" srcset=\"https:\/\/kulturweit.blog\/picknickmitbaeren\/files\/2020\/11\/20201101_124102-300x400.jpg 300w, https:\/\/kulturweit.blog\/picknickmitbaeren\/files\/2020\/11\/20201101_124102-624x832.jpg 624w, https:\/\/kulturweit.blog\/picknickmitbaeren\/files\/2020\/11\/20201101_124102.jpg 768w\" sizes=\"(max-width: 300px) 100vw, 300px\" \/><\/a><p id=\"caption-attachment-12\" class=\"wp-caption-text\">Bei den dichten und urspr\u00fcnglichen W\u00e4ldern hier in Siebenb\u00fcrgen wundert es mich nicht, warum so viele M\u00e4rchen rund um Drachen und Zwerge entstehen konnten.<\/p><\/div>\n<p>&nbsp;<\/p>\n<p>Insgesamt ist es trotz der kurzen Zeit, die ich jetzt erst hier bin, verr\u00fcckt, wie heimisch sich alles anf\u00fchlt. Selbst solche banalen Dinge wie Einkaufen, die zu Beginn des FSJs durch die enorme Sprachbarriere wirklich eine Herausforderung gewesen sind, fallen mir jetzt schon so viel leichter!<\/p>\n<p>Was die Einfindung in den Alltag aber auch enorm vereinfacht hat, ist der deutsche Einfluss, den man hier an jede Ecke sp\u00fcrt und der von vertrauten Stra\u00dfennamen, \u00fcber bekannte Produkte in den Regalen, bis hin zu echt guten Deutschkenntnissen einiger Einheimische , die viele Rum\u00e4nen zumindest hier in Brasov haben!<\/p>\n<p>In der kommenden Zeit m\u00f6chte ich mir auf jeden Fall noch mehr Zeit f\u00fcr ausf\u00fchrliche Berichte nehmen und gerne gezielter auf einzelne Aspekte des Lebens hier eingehen.<\/p>\n<p>Bis dahin hoffe ich, dass es allen gut geht und wir die aktuell noch versch\u00e4rfte Coronazeit gut \u00fcberstehen!<\/p>\n<p>La revedere!<\/p>\n<p>&nbsp;<\/p>\n","protected":false},"excerpt":{"rendered":"<p>Hallo zusammen! Zwar befinde ich mich weder auf dem Appalachian Trail, noch ist mein Weggef\u00e4hrte Robert Redford, aber ein Picknick mit B\u00e4ren scheint dennoch garnicht so unwahrscheinlich! Das haben mir zumindest Reisef\u00fchrer und Berichte aus dem Internet in der Vorbereitung auf meine Zeit in Rum\u00e4nien wirksam glauben machen wollen, weshalb ich mich etwas unbedarft bei [&hellip;]<\/p>\n","protected":false},"author":2885,"featured_media":0,"comment_status":"open","ping_status":"open","sticky":false,"template":"","format":"standard","meta":{"footnotes":""},"categories":[576,21,114,164,565,65,591,577,574,16,138],"tags":[],"class_list":["post-3","post","type-post","status-publish","format-standard","hentry","category-kulturweitblog","category-allgemein","category-freiwillige","category-freiwilligenarbeit","category-gastland","category-kulturweit","category-lebensgeschichte","category-menschen","category-pad","category-privat","category-reise"],"amp_enabled":true,"_links":{"self":[{"href":"https:\/\/kulturweit.blog\/picknickmitbaeren\/wp-json\/wp\/v2\/posts\/3"}],"collection":[{"href":"https:\/\/kulturweit.blog\/picknickmitbaeren\/wp-json\/wp\/v2\/posts"}],"about":[{"href":"https:\/\/kulturweit.blog\/picknickmitbaeren\/wp-json\/wp\/v2\/types\/post"}],"author":[{"embeddable":true,"href":"https:\/\/kulturweit.blog\/picknickmitbaeren\/wp-json\/wp\/v2\/users\/2885"}],"replies":[{"embeddable":true,"href":"https:\/\/kulturweit.blog\/picknickmitbaeren\/wp-json\/wp\/v2\/comments?post=3"}],"version-history":[{"count":3,"href":"https:\/\/kulturweit.blog\/picknickmitbaeren\/wp-json\/wp\/v2\/posts\/3\/revisions"}],"predecessor-version":[{"id":40,"href":"https:\/\/kulturweit.blog\/picknickmitbaeren\/wp-json\/wp\/v2\/posts\/3\/revisions\/40"}],"wp:attachment":[{"href":"https:\/\/kulturweit.blog\/picknickmitbaeren\/wp-json\/wp\/v2\/media?parent=3"}],"wp:term":[{"taxonomy":"category","embeddable":true,"href":"https:\/\/kulturweit.blog\/picknickmitbaeren\/wp-json\/wp\/v2\/categories?post=3"},{"taxonomy":"post_tag","embeddable":true,"href":"https:\/\/kulturweit.blog\/picknickmitbaeren\/wp-json\/wp\/v2\/tags?post=3"}],"curies":[{"name":"wp","href":"https:\/\/api.w.org\/{rel}","templated":true}]}}