{"id":297,"date":"2021-05-10T14:50:22","date_gmt":"2021-05-10T12:50:22","guid":{"rendered":"https:\/\/kulturweit.blog\/picknickmitbaeren\/?p=297"},"modified":"2021-06-25T17:54:45","modified_gmt":"2021-06-25T15:54:45","slug":"die-stadt-der-tausend-kirchen-und-muelleimer","status":"publish","type":"post","link":"https:\/\/kulturweit.blog\/picknickmitbaeren\/2021\/05\/10\/die-stadt-der-tausend-kirchen-und-muelleimer\/","title":{"rendered":"Die Stadt der tausend Kirchen und M\u00fclleimer"},"content":{"rendered":"<p><em>~05.04.2021-07.04.2021<\/em><\/p>\n<p>Am Abend erreichten wir nach einer sehr langen Fahrt mit dem hiesigen Regio, der an jeder H\u00e4useransammlung der Gegend anh\u00e4lt, Ia\u0219i (<em>Jasch<\/em> gesprochen, oder \u00e0 la Jakob <em>Lasi<\/em>). Doch mit guten Gespr\u00e4chen und einem Ausblick auf die Felder und Herden von Schafen lie\u00df sich die Zeit gut vertreiben.<\/p>\n<p>Zun\u00e4chst begr\u00fc\u00dften uns riesige H\u00e4userfronten, als wir das alte Bahnhofsgeb\u00e4ude in Ia\u0219i\u00a0 verlie\u00dfen. Die Abendsonne legte alles in ein goldenes Licht, w\u00e4hrend der Gro\u00dfstadtverkehr sich durch die Stra\u00dfen schob. Die Stimmung war ganz anders als in allen anderen St\u00e4dten Rum\u00e4niens, die ich bisher besuch habe. Irgendwie gr\u00f6\u00dfer, voller, lebendiger.<\/p>\n<p>Am n\u00e4chsten Morgen nutzen wir das gute Wetter f\u00fcr einen Abstecher in den botanischen Garten. Kommt man von unten durch den Park, kann man sich das Kassenh\u00e4uschen sparen und gelangt durch relativ unber\u00fchrte Wald- und Wiesenabschnitte zum tats\u00e4chlichen Garten. Eine kleine Ausstellung von Infotafeln kl\u00e4rt einen dar\u00fcber auf, welche Pflanzen welches Nervengift enthalten und somit nicht vom Strauch gesnackt werden sollten, woran sich ein regelrechtes Meer an Rosenst\u00f6cken anschloss.<\/p>\n<p>Daraufhin schlenderten Jojo und ich durch die Altstadt Ia\u0219is, besuchten unz\u00e4hlige orthodoxe Kirchen und landeten zuletzt im Kulturpalast.<\/p>\n<div id=\"attachment_373\" style=\"width: 310px\" class=\"wp-caption alignnone\"><a href=\"https:\/\/kulturweit.blog\/picknickmitbaeren\/files\/2021\/05\/photo5242204423575417655.jpg\"><img loading=\"lazy\" decoding=\"async\" aria-describedby=\"caption-attachment-373\" class=\"wp-image-373 size-medium\" src=\"https:\/\/kulturweit.blog\/picknickmitbaeren\/files\/2021\/05\/photo5242204423575417655-300x145.jpg\" alt=\"\" width=\"300\" height=\"145\" srcset=\"https:\/\/kulturweit.blog\/picknickmitbaeren\/files\/2021\/05\/photo5242204423575417655-300x145.jpg 300w, https:\/\/kulturweit.blog\/picknickmitbaeren\/files\/2021\/05\/photo5242204423575417655-1024x496.jpg 1024w, https:\/\/kulturweit.blog\/picknickmitbaeren\/files\/2021\/05\/photo5242204423575417655-768x372.jpg 768w, https:\/\/kulturweit.blog\/picknickmitbaeren\/files\/2021\/05\/photo5242204423575417655-624x302.jpg 624w, https:\/\/kulturweit.blog\/picknickmitbaeren\/files\/2021\/05\/photo5242204423575417655.jpg 1280w\" sizes=\"(max-width: 300px) 100vw, 300px\" \/><\/a><p id=\"caption-attachment-373\" class=\"wp-caption-text\">Der Kulturpalast wurde \u00fcber die Jahrzehnte seiner Bebauung immer wieder erweitert und mit Verzierungen erg\u00e4nzt. Heute beherbergt er einige S\u00e4le zur Geschichte des Geb\u00e4udes und verschiedene Museen.<\/p><\/div>\n<p>Wir schauten uns die sehr expressive Kunstausstellung, voller bunter und abstrakter Werke eines K\u00fcnstlers aus Ia\u0219i an. Das technische Museum hat uns daraufhin nicht mehr so sehr begeistert, weshalb wir die Gramophone und alten Poststempel schnell hinter uns lie\u00dfen und lieber das Geb\u00e4ude bewunderten. Der Palast, von Au\u00dfen schon monumental, wirkt im Inneren noch gr\u00f6\u00dfer und prachtvoller. Die R\u00e4ume sind reich verziert mit Holzverkleidungen und Stuck an den Decken. Das Treppenhaus zeichnet sich durch riesige Fensterfronten, die den Saal mit Licht durchfluten, aus.<\/p>\n<div id=\"attachment_372\" style=\"width: 310px\" class=\"wp-caption alignnone\"><a href=\"https:\/\/kulturweit.blog\/picknickmitbaeren\/files\/2021\/05\/photo52111001759285047821.jpg\"><img loading=\"lazy\" decoding=\"async\" aria-describedby=\"caption-attachment-372\" class=\"wp-image-372 size-medium\" src=\"https:\/\/kulturweit.blog\/picknickmitbaeren\/files\/2021\/05\/photo52111001759285047821-300x400.jpg\" alt=\"\" width=\"300\" height=\"400\" srcset=\"https:\/\/kulturweit.blog\/picknickmitbaeren\/files\/2021\/05\/photo52111001759285047821-300x400.jpg 300w, https:\/\/kulturweit.blog\/picknickmitbaeren\/files\/2021\/05\/photo52111001759285047821-768x1024.jpg 768w, https:\/\/kulturweit.blog\/picknickmitbaeren\/files\/2021\/05\/photo52111001759285047821-624x832.jpg 624w, https:\/\/kulturweit.blog\/picknickmitbaeren\/files\/2021\/05\/photo52111001759285047821.jpg 960w\" sizes=\"(max-width: 300px) 100vw, 300px\" \/><\/a><p id=\"caption-attachment-372\" class=\"wp-caption-text\">Als uns die technische Ausstellung zu fade wurde, stellten wir einfach unsere eigene Kunst her und f\u00fcgten uns perfekt in die Atmosph\u00e4re des Palastes ein.<\/p><\/div>\n<p><a href=\"https:\/\/kulturweit.blog\/picknickmitbaeren\/files\/2021\/05\/photo5242204423575417653.jpg\"><img loading=\"lazy\" decoding=\"async\" class=\"alignnone size-medium wp-image-375\" src=\"https:\/\/kulturweit.blog\/picknickmitbaeren\/files\/2021\/05\/photo5242204423575417653-300x400.jpg\" alt=\"\" width=\"300\" height=\"400\" srcset=\"https:\/\/kulturweit.blog\/picknickmitbaeren\/files\/2021\/05\/photo5242204423575417653-300x400.jpg 300w, https:\/\/kulturweit.blog\/picknickmitbaeren\/files\/2021\/05\/photo5242204423575417653-768x1024.jpg 768w, https:\/\/kulturweit.blog\/picknickmitbaeren\/files\/2021\/05\/photo5242204423575417653-624x832.jpg 624w, https:\/\/kulturweit.blog\/picknickmitbaeren\/files\/2021\/05\/photo5242204423575417653.jpg 960w\" sizes=\"(max-width: 300px) 100vw, 300px\" \/><\/a><\/p>\n<p><a href=\"https:\/\/kulturweit.blog\/picknickmitbaeren\/files\/2021\/05\/photo5242204423575417654.jpg\"><img loading=\"lazy\" decoding=\"async\" class=\"alignnone size-medium wp-image-374\" src=\"https:\/\/kulturweit.blog\/picknickmitbaeren\/files\/2021\/05\/photo5242204423575417654-300x225.jpg\" alt=\"\" width=\"300\" height=\"225\" srcset=\"https:\/\/kulturweit.blog\/picknickmitbaeren\/files\/2021\/05\/photo5242204423575417654-300x225.jpg 300w, https:\/\/kulturweit.blog\/picknickmitbaeren\/files\/2021\/05\/photo5242204423575417654-1024x768.jpg 1024w, https:\/\/kulturweit.blog\/picknickmitbaeren\/files\/2021\/05\/photo5242204423575417654-768x576.jpg 768w, https:\/\/kulturweit.blog\/picknickmitbaeren\/files\/2021\/05\/photo5242204423575417654-624x468.jpg 624w, https:\/\/kulturweit.blog\/picknickmitbaeren\/files\/2021\/05\/photo5242204423575417654.jpg 1280w\" sizes=\"(max-width: 300px) 100vw, 300px\" \/><\/a><\/p>\n<p>Auf unserem R\u00fcckweg zur Wohnung von Jakob und Marie besuchten wir noch weitere Kirchen und Kl\u00f6ster, die sich zu Haufen im Zentrum der Stadt konzentrieren. Doch nicht nur diese. Gef\u00fchlt alle zwei Meter, tats\u00e4chlich nur an jedem stabilen Baum, befindet sich ein gr\u00fcner M\u00fclleimer. Sollte man sich in Iasi nicht entscheiden k\u00f6nnen, ob man seinen Abfall wegwerfen m\u00f6chte, so wird man etwa jede zehn Meter erneut vor die Frage gestellt, alleine durch die schiere Menge an Tonnen und Eimern. Zugegebenerma\u00dfen ist mir auch an keiner Stelle im Stadtbild, M\u00fcll negativ ins Auge gefallen, da es wahrscheinlich auch abwegig ist, diesem Angebot von M\u00fclleimern zu widerstehen und etwas auf den Boden fallen zu lassen.<\/p>\n<div id=\"attachment_369\" style=\"width: 301px\" class=\"wp-caption alignnone\"><a href=\"https:\/\/kulturweit.blog\/picknickmitbaeren\/files\/2021\/05\/photo5242204423575417658.jpg\"><img loading=\"lazy\" decoding=\"async\" aria-describedby=\"caption-attachment-369\" class=\"wp-image-369 size-medium\" src=\"https:\/\/kulturweit.blog\/picknickmitbaeren\/files\/2021\/05\/photo5242204423575417658-291x600.jpg\" alt=\"\" width=\"291\" height=\"600\" srcset=\"https:\/\/kulturweit.blog\/picknickmitbaeren\/files\/2021\/05\/photo5242204423575417658-291x600.jpg 291w, https:\/\/kulturweit.blog\/picknickmitbaeren\/files\/2021\/05\/photo5242204423575417658.jpg 496w\" sizes=\"(max-width: 291px) 100vw, 291px\" \/><\/a><p id=\"caption-attachment-369\" class=\"wp-caption-text\">Die Reihe der M\u00fclleimer zieht sich scheinbar ins Unendliche weiter&#8230; Sobald wie diese Tatsache einmal bemerkt hatten, war es schwer sie zu ignorieren.<\/p><\/div>\n<p>Beim weiteren Bummel durch die Stadt sind wir au\u00dferdem auf die wohl gr\u00f6\u00dfte Katzengemeinde n\u00f6rdlich von Varna gesto\u00dfen, haben der sch\u00f6nsten Bibliothek Europas (laut BBC) einen Besuch abgestattet und wurden von Schildern vor dem Kulturpalast freundlich darauf hingewiesen, dass hier Schwimmen untersagt ist. Nur falls jemand auf die Idee kommen sollte&#8230;<\/p>\n<div id=\"attachment_370\" style=\"width: 298px\" class=\"wp-caption alignnone\"><a href=\"https:\/\/kulturweit.blog\/picknickmitbaeren\/files\/2021\/05\/photo5242204423575417657.jpg\"><img loading=\"lazy\" decoding=\"async\" aria-describedby=\"caption-attachment-370\" class=\"wp-image-370 size-medium\" src=\"https:\/\/kulturweit.blog\/picknickmitbaeren\/files\/2021\/05\/photo5242204423575417657-288x600.jpg\" alt=\"\" width=\"288\" height=\"600\" srcset=\"https:\/\/kulturweit.blog\/picknickmitbaeren\/files\/2021\/05\/photo5242204423575417657-288x600.jpg 288w, https:\/\/kulturweit.blog\/picknickmitbaeren\/files\/2021\/05\/photo5242204423575417657-492x1024.jpg 492w, https:\/\/kulturweit.blog\/picknickmitbaeren\/files\/2021\/05\/photo5242204423575417657.jpg 615w\" sizes=\"(max-width: 288px) 100vw, 288px\" \/><\/a><p id=\"caption-attachment-370\" class=\"wp-caption-text\">Leider durften wir den Gro\u00dfteil der Bibliothek, pandemiebedingt nicht betreten, doch ein sehr engagierter Securetymann machte mit vollem Einsatz, inklusive Kniefall, Fotos von uns.<\/p><\/div>\n<p>Es gab viele Gegens\u00e4tze hier und noch so viel mehr neues zu entdecken und zu erkunden. Inzwischen wissen wir, dank Marie und Jakob, um die gesundheitsf\u00f6rdernde Wirkung von Bier und haben das erste Mal vegetarische Sarmale probiert. Die Krautwickel sind eigentlich <strong>das<\/strong> Nationalessen Rum\u00e4niens schlecht hin und doch haben wir sie die vergangenen sieben Monate immer umgangen. Ein gro\u00dfer Fehler! Die kleinen Rollen sind wirklich k\u00f6stlich. Da wundert es mich nicht, dass man hier jeden noch so kleinen Anlass darauf verwendet, sie zu kochen.<\/p>\n<p>Unsere Zeit hier haben wir zudem daf\u00fcr genutzt, die Reisemittel des Landes zu reflektieren. In den vergangenen Wochen haben wir so ziemlich alle M\u00f6glichkeiten mindestens einmal genutzt und sehen uns in der Position nun qualitativ hochwertige Empfehlungen aussprechen zu k\u00f6nnen.<\/p>\n<p>Falls sich also jemand unsicher sein sollte, was aus dem gro\u00dfen Pool der Angebote zu w\u00e4hlen ist, dem lege ich einen Blick auf die folgende Tabelle ans Herz (alle anderen sind wom\u00f6glich mit den Verbindungen hier vertraut und erkennen das ein oder andere wieder&#8230;):<\/p>\n<p><a href=\"https:\/\/kulturweit.blog\/picknickmitbaeren\/files\/2021\/05\/Verkehrsmittel-mit-Gespraechen.png\"><img loading=\"lazy\" decoding=\"async\" class=\"alignnone size-medium wp-image-366\" src=\"https:\/\/kulturweit.blog\/picknickmitbaeren\/files\/2021\/05\/Verkehrsmittel-mit-Gespraechen-300x109.png\" alt=\"\" width=\"300\" height=\"109\" srcset=\"https:\/\/kulturweit.blog\/picknickmitbaeren\/files\/2021\/05\/Verkehrsmittel-mit-Gespraechen-300x109.png 300w, https:\/\/kulturweit.blog\/picknickmitbaeren\/files\/2021\/05\/Verkehrsmittel-mit-Gespraechen-1024x371.png 1024w, https:\/\/kulturweit.blog\/picknickmitbaeren\/files\/2021\/05\/Verkehrsmittel-mit-Gespraechen-768x278.png 768w, https:\/\/kulturweit.blog\/picknickmitbaeren\/files\/2021\/05\/Verkehrsmittel-mit-Gespraechen-624x226.png 624w, https:\/\/kulturweit.blog\/picknickmitbaeren\/files\/2021\/05\/Verkehrsmittel-mit-Gespraechen.png 1318w\" sizes=\"(max-width: 300px) 100vw, 300px\" \/><\/a><\/p>\n","protected":false},"excerpt":{"rendered":"<p>~05.04.2021-07.04.2021 Am Abend erreichten wir nach einer sehr langen Fahrt mit dem hiesigen Regio, der an jeder H\u00e4useransammlung der Gegend anh\u00e4lt, Ia\u0219i (Jasch gesprochen, oder \u00e0 la Jakob Lasi). Doch mit guten Gespr\u00e4chen und einem Ausblick auf die Felder und Herden von Schafen lie\u00df sich die Zeit gut vertreiben. Zun\u00e4chst begr\u00fc\u00dften uns riesige H\u00e4userfronten, als [&hellip;]<\/p>\n","protected":false},"author":2885,"featured_media":0,"comment_status":"open","ping_status":"open","sticky":false,"template":"","format":"standard","meta":{"footnotes":""},"categories":[21],"tags":[],"class_list":["post-297","post","type-post","status-publish","format-standard","hentry","category-allgemein"],"amp_enabled":true,"_links":{"self":[{"href":"https:\/\/kulturweit.blog\/picknickmitbaeren\/wp-json\/wp\/v2\/posts\/297"}],"collection":[{"href":"https:\/\/kulturweit.blog\/picknickmitbaeren\/wp-json\/wp\/v2\/posts"}],"about":[{"href":"https:\/\/kulturweit.blog\/picknickmitbaeren\/wp-json\/wp\/v2\/types\/post"}],"author":[{"embeddable":true,"href":"https:\/\/kulturweit.blog\/picknickmitbaeren\/wp-json\/wp\/v2\/users\/2885"}],"replies":[{"embeddable":true,"href":"https:\/\/kulturweit.blog\/picknickmitbaeren\/wp-json\/wp\/v2\/comments?post=297"}],"version-history":[{"count":3,"href":"https:\/\/kulturweit.blog\/picknickmitbaeren\/wp-json\/wp\/v2\/posts\/297\/revisions"}],"predecessor-version":[{"id":504,"href":"https:\/\/kulturweit.blog\/picknickmitbaeren\/wp-json\/wp\/v2\/posts\/297\/revisions\/504"}],"wp:attachment":[{"href":"https:\/\/kulturweit.blog\/picknickmitbaeren\/wp-json\/wp\/v2\/media?parent=297"}],"wp:term":[{"taxonomy":"category","embeddable":true,"href":"https:\/\/kulturweit.blog\/picknickmitbaeren\/wp-json\/wp\/v2\/categories?post=297"},{"taxonomy":"post_tag","embeddable":true,"href":"https:\/\/kulturweit.blog\/picknickmitbaeren\/wp-json\/wp\/v2\/tags?post=297"}],"curies":[{"name":"wp","href":"https:\/\/api.w.org\/{rel}","templated":true}]}}