{"id":29,"date":"2020-11-25T10:27:16","date_gmt":"2020-11-25T09:27:16","guid":{"rendered":"https:\/\/kulturweit.blog\/picknickmitbaeren\/?p=29"},"modified":"2020-11-26T07:36:58","modified_gmt":"2020-11-26T06:36:58","slug":"alle-jahre-wieder","status":"publish","type":"post","link":"https:\/\/kulturweit.blog\/picknickmitbaeren\/2020\/11\/25\/alle-jahre-wieder\/","title":{"rendered":"Alle Jahre wieder!"},"content":{"rendered":"<p>Da basteln Johanna und ich an einem Abend noch fr\u00f6hlich Schneeflocken, dekorieren unsere Wohnung feierlich und h\u00f6ren uns durch die Weihnachtshits der letzten 70 Jahre und schon hat sich Brasov am n\u00e4chsten Morgen ins Winter Wonderland verwandelt.<\/p>\n<p><a href=\"https:\/\/kulturweit.blog\/picknickmitbaeren\/files\/2020\/11\/20201121_075102.jpg\"><img loading=\"lazy\" decoding=\"async\" class=\"alignnone size-medium wp-image-31\" src=\"https:\/\/kulturweit.blog\/picknickmitbaeren\/files\/2020\/11\/20201121_075102-300x225.jpg\" alt=\"\" width=\"300\" height=\"225\" srcset=\"https:\/\/kulturweit.blog\/picknickmitbaeren\/files\/2020\/11\/20201121_075102-300x225.jpg 300w, https:\/\/kulturweit.blog\/picknickmitbaeren\/files\/2020\/11\/20201121_075102-768x576.jpg 768w, https:\/\/kulturweit.blog\/picknickmitbaeren\/files\/2020\/11\/20201121_075102-624x468.jpg 624w, https:\/\/kulturweit.blog\/picknickmitbaeren\/files\/2020\/11\/20201121_075102.jpg 1024w\" sizes=\"(max-width: 300px) 100vw, 300px\" \/><\/a><\/p>\n<p>Noch bevor unser w\u00f6chentlicher Sprachkurs beginnen konnte, sind wir nach drau\u00dfen, zur Promenade unter der Zinne, haben einen Mini-Schneemann gebaut und den frisch gefallenen Schnee genossen.<\/p>\n<p>Die D\u00e4cher der Stadt unter einer wei\u00dfen Decke und die immer weiter fallenden Flocken haben die erste Weihnachtsstimmung schon so richtig aufkommen lassen!<\/p>\n<p>Nachmittags haben wir uns deshalb gleich noch mit einer Freundin aus der Schule getroffen und sind auf die Zinne gewandert. Die Stadt selbst hatte den ganzen Tag unter einer dicken Wolkendecke gelegen, weshalb der Nebel im Wald umso dichter hing, je h\u00f6her wir kamen. Der Boden schon leicht angefroren, wurde auf den Serpentinen nach oben abschnittsweise wirklich abenteuerlich, doch wir genossen die Wanderung und vertrieben uns die Zeit mit dem Spiel ,,Wer bin ich?&#8220;, Blackstories und einem interessanten Austausch \u00fcber die Weihnachtsbr\u00e4uche von Rum\u00e4nien und Deutschland.<\/p>\n<p>Das Land ist stark von der orthodoxen Kirche gepr\u00e4gt, jedoch scheint das Weihnachtsfest, wie wir es beispielsweise in Deutschland kennen, trotzdem sehr \u00e4hnlich hier in den Familien gefeiert zu werden. Besonders das Essen spielt -wie bei uns- eine zentrale Rolle und setzt sich anscheinend typischerweise aus den traditionellen Krautwickeln und Kuchen des Landes zusammen.<\/p>\n<p>Sehr verbreitet ist es au\u00dferdem, dass w\u00e4hrend und kurz vor den Feiertagen Kinder, in kleinen Gruppen, von Haus zu Haus ziehen und rum\u00e4nische Volks- und Weihnachtslieder vortragen.<\/p>\n<p><a href=\"https:\/\/kulturweit.blog\/picknickmitbaeren\/files\/2020\/11\/IMG-20201122-WA0038.jpg\"><img loading=\"lazy\" decoding=\"async\" class=\"alignnone size-medium wp-image-33\" src=\"https:\/\/kulturweit.blog\/picknickmitbaeren\/files\/2020\/11\/IMG-20201122-WA0038-290x600.jpg\" alt=\"\" width=\"290\" height=\"600\" srcset=\"https:\/\/kulturweit.blog\/picknickmitbaeren\/files\/2020\/11\/IMG-20201122-WA0038-290x600.jpg 290w, https:\/\/kulturweit.blog\/picknickmitbaeren\/files\/2020\/11\/IMG-20201122-WA0038.jpg 495w\" sizes=\"(max-width: 290px) 100vw, 290px\" \/><\/a><\/p>\n<p>Weiter auf unserer Wanderung wurde der Weg immer glatter und die B\u00e4ume umso tiefer verschneit, bis wir pl\u00f6tzlich die Wolkendecke durchbrochen hatten und die Sonne mit voller Kraft durch die Zweige glitzerte.<\/p>\n<p><a href=\"https:\/\/kulturweit.blog\/picknickmitbaeren\/files\/2020\/11\/IMG-20201122-WA0072.jpg\"><img loading=\"lazy\" decoding=\"async\" class=\"alignnone size-medium wp-image-30\" src=\"https:\/\/kulturweit.blog\/picknickmitbaeren\/files\/2020\/11\/IMG-20201122-WA0072-300x146.jpg\" alt=\"\" width=\"300\" height=\"146\" srcset=\"https:\/\/kulturweit.blog\/picknickmitbaeren\/files\/2020\/11\/IMG-20201122-WA0072-300x146.jpg 300w, https:\/\/kulturweit.blog\/picknickmitbaeren\/files\/2020\/11\/IMG-20201122-WA0072-768x373.jpg 768w, https:\/\/kulturweit.blog\/picknickmitbaeren\/files\/2020\/11\/IMG-20201122-WA0072-624x303.jpg 624w, https:\/\/kulturweit.blog\/picknickmitbaeren\/files\/2020\/11\/IMG-20201122-WA0072.jpg 1024w\" sizes=\"(max-width: 300px) 100vw, 300px\" \/><\/a><\/p>\n<p><a href=\"https:\/\/kulturweit.blog\/picknickmitbaeren\/files\/2020\/11\/IMG-20201122-WA0056.jpg\"><img loading=\"lazy\" decoding=\"async\" class=\"alignnone size-medium wp-image-35\" src=\"https:\/\/kulturweit.blog\/picknickmitbaeren\/files\/2020\/11\/IMG-20201122-WA0056-300x145.jpg\" alt=\"\" width=\"300\" height=\"145\" srcset=\"https:\/\/kulturweit.blog\/picknickmitbaeren\/files\/2020\/11\/IMG-20201122-WA0056-300x145.jpg 300w, https:\/\/kulturweit.blog\/picknickmitbaeren\/files\/2020\/11\/IMG-20201122-WA0056-768x371.jpg 768w, https:\/\/kulturweit.blog\/picknickmitbaeren\/files\/2020\/11\/IMG-20201122-WA0056-624x302.jpg 624w, https:\/\/kulturweit.blog\/picknickmitbaeren\/files\/2020\/11\/IMG-20201122-WA0056.jpg 1024w\" sizes=\"(max-width: 300px) 100vw, 300px\" \/><\/a><\/p>\n<p>Die Aussicht erinnerte uns beinahe schon an den Ausblick aus einem Flugzeug und als wir ganz oben angekommen waren, wurden wir mit einem traumhaften Panorama \u00fcber die Karpatenz\u00fcge unserer Umgebung belohnt. Hier pausierten wir eine Weile und tranken mitgebrachten (Weihnachts-)Tee und a\u00dfen einige Pl\u00e4tzchen, bevor wir uns wieder an den Abstieg machten.<\/p>\n<p><a href=\"https:\/\/kulturweit.blog\/picknickmitbaeren\/files\/2020\/11\/20201122_160318-1.jpg\"><img loading=\"lazy\" decoding=\"async\" class=\"alignnone size-medium wp-image-36\" src=\"https:\/\/kulturweit.blog\/picknickmitbaeren\/files\/2020\/11\/20201122_160318-1-300x400.jpg\" alt=\"\" width=\"300\" height=\"400\" srcset=\"https:\/\/kulturweit.blog\/picknickmitbaeren\/files\/2020\/11\/20201122_160318-1-300x400.jpg 300w, https:\/\/kulturweit.blog\/picknickmitbaeren\/files\/2020\/11\/20201122_160318-1-624x832.jpg 624w, https:\/\/kulturweit.blog\/picknickmitbaeren\/files\/2020\/11\/20201122_160318-1.jpg 768w\" sizes=\"(max-width: 300px) 100vw, 300px\" \/><\/a><\/p>\n<p>Diese Einstimmung auf die anstehende Weihnachtszeit war wundersch\u00f6n und auch wenn der Schnee in der Innenstadt inzwischen nur noch vereinzelt auf D\u00e4chern liegt, hoffe ich doch sehr, dass wir sp\u00e4testens, wenn Jojo und ich erneut Schneeflocken basteln, wieder so eine sch\u00f6ne \u00dcberraschung erleben!<\/p>\n","protected":false},"excerpt":{"rendered":"<p>Da basteln Johanna und ich an einem Abend noch fr\u00f6hlich Schneeflocken, dekorieren unsere Wohnung feierlich und h\u00f6ren uns durch die Weihnachtshits der letzten 70 Jahre und schon hat sich Brasov am n\u00e4chsten Morgen ins Winter Wonderland verwandelt. Noch bevor unser w\u00f6chentlicher Sprachkurs beginnen konnte, sind wir nach drau\u00dfen, zur Promenade unter der Zinne, haben einen [&hellip;]<\/p>\n","protected":false},"author":2885,"featured_media":0,"comment_status":"open","ping_status":"open","sticky":false,"template":"","format":"standard","meta":{"footnotes":""},"categories":[576,21,341,563,114,565,581,585,182,299,65,70221],"tags":[],"class_list":["post-29","post","type-post","status-publish","format-standard","hentry","category-kulturweitblog","category-allgemein","category-ausflug","category-erlebnis","category-freiwillige","category-gastland","category-geschichte","category-gesellschaft","category-glaube","category-kulinarisch","category-kulturweit","category-mentalitaet"],"amp_enabled":true,"_links":{"self":[{"href":"https:\/\/kulturweit.blog\/picknickmitbaeren\/wp-json\/wp\/v2\/posts\/29"}],"collection":[{"href":"https:\/\/kulturweit.blog\/picknickmitbaeren\/wp-json\/wp\/v2\/posts"}],"about":[{"href":"https:\/\/kulturweit.blog\/picknickmitbaeren\/wp-json\/wp\/v2\/types\/post"}],"author":[{"embeddable":true,"href":"https:\/\/kulturweit.blog\/picknickmitbaeren\/wp-json\/wp\/v2\/users\/2885"}],"replies":[{"embeddable":true,"href":"https:\/\/kulturweit.blog\/picknickmitbaeren\/wp-json\/wp\/v2\/comments?post=29"}],"version-history":[{"count":3,"href":"https:\/\/kulturweit.blog\/picknickmitbaeren\/wp-json\/wp\/v2\/posts\/29\/revisions"}],"predecessor-version":[{"id":41,"href":"https:\/\/kulturweit.blog\/picknickmitbaeren\/wp-json\/wp\/v2\/posts\/29\/revisions\/41"}],"wp:attachment":[{"href":"https:\/\/kulturweit.blog\/picknickmitbaeren\/wp-json\/wp\/v2\/media?parent=29"}],"wp:term":[{"taxonomy":"category","embeddable":true,"href":"https:\/\/kulturweit.blog\/picknickmitbaeren\/wp-json\/wp\/v2\/categories?post=29"},{"taxonomy":"post_tag","embeddable":true,"href":"https:\/\/kulturweit.blog\/picknickmitbaeren\/wp-json\/wp\/v2\/tags?post=29"}],"curies":[{"name":"wp","href":"https:\/\/api.w.org\/{rel}","templated":true}]}}