{"id":280,"date":"2021-05-10T14:54:29","date_gmt":"2021-05-10T12:54:29","guid":{"rendered":"https:\/\/kulturweit.blog\/picknickmitbaeren\/?p=280"},"modified":"2021-06-25T17:53:44","modified_gmt":"2021-06-25T15:53:44","slug":"long-time-no-sea","status":"publish","type":"post","link":"https:\/\/kulturweit.blog\/picknickmitbaeren\/2021\/05\/10\/long-time-no-sea\/","title":{"rendered":"Long time no sea"},"content":{"rendered":"<p><em>~08.04.2021-10.04.2021<\/em><\/p>\n<p>Inzwischen weckt das Klingeln des fr\u00fchen Weckers eine gewisse Abenteuerlust.<\/p>\n<p>So auch, als Jojo und ich uns von Ia\u0219i aus am Donnerstagmorgen noch vor dem Sonnenaufgang auf den Weg zum Busbahnhof machten. Zusammen mit einer bunten Mischung weiterer Mitfahrer aller Altersgruppen ging es los. Unser erstes Ziel: Br\u0103ila. Hier mussten wir in einen weiteren Microbus umsteigen, um Tulcea zu erreichen. Das Busfahren hat etwas total meditatives. Die wundersch\u00f6ne Landschaft Rum\u00e4niens zieht drau\u00dfen vorbei, dabei wird man von schnellen \u00dcberholman\u00f6vern und unebenen Stra\u00dfenbedingungen in den Schlaf geschaukelt. Zum ersten Mal habe ich hier Windr\u00e4der in Rum\u00e4nien gesehen, die unsere Fahrt bis in die Hafenstadt Tulcea begleiteten. Dort angekommen legten wir eine entspannte Snackpause am Ufer der Donau ein, bekamen das Angebot beim Anstrich eines Brunnenbeckens mitzuhelfen, was wir dankend ablehnten und daraufhin in Richtung der Anleger liefen. Der Adrenalinspiegel stieg nochmal kurz, als wir um 13:30 feststellten, dass die F\u00e4hre nach Sulina gerade am ablegen war. Gn\u00e4digerweise wurde auf uns gewartet, als wir die letzten hundert Meter sprinteten und an Bord sprangen.<\/p>\n<p>Weiter ging es einen Hauptarm der Donau entlang in Richtung schwarzem Meer, wo sich am Flussufer die unterschiedlichsten Wasserv\u00f6gel tummelten. Zwischen dem Schilf an Land tauchte immer wieder der Kopf eines grasenden Wildpferdes auf und in den vereinzelten Ansiedlungen spielte ein scheinbar allt\u00e4gliches Dorfleben. Die Sonne wechselte sich mit bauschigen Haufenwolken ab, w\u00e4hrend der Fahrtwind \u00fcber das Au\u00dfendeck zog. Die dreist\u00fcndige Fahrt, bei der sich die Anzahl der Passagiere an jedem Stop ausd\u00fcnnte, bis praktisch nur noch wir, ein Vater mit Sohn und ein orthodoxer Priester \u00fcbrig geblieben sind, verging wie im Flug. Letzten Endes kamen wir in Sulina an, einer ehemals historisch bedeutenden Hafenstadt, an einer M\u00fcndung des Deltas ins Meer.<\/p>\n<p><a href=\"https:\/\/kulturweit.blog\/picknickmitbaeren\/files\/2021\/04\/photo5447637558361174331.jpg\"><img loading=\"lazy\" decoding=\"async\" class=\"alignnone size-medium wp-image-285\" src=\"https:\/\/kulturweit.blog\/picknickmitbaeren\/files\/2021\/04\/photo5447637558361174331-300x169.jpg\" alt=\"\" width=\"300\" height=\"169\" srcset=\"https:\/\/kulturweit.blog\/picknickmitbaeren\/files\/2021\/04\/photo5447637558361174331-300x169.jpg 300w, https:\/\/kulturweit.blog\/picknickmitbaeren\/files\/2021\/04\/photo5447637558361174331-1024x576.jpg 1024w, https:\/\/kulturweit.blog\/picknickmitbaeren\/files\/2021\/04\/photo5447637558361174331-768x432.jpg 768w, https:\/\/kulturweit.blog\/picknickmitbaeren\/files\/2021\/04\/photo5447637558361174331-624x351.jpg 624w, https:\/\/kulturweit.blog\/picknickmitbaeren\/files\/2021\/04\/photo5447637558361174331.jpg 1280w\" sizes=\"(max-width: 300px) 100vw, 300px\" \/><\/a><\/p>\n<p>Bevor wir den ersten Abstecher zum Meer machen konnten, trafen wir uns mit Cristi, dem Vermieter unseres AirBnB-Zimmers. Zusammen mit seiner Mutter lebt er als K\u00fcnstler praktisch sein ganzes Leben in Sulina und bezieht einen Gro\u00dfteil der Inspiration f\u00fcr seine Aquarelle aus der Natur in der Gegend. W\u00e4hrend eines Tees, um die K\u00e4lte der Fahrt wieder zu vertreiben, gab er uns einige n\u00fctzliche Besichtigungstipps im Ort und half uns bei der Planung der n\u00e4chsten Tage weiter. Sehr viel l\u00e4nger warteten wir dann auch nicht und machten uns auf den Weg zum Strand.\u00a0 Von der untergehenden Sonne begleitet liefen wir durch das sch\u00f6ne Fischer\u00f6rtchen, das gr\u00f6\u00dftenteils aus drei parallel zur Donau verlaufenden Stra\u00dfen besteht, die numerisch benannt wurden. Vorbei an einer gro\u00dfen orthodoxen Kirche, einem alten, verfallenen Leuchtturm und jeder Menge kleiner bauf\u00e4lliger H\u00e4uschen, kamen wir zun\u00e4chst zum gro\u00dfen Friedhof au\u00dferhalb des Dorfes.<\/p>\n<p>Laut unserem Vermieter sollen hier neben Piraten, reichlich Deutschen auch eine Prinzessin beerdigt worden sein. Abgesehen vom sehr deutsch klingenden Heinrich fanden wir die \u00fcbrigen aber leider nicht. Daf\u00fcr begegnete uns ein neugieriges Wildpferd und K\u00fche als wir auf einem abenteuerlich morschen Holzsteg zum Strand weiter liefen.<\/p>\n<p><a href=\"https:\/\/kulturweit.blog\/picknickmitbaeren\/files\/2021\/04\/photo5447637558361174333.jpg\"><img loading=\"lazy\" decoding=\"async\" class=\"alignnone size-medium wp-image-283\" src=\"https:\/\/kulturweit.blog\/picknickmitbaeren\/files\/2021\/04\/photo5447637558361174333-300x400.jpg\" alt=\"\" width=\"300\" height=\"400\" srcset=\"https:\/\/kulturweit.blog\/picknickmitbaeren\/files\/2021\/04\/photo5447637558361174333-300x400.jpg 300w, https:\/\/kulturweit.blog\/picknickmitbaeren\/files\/2021\/04\/photo5447637558361174333-624x832.jpg 624w, https:\/\/kulturweit.blog\/picknickmitbaeren\/files\/2021\/04\/photo5447637558361174333.jpg 768w\" sizes=\"(max-width: 300px) 100vw, 300px\" \/><\/a><a href=\"https:\/\/kulturweit.blog\/picknickmitbaeren\/files\/2021\/04\/photo5447637558361174335.jpg\"><img loading=\"lazy\" decoding=\"async\" class=\"alignnone size-medium wp-image-281\" src=\"https:\/\/kulturweit.blog\/picknickmitbaeren\/files\/2021\/04\/photo5447637558361174335-300x400.jpg\" alt=\"\" width=\"300\" height=\"400\" srcset=\"https:\/\/kulturweit.blog\/picknickmitbaeren\/files\/2021\/04\/photo5447637558361174335-300x400.jpg 300w, https:\/\/kulturweit.blog\/picknickmitbaeren\/files\/2021\/04\/photo5447637558361174335-768x1024.jpg 768w, https:\/\/kulturweit.blog\/picknickmitbaeren\/files\/2021\/04\/photo5447637558361174335-624x832.jpg 624w, https:\/\/kulturweit.blog\/picknickmitbaeren\/files\/2021\/04\/photo5447637558361174335.jpg 960w\" sizes=\"(max-width: 300px) 100vw, 300px\" \/><\/a><\/p>\n<p>Endlich am schwarzen Meer anzukommen war dann erstmal \u00fcberw\u00e4ltigend. Das Meer war nahezu spiegelglatt und die vereinzelten Wolken am Himmel wurden vom Sonnenuntergang in einem sanften Lila gef\u00e4rbt. Wir freuten uns wie kleine Kinder, den langen Sandstrand f\u00fcr uns zu haben und konnten kaum glauben, nach der langen Anreise angekommen zu sein.<\/p>\n<div id=\"attachment_299\" style=\"width: 310px\" class=\"wp-caption alignnone\"><a href=\"https:\/\/kulturweit.blog\/picknickmitbaeren\/files\/2021\/04\/photo5454334572016809123.jpg\"><img loading=\"lazy\" decoding=\"async\" aria-describedby=\"caption-attachment-299\" class=\"wp-image-299 size-medium\" src=\"https:\/\/kulturweit.blog\/picknickmitbaeren\/files\/2021\/04\/photo5454334572016809123-300x225.jpg\" alt=\"\" width=\"300\" height=\"225\" srcset=\"https:\/\/kulturweit.blog\/picknickmitbaeren\/files\/2021\/04\/photo5454334572016809123-300x225.jpg 300w, https:\/\/kulturweit.blog\/picknickmitbaeren\/files\/2021\/04\/photo5454334572016809123-1024x768.jpg 1024w, https:\/\/kulturweit.blog\/picknickmitbaeren\/files\/2021\/04\/photo5454334572016809123-768x576.jpg 768w, https:\/\/kulturweit.blog\/picknickmitbaeren\/files\/2021\/04\/photo5454334572016809123-624x468.jpg 624w, https:\/\/kulturweit.blog\/picknickmitbaeren\/files\/2021\/04\/photo5454334572016809123.jpg 1280w\" sizes=\"(max-width: 300px) 100vw, 300px\" \/><\/a><p id=\"caption-attachment-299\" class=\"wp-caption-text\">Endlich am schwarzen Meer angekommen und \u00fcbergl\u00fccklich mal wieder Seeeluft zu schnuppern&#8230;<\/p><\/div>\n<p>Auf dem R\u00fcckweg kauften wir noch ein, um dann in der Wohnung ein paar Nudeln kochen zu k\u00f6nnen. Die Mutter unseres Vermieters hatten wir nur fl\u00fcchtig kennengelernt, doch die alte Dame h\u00f6rte unheimlich schlecht, wodurch die Seifenopern, die sie in einem Fort schaute, durch die ganze Wohnung schallten und best\u00e4tigten, dass sie zuhause war. Im Wohnzimmer hingen ansonsten jede Menge Bilder von Christi, die Szenen vom Hafen Sulinas und des Deltas zeigten. Cristi selbst trafen wir erst wieder, als er mit seinem, von der Stra\u00dfe adoptierten Hund, Bobo, nach Hause kam und uns auf eine Runde <span class=\"aCOpRe\"> \u021auic\u0103<\/span> einlud. Gemeinsam sa\u00dfen wir dann noch bis sp\u00e4t in die Nacht im Wohnzimmer zusammen, haben Musik geh\u00f6rt und fast schon einen kleinen Kreativworkshop bekommen, da wir zusammen zeichneten und Eindr\u00fccke festhielten.<\/p>\n<div id=\"attachment_286\" style=\"width: 310px\" class=\"wp-caption alignnone\"><a href=\"https:\/\/kulturweit.blog\/picknickmitbaeren\/files\/2021\/04\/photo5447637558361174330.jpg\"><img loading=\"lazy\" decoding=\"async\" aria-describedby=\"caption-attachment-286\" class=\"wp-image-286 size-medium\" src=\"https:\/\/kulturweit.blog\/picknickmitbaeren\/files\/2021\/04\/photo5447637558361174330-300x403.jpg\" alt=\"\" width=\"300\" height=\"403\" srcset=\"https:\/\/kulturweit.blog\/picknickmitbaeren\/files\/2021\/04\/photo5447637558361174330-300x403.jpg 300w, https:\/\/kulturweit.blog\/picknickmitbaeren\/files\/2021\/04\/photo5447637558361174330-762x1024.jpg 762w, https:\/\/kulturweit.blog\/picknickmitbaeren\/files\/2021\/04\/photo5447637558361174330-768x1033.jpg 768w, https:\/\/kulturweit.blog\/picknickmitbaeren\/files\/2021\/04\/photo5447637558361174330-624x839.jpg 624w, https:\/\/kulturweit.blog\/picknickmitbaeren\/files\/2021\/04\/photo5447637558361174330.jpg 952w\" sizes=\"(max-width: 300px) 100vw, 300px\" \/><\/a><p id=\"caption-attachment-286\" class=\"wp-caption-text\">Bei seinem Selbstportrait hat Cristi sich tats\u00e4chlich ziemlich gut selbst getroffen, das obwohl kein SPiegel in der N\u00e4he war.<\/p><\/div>\n<p>Ein sehr inspirierender Abend, bei dem wir viel \u00fcber sein Leben als K\u00fcnstler und den Alltag im Delta erfahren haben. Ganz stereotypisch f\u00fcr seine Berufswahl hat er seinen K\u00fcchentisch nach dem Trommelklang ausgew\u00e4hlt, rauchte seine selbstgedrehten Zigaretten in Kette und zerst\u00f6rt gerne mal die eigene Kunst, um etwas genialeres daraus zu schaffen. Im Mai hat er eine Ausstellung in Bukarest, bei der wir nun mit Sicherheit mal vorbei schauen werden und am Ende des Abends hat er uns sogar zwei seiner traumhaft sch\u00f6nen Blumenaquarelle geschenkt.<\/p>\n<p>Ziemlich geschafft schliefen wir dann auch ein und starteten am n\u00e4chsten Morgen gleich mit unserem Strandtag durch. Von den frostigen Temperaturen lie\u00dfen wir uns nicht abhalten suchten uns einen windgesch\u00fctzten Ort in den D\u00fcnen, um Sonne zu tanken. Dabei wurden drei Hunde unsere Begleiter, die uns ab dem Ortsende begleitet hatten und nun immer wieder einforderten, gestreichelt zu werden. Nach unserem kleinen Picknick hatte die Sonne es schwer, durch die bauschigen Wolken zu kommen, weshalb wir uns auf den Weg zu einem Spaziergang machen. Der kilometerweite Strand hat mich ein bisschen an Vergleichbares der deutschen Ostseestr\u00e4nde erinnert, genauso wie die Temperaturen.<\/p>\n<p>Unser urspr\u00fcngliches Vorhaben war es, schwimmen zu gehen, was in der Realit\u00e4t ganz schnell verworfen wurde. Statdessen zogen wir alles an, was wir mitgebracht hatten und liefen \u00e4hnlich gut ausgestatten, wie zu einer Marsxpedition, zur M\u00fcndung der Donau ins schwarze Meer.<\/p>\n<p><a href=\"https:\/\/kulturweit.blog\/picknickmitbaeren\/files\/2021\/04\/photo5454334572016809108.jpg\"><img loading=\"lazy\" decoding=\"async\" class=\"alignnone size-medium wp-image-293\" src=\"https:\/\/kulturweit.blog\/picknickmitbaeren\/files\/2021\/04\/photo5454334572016809108-300x225.jpg\" alt=\"\" width=\"300\" height=\"225\" srcset=\"https:\/\/kulturweit.blog\/picknickmitbaeren\/files\/2021\/04\/photo5454334572016809108-300x225.jpg 300w, https:\/\/kulturweit.blog\/picknickmitbaeren\/files\/2021\/04\/photo5454334572016809108-768x576.jpg 768w, https:\/\/kulturweit.blog\/picknickmitbaeren\/files\/2021\/04\/photo5454334572016809108-624x468.jpg 624w, https:\/\/kulturweit.blog\/picknickmitbaeren\/files\/2021\/04\/photo5454334572016809108.jpg 1024w\" sizes=\"(max-width: 300px) 100vw, 300px\" \/><\/a><\/p>\n<div id=\"attachment_289\" style=\"width: 301px\" class=\"wp-caption alignnone\"><a href=\"https:\/\/kulturweit.blog\/picknickmitbaeren\/files\/2021\/04\/photo5452082772203123408.jpg\"><img loading=\"lazy\" decoding=\"async\" aria-describedby=\"caption-attachment-289\" class=\"wp-image-289 size-medium\" src=\"https:\/\/kulturweit.blog\/picknickmitbaeren\/files\/2021\/04\/photo5452082772203123408-291x600.jpg\" alt=\"\" width=\"291\" height=\"600\" srcset=\"https:\/\/kulturweit.blog\/picknickmitbaeren\/files\/2021\/04\/photo5452082772203123408-291x600.jpg 291w, https:\/\/kulturweit.blog\/picknickmitbaeren\/files\/2021\/04\/photo5452082772203123408-496x1024.jpg 496w, https:\/\/kulturweit.blog\/picknickmitbaeren\/files\/2021\/04\/photo5452082772203123408.jpg 620w\" sizes=\"(max-width: 291px) 100vw, 291px\" \/><\/a><p id=\"caption-attachment-289\" class=\"wp-caption-text\">Ich denke man kann erahnen, wie kalt es tats\u00e4chlich gewesen ist&#8230; Im Hintergrund einer unserer neuen Freunde.<\/p><\/div>\n<p><a href=\"https:\/\/kulturweit.blog\/picknickmitbaeren\/files\/2021\/04\/photo5454334572016809122.jpg\"><img loading=\"lazy\" decoding=\"async\" class=\"alignnone size-medium wp-image-300\" src=\"https:\/\/kulturweit.blog\/picknickmitbaeren\/files\/2021\/04\/photo5454334572016809122-300x145.jpg\" alt=\"\" width=\"300\" height=\"145\" srcset=\"https:\/\/kulturweit.blog\/picknickmitbaeren\/files\/2021\/04\/photo5454334572016809122-300x145.jpg 300w, https:\/\/kulturweit.blog\/picknickmitbaeren\/files\/2021\/04\/photo5454334572016809122-1024x496.jpg 1024w, https:\/\/kulturweit.blog\/picknickmitbaeren\/files\/2021\/04\/photo5454334572016809122-768x372.jpg 768w, https:\/\/kulturweit.blog\/picknickmitbaeren\/files\/2021\/04\/photo5454334572016809122-624x302.jpg 624w, https:\/\/kulturweit.blog\/picknickmitbaeren\/files\/2021\/04\/photo5454334572016809122.jpg 1280w\" sizes=\"(max-width: 300px) 100vw, 300px\" \/><\/a><\/p>\n<p>Mit von der Partie, nat\u00fcrlich die drei Hunde, schnell zu Zeus, Hades und Poseidon getauft, begleiteten uns den ganzen Weg. \u00dcberall lagen gro\u00dfe, gewundene Muscheln, teils noch mit Bewohner am Strand und eine Gruppe Wildpferde gallopierte vom Wasser in die D\u00fcnen, als sich unsere f\u00fcnfer Truppe n\u00e4herte. Wir hatten den kompletten Nachmittag Zeit zum genie\u00dfen der menschenleeren Gegend. Erst am Abend kamen wir zur\u00fcck in unser AirBnb, wo die Mutter von Cristi uns mit einem selbstgekochten, typischen Fischgericht \u00fcberraschte und sich beim Essen zu uns gesellte.<\/p>\n<p>Von so viel Gastfreundschaft \u00fcberw\u00e4lltigt, plauderten wir eine ganze Weile mit ihr, was vermutlich mehr gebracht hat, als unser anschlie\u00dfender Sprachkurs. Sie selbst hat sehr deutlich und laut gesprochen, nicht zuletzt, um sich selbst zu h\u00f6ren, wodurch wie sie gut verstehen konnten. Alles \u00fcbrige erschlossen wir uns aus ihren wilden Gestiken, den tiefen Stirnfalten und emp\u00f6rten Ausrufen, als sie \u00fcber internationale Politik sprach, immer wieder Namen wie Merkel oder Johannis einwerfend. Die sonst so gem\u00e4chliche Dame sprang dann hin und wieder vom Sofa auf, um sich noch besser ausdr\u00fccken zu k\u00f6nnen, wurde aber auf der anderen Seite fast schon vertr\u00e4umt, als sie \u00fcber ihre andere Tochter in Italien und Enkelkinder sprach. Aus Angst vor dem Fliegen berichtete sie uns, sei sie selbst auch immer sehr viel Zug gefahren und habe \u00e4hnlich wie wir gerne mal Tage mit Reisen verbracht.<\/p>\n<p>Fast schon komisch, die Wohnung am n\u00e4chsten Tag zu verlassen, um das Boot nach Tulcea zu erreichen. Ich hatte mich in der kurzen Zeit schon so sehr an Cristi und seine Mutter gew\u00f6hnt&#8230;<\/p>\n<p>Umso sch\u00f6ner war es, dass wir am Morgen von einem ungetr\u00fcbten Sonnenaufgang am Steg \u00fcberrascht wurden und mit der steigenden, kr\u00e4ftigen Sonne im Nacken, per Speedboot losfuhren. In den letzten Tagen waren die Pelikane wieder ins Delta zur\u00fcck gekehrt, weshalb wir einige der Tiere sehen konnten, die die fr\u00fchen Morgenstunden genossen. Die Fahrt dauerte immerhin auch nicht mehr so ewig, wie die F\u00e4hre auf dem Hinweg, weshalb wir nach nur eineinhalb Stunden die gro\u00dfe Hafenstadt erreichten.\u00a0 Die obligatorischen und wahrscheinlich besten Covrigi Rum\u00e4niens gab es nat\u00fcrlich gleich wieder zum Fr\u00fchst\u00fcck.<\/p>\n<div id=\"attachment_291\" style=\"width: 310px\" class=\"wp-caption alignnone\"><a href=\"https:\/\/kulturweit.blog\/picknickmitbaeren\/files\/2021\/04\/photo5454334572016809105.jpg\"><img loading=\"lazy\" decoding=\"async\" aria-describedby=\"caption-attachment-291\" class=\"wp-image-291 size-medium\" src=\"https:\/\/kulturweit.blog\/picknickmitbaeren\/files\/2021\/04\/photo5454334572016809105-300x225.jpg\" alt=\"\" width=\"300\" height=\"225\" srcset=\"https:\/\/kulturweit.blog\/picknickmitbaeren\/files\/2021\/04\/photo5454334572016809105-300x225.jpg 300w, https:\/\/kulturweit.blog\/picknickmitbaeren\/files\/2021\/04\/photo5454334572016809105-1024x768.jpg 1024w, https:\/\/kulturweit.blog\/picknickmitbaeren\/files\/2021\/04\/photo5454334572016809105-768x576.jpg 768w, https:\/\/kulturweit.blog\/picknickmitbaeren\/files\/2021\/04\/photo5454334572016809105-624x468.jpg 624w, https:\/\/kulturweit.blog\/picknickmitbaeren\/files\/2021\/04\/photo5454334572016809105.jpg 1280w\" sizes=\"(max-width: 300px) 100vw, 300px\" \/><\/a><p id=\"caption-attachment-291\" class=\"wp-caption-text\">Die aufgehende Sonne in Sulina. Cristis Hund Bobo begleitete uns noch bis wir im Boot sa\u00dfen und los fuhren.<\/p><\/div>\n<div id=\"attachment_292\" style=\"width: 310px\" class=\"wp-caption alignnone\"><a href=\"https:\/\/kulturweit.blog\/picknickmitbaeren\/files\/2021\/04\/photo5454334572016809106.jpg\"><img loading=\"lazy\" decoding=\"async\" aria-describedby=\"caption-attachment-292\" class=\"wp-image-292 size-medium\" src=\"https:\/\/kulturweit.blog\/picknickmitbaeren\/files\/2021\/04\/photo5454334572016809106-300x400.jpg\" alt=\"\" width=\"300\" height=\"400\" srcset=\"https:\/\/kulturweit.blog\/picknickmitbaeren\/files\/2021\/04\/photo5454334572016809106-300x400.jpg 300w, https:\/\/kulturweit.blog\/picknickmitbaeren\/files\/2021\/04\/photo5454334572016809106-768x1024.jpg 768w, https:\/\/kulturweit.blog\/picknickmitbaeren\/files\/2021\/04\/photo5454334572016809106-624x832.jpg 624w, https:\/\/kulturweit.blog\/picknickmitbaeren\/files\/2021\/04\/photo5454334572016809106.jpg 960w\" sizes=\"(max-width: 300px) 100vw, 300px\" \/><\/a><p id=\"caption-attachment-292\" class=\"wp-caption-text\">Covrigi bekommt man hier an fast jeder Ecke. Dabei handelt es sich um einen Hefe-Sesam-Ring, der zu jeder Tages- und Nachtzeit passend ist. Allerdings war uns die Verkaufweise an einer Schnur auch neu, aber sehr praktisch.<\/p><\/div>\n<div id=\"attachment_294\" style=\"width: 310px\" class=\"wp-caption alignnone\"><a href=\"https:\/\/kulturweit.blog\/picknickmitbaeren\/files\/2021\/04\/photo5454334572016809109.jpg\"><img loading=\"lazy\" decoding=\"async\" aria-describedby=\"caption-attachment-294\" class=\"wp-image-294 size-medium\" src=\"https:\/\/kulturweit.blog\/picknickmitbaeren\/files\/2021\/04\/photo5454334572016809109-300x400.jpg\" alt=\"\" width=\"300\" height=\"400\" srcset=\"https:\/\/kulturweit.blog\/picknickmitbaeren\/files\/2021\/04\/photo5454334572016809109-300x400.jpg 300w, https:\/\/kulturweit.blog\/picknickmitbaeren\/files\/2021\/04\/photo5454334572016809109-624x832.jpg 624w, https:\/\/kulturweit.blog\/picknickmitbaeren\/files\/2021\/04\/photo5454334572016809109.jpg 768w\" sizes=\"(max-width: 300px) 100vw, 300px\" \/><\/a><p id=\"caption-attachment-294\" class=\"wp-caption-text\">Die Botschaft dieses M\u00fclleimers hat sich mir nicht so ganz erschlossen&#8230; Auf gehts, werfen wir dem freundlich l\u00e4chelndem Delphin doch unseren M\u00fcll in den Rachen?<\/p><\/div>\n<p>Jojo f\u00fchrte mich dann noch durch die Innenstadt Tulceas, da sie vor ein paar Monaten schonmal hier gewesen ist, und sich alles gut zu Fu\u00df erlaufen l\u00e4sst. Daraufhin trafen wir uns mit unserem BlablaCar-Fahrer Ionut und auf ging es nach Bukarest. Von hier aus hatten wir nur noch eine kurzweilige Zugfahrt vor uns, bis wir wohlbehalten abends, um einige Erlebnisse reicher, wieder in Brasov ankamen.<\/p>\n","protected":false},"excerpt":{"rendered":"<p>~08.04.2021-10.04.2021 Inzwischen weckt das Klingeln des fr\u00fchen Weckers eine gewisse Abenteuerlust. So auch, als Jojo und ich uns von Ia\u0219i aus am Donnerstagmorgen noch vor dem Sonnenaufgang auf den Weg zum Busbahnhof machten. Zusammen mit einer bunten Mischung weiterer Mitfahrer aller Altersgruppen ging es los. Unser erstes Ziel: Br\u0103ila. Hier mussten wir in einen weiteren [&hellip;]<\/p>\n","protected":false},"author":2885,"featured_media":0,"comment_status":"open","ping_status":"open","sticky":false,"template":"","format":"standard","meta":{"footnotes":""},"categories":[21],"tags":[],"class_list":["post-280","post","type-post","status-publish","format-standard","hentry","category-allgemein"],"amp_enabled":true,"_links":{"self":[{"href":"https:\/\/kulturweit.blog\/picknickmitbaeren\/wp-json\/wp\/v2\/posts\/280"}],"collection":[{"href":"https:\/\/kulturweit.blog\/picknickmitbaeren\/wp-json\/wp\/v2\/posts"}],"about":[{"href":"https:\/\/kulturweit.blog\/picknickmitbaeren\/wp-json\/wp\/v2\/types\/post"}],"author":[{"embeddable":true,"href":"https:\/\/kulturweit.blog\/picknickmitbaeren\/wp-json\/wp\/v2\/users\/2885"}],"replies":[{"embeddable":true,"href":"https:\/\/kulturweit.blog\/picknickmitbaeren\/wp-json\/wp\/v2\/comments?post=280"}],"version-history":[{"count":3,"href":"https:\/\/kulturweit.blog\/picknickmitbaeren\/wp-json\/wp\/v2\/posts\/280\/revisions"}],"predecessor-version":[{"id":503,"href":"https:\/\/kulturweit.blog\/picknickmitbaeren\/wp-json\/wp\/v2\/posts\/280\/revisions\/503"}],"wp:attachment":[{"href":"https:\/\/kulturweit.blog\/picknickmitbaeren\/wp-json\/wp\/v2\/media?parent=280"}],"wp:term":[{"taxonomy":"category","embeddable":true,"href":"https:\/\/kulturweit.blog\/picknickmitbaeren\/wp-json\/wp\/v2\/categories?post=280"},{"taxonomy":"post_tag","embeddable":true,"href":"https:\/\/kulturweit.blog\/picknickmitbaeren\/wp-json\/wp\/v2\/tags?post=280"}],"curies":[{"name":"wp","href":"https:\/\/api.w.org\/{rel}","templated":true}]}}